{"id":178968,"date":"2023-06-08T16:59:32","date_gmt":"2023-06-08T12:59:32","guid":{"rendered":""},"modified":"-0001-11-30T00:00:00","modified_gmt":"-0001-11-29T20:00:00","slug":"","status":"publish","type":"post","link":"https:\/\/ucnoqta.az\/?p=178968","title":{"rendered":"Medvedev Avropa v\u0259 AB\u015e-\u0131 hipers\u0259s z\u0259rb\u0259l\u0259ri il\u0259 h\u0259d\u0259l\u0259yib"},"content":{"rendered":"<p><strong>NATO qo\u015funlar\u0131n\u0131 Ukraynaya g&ouml;nd\u0259r\u0259rk\u0259n Avropa v\u0259 AB\u015e hipers\u0259s z\u0259rb\u0259l\u0259ri il\u0259 &uuml;zl\u0259\u015f\u0259c\u0259k<\/strong><\/p>\n<p>Ucnoqta.az x\u0259b\u0259r verir ki, bunu Rusiya T\u0259hl&uuml;k\u0259sizlik \u015euras\u0131n\u0131n s\u0259dr m&uuml;avini Dmitri Medvedev Teleqram kanal\u0131nda yaz\u0131b. O, NATO-nun ke&ccedil;mi\u015f ba\u015f katibi Anders Foq Rasmusseni Alyansa &uuml;zv olan b\u0259zi &ouml;lk\u0259l\u0259rin Kiyev\u0259 k&ouml;m\u0259k &uuml;&ccedil;&uuml;n &ouml;z nizami ordusunu g&ouml;nd\u0259r\u0259 bil\u0259c\u0259yini s&ouml;yl\u0259dikd\u0259n sonra onu &ldquo;&ccedil;ox a\u011f\u0131ll\u0131 adam&rdquo; adland\u0131r\u0131b.<\/p>\n<p>&ldquo;Yax\u015f\u0131, bu &ouml;lk\u0259l\u0259rin \u0259halisini soru\u015fdunuzmu? Onlardan hans\u0131 Rusiya il\u0259 m&uuml;harib\u0259 ist\u0259yir? Avropaya hipersonik z\u0259rb\u0259l\u0259r&nbsp;ist\u0259yirs\u0259n, el\u0259 deyilmi? B\u0259s Sem day\u0131 bu bar\u0259d\u0259 n\u0259 d&uuml;\u015f&uuml;n&uuml;r? Ax\u0131 bu, ona da t\u0259sir ed\u0259c\u0259k&rdquo;, &ndash; T\u015e s\u0259dr m&uuml;avini qeyd edib.<\/p>\n<p>\u0130yunun 8-d\u0259 NATO-nun ke&ccedil;mi\u015f ba\u015f katibi Rasmussen bildirib ki, alyans\u0131n qo\u015funlar\u0131 Ukrayna m&uuml;naqi\u015f\u0259sind\u0259 birba\u015fa i\u015ftirak ed\u0259 bil\u0259r. Onun s&ouml;zl\u0259rin\u0259 g&ouml;r\u0259, alyans\u0131n Viln&uuml;sd\u0259 ke&ccedil;iril\u0259c\u0259k sammitind\u0259 &ouml;lk\u0259y\u0259 t\u0259hl&uuml;k\u0259sizlik z\u0259man\u0259ti verilm\u0259s\u0259, bir qrup NATO &ouml;lk\u0259si Ukraynaya qo\u015fun yeritm\u0259k ist\u0259y\u0259 bil\u0259r.<\/p>\n","protected":false},"excerpt":{"rendered":"<p>NATO qo\u015funlar\u0131n\u0131 Ukraynaya g&ouml;nd\u0259r\u0259rk\u0259n Avropa v\u0259 AB\u015e hipers\u0259s z\u0259rb\u0259l\u0259ri il\u0259 &uuml;zl\u0259\u015f\u0259c\u0259k Ucnoqta.az x\u0259b\u0259r verir ki, bunu Rusiya T\u0259hl&uuml;k\u0259sizlik \u015euras\u0131n\u0131n s\u0259dr m&uuml;avini Dmitri Medvedev Teleqram kanal\u0131nda yaz\u0131b. O, NATO-nun ke&ccedil;mi\u015f ba\u015f&hellip;<\/p>\n","protected":false},"author":1,"featured_media":251278,"comment_status":"open","ping_status":"open","sticky":false,"template":"","format":"standard","meta":{"_lmt_disableupdate":"","_lmt_disable":"","footnotes":""},"categories":[89],"tags":[],"class_list":["post-178968","post","type-post","status-publish","format-standard","has-post-thumbnail","hentry","category-dunya-butun-xeberler"],"_links":{"self":[{"href":"https:\/\/ucnoqta.az\/index.php?rest_route=\/wp\/v2\/posts\/178968","targetHints":{"allow":["GET"]}}],"collection":[{"href":"https:\/\/ucnoqta.az\/index.php?rest_route=\/wp\/v2\/posts"}],"about":[{"href":"https:\/\/ucnoqta.az\/index.php?rest_route=\/wp\/v2\/types\/post"}],"author":[{"embeddable":true,"href":"https:\/\/ucnoqta.az\/index.php?rest_route=\/wp\/v2\/users\/1"}],"replies":[{"embeddable":true,"href":"https:\/\/ucnoqta.az\/index.php?rest_route=%2Fwp%2Fv2%2Fcomments&post=178968"}],"version-history":[{"count":0,"href":"https:\/\/ucnoqta.az\/index.php?rest_route=\/wp\/v2\/posts\/178968\/revisions"}],"wp:featuredmedia":[{"embeddable":true,"href":"https:\/\/ucnoqta.az\/index.php?rest_route=\/wp\/v2\/media\/251278"}],"wp:attachment":[{"href":"https:\/\/ucnoqta.az\/index.php?rest_route=%2Fwp%2Fv2%2Fmedia&parent=178968"}],"wp:term":[{"taxonomy":"category","embeddable":true,"href":"https:\/\/ucnoqta.az\/index.php?rest_route=%2Fwp%2Fv2%2Fcategories&post=178968"},{"taxonomy":"post_tag","embeddable":true,"href":"https:\/\/ucnoqta.az\/index.php?rest_route=%2Fwp%2Fv2%2Ftags&post=178968"}],"curies":[{"name":"wp","href":"https:\/\/api.w.org\/{rel}","templated":true}]}}