{"id":176215,"date":"2023-05-04T12:14:12","date_gmt":"2023-05-04T08:14:12","guid":{"rendered":""},"modified":"-0001-11-30T00:00:00","modified_gmt":"-0001-11-29T20:00:00","slug":"","status":"publish","type":"post","link":"https:\/\/ucnoqta.az\/?p=176215","title":{"rendered":"Suqovu\u015fanda \u201cPrezident kuboku-2023\u201d ba\u015flad\u0131"},"content":{"rendered":"<p>May\u0131n 4-d\u0259 Suqovu\u015fanda &Uuml;mummilli Lider Heyd\u0259r \u018fliyevin 100 illik yubileyin\u0259 h\u0259sr edilmi\u015f avar&ccedil;\u0259km\u0259 &uuml;zr\u0259 &ldquo;Prezident kuboku-2023&rdquo; turnirinin t\u0259nt\u0259n\u0259li a&ccedil;\u0131l\u0131\u015f m\u0259rasimi ke&ccedil;irilib.<\/p>\n<p>Ucnoqta.az&nbsp;x\u0259b\u0259r verir ki, \u0259vv\u0259lc\u0259 Az\u0259rbaycan\u0131n D&ouml;vl\u0259t himni s\u0259sl\u0259ndirilib.<\/p>\n<p>A&ccedil;\u0131l\u0131\u015f m\u0259rasimind\u0259 &ccedil;\u0131x\u0131\u015f ed\u0259n Az\u0259rbaycan Kanoe v\u0259 Avar&ccedil;\u0259km\u0259 Federasiyas\u0131n\u0131n prezidenti V&uuml;qar \u018fhm\u0259dov i\u015ftirak&ccedil;\u0131lar\u0131 salamlay\u0131b, &ldquo;Prezident kuboku-2023&rdquo; turniri haqq\u0131nda m\u0259lumat verib. Bildirib ki, reqatada 20-d\u0259k &ouml;lk\u0259d\u0259n idman&ccedil;\u0131lar yar\u0131\u015facaq. Yar\u0131\u015flar &Uuml;mummilli Lider Heyd\u0259r \u018fliyevin t\u0259\u015f\u0259bb&uuml;s&uuml; il\u0259 in\u015fa edil\u0259n Suqovu\u015fan su anbar\u0131nda ba\u015flay\u0131r. N&ouml;vb\u0259ti iki g&uuml;nd\u0259 reqata Ming\u0259&ccedil;evir \u015f\u0259h\u0259rind\u0259 ke&ccedil;iril\u0259c\u0259k. Ba\u011flan\u0131\u015f m\u0259rasimi may\u0131n 7-d\u0259 Bak\u0131 bulvar\u0131nda ba\u015f tutacaq.<\/p>\n<p>Qaraba\u011f iqtisadi rayonuna daxil olan i\u015f\u011faldan azad edilmi\u015f \u0259razil\u0259rd\u0259 (\u015eu\u015fa rayonu istisna olmaqla) Az\u0259rbaycan Respublikas\u0131 Prezidentinin x&uuml;susi n&uuml;may\u0259nd\u0259sinin m&uuml;avini B\u0259\u015fir Hac\u0131yev turnirin &ouml;n\u0259mini vur\u011fulayaraq deyib ki, 44 g&uuml;nl&uuml;k haqq sava\u015f\u0131m\u0131z, Ali Ba\u015f Komandan\u0131n r\u0259hb\u0259rliyi alt\u0131nda \u015f&uuml;ca\u0259tli ordumuzun 30 il d&uuml;\u015fm\u0259n tapda\u011f\u0131nda qalm\u0131\u015f torpaqlar\u0131m\u0131z\u0131 i\u015f\u011faldan azad etm\u0259si bizi h\u0259sr\u0259t qald\u0131\u011f\u0131m\u0131z b&ouml;lg\u0259l\u0259rimiz\u0259, havam\u0131za, suyumuza qovu\u015fdurdu:<\/p>\n<p>&ldquo;Biz bu g&uuml;n Qaraba\u011f\u0131m\u0131z\u0131n darmada\u011f\u0131n edilmi\u015f maddi-m\u0259n\u0259vi irsini, t\u0259bi\u0259tini yenid\u0259n b\u0259rpa edirik. Qaraba\u011fa h\u0259yat qay\u0131d\u0131r. \u0130\u015f\u011faldan azad edilmi\u015f torpaqlar\u0131m\u0131z art\u0131q bir s\u0131ra beyn\u0259lxalq v\u0259 &ouml;lk\u0259daxili &ouml;n\u0259mli t\u0259dbirl\u0259r\u0259 ev sahibliyi edir. H\u0259m m\u0259d\u0259ni layih\u0259l\u0259r, h\u0259m elmi konfranslar, h\u0259m d\u0259 idman yar\u0131\u015flar\u0131 kimi t\u0259dbirl\u0259ri buna misal &ccedil;\u0259k\u0259 bil\u0259rik. Bu, bir daha onu g&ouml;st\u0259rir ki, Az\u0259rbaycan xalq\u0131 yarad\u0131c\u0131, qurucu, s&uuml;lhp\u0259rv\u0259rdir. Biz qalib &ouml;lk\u0259nin v\u0259t\u0259nda\u015flar\u0131y\u0131q&rdquo;.<\/p>\n<p>Az\u0259rbaycan\u0131n g\u0259ncl\u0259r v\u0259 idman naziri F\u0259rid Qay\u0131bov &ldquo;Prezident kuboku-2023&rdquo; turnirinin ke&ccedil;irilm\u0259sinin &ouml;n\u0259mini vur\u011fulayaraq, deyib ki, art\u0131q 3-c&uuml; d\u0259f\u0259dir Suqovu\u015fana yar\u0131\u015f ke&ccedil;irm\u0259k &uuml;&ccedil;&uuml;n g\u0259lmi\u015fik:<\/p>\n<p>&ldquo;H\u0259r d\u0259f\u0259 bura g\u0259l\u0259n, yar\u0131\u015fda i\u015ftirak ed\u0259n xarici &ouml;lk\u0259l\u0259rin say\u0131 art\u0131r. B&uuml;t&uuml;n bu t\u0259\u015fkilat&ccedil;\u0131l\u0131q d&ouml;vl\u0259tin d\u0259st\u0259yi olmadan m&uuml;mk&uuml;n deyil. Bizim idman&ccedil;\u0131lar\u0131m\u0131z daim d&ouml;vl\u0259t ba\u015f&ccedil;\u0131m\u0131z \u0130lham \u018fliyevin v\u0259 birinci xan\u0131m Mehriban \u018fliyevan\u0131n diqq\u0259t v\u0259 qay\u011f\u0131s\u0131n\u0131 hiss edib. M\u0259n b&uuml;t&uuml;n idman&ccedil;\u0131lara u\u011furlar arzu edir\u0259m&rdquo;.<\/p>\n<p>Sonra reqataya start verilib.<\/p>\n<p>Turnirin birinci g&uuml;n&uuml;nd\u0259 yar\u0131\u015flar Suqovu\u015fanda ke&ccedil;iril\u0259c\u0259k. 20-d\u0259k &ouml;lk\u0259d\u0259n olan 100-d\u0259n &ccedil;ox yerli v\u0259 xarici avar&ccedil;\u0259k\u0259nin qat\u0131ld\u0131\u011f\u0131 turnird\u0259 idman&ccedil;\u0131lar Suqovu\u015fan su anbar\u0131nda kayak v\u0259 kanoe n&ouml;vl\u0259rind\u0259 m&uuml;bariz\u0259 apar\u0131rlar. Yar\u0131\u015flar\u0131n n&ouml;vb\u0259ti iki g&uuml;n&uuml;, 5-6 may tarixl\u0259rind\u0259 Ming\u0259&ccedil;evir &ldquo;K&uuml;r&rdquo; Olimpiya T\u0259dris-\u0130dman m\u0259rk\u0259zind\u0259 davam ed\u0259c\u0259k.<\/p>\n<p>May\u0131n 7-si &#8211; reqatan\u0131n ba\u011flan\u0131\u015f m\u0259rasimind\u0259 Bak\u0131 Bulvar\u0131nda, Su \u0130dman Saray\u0131n\u0131n yax\u0131nl\u0131\u011f\u0131nda, d\u0259niz k\u0259nar\u0131nda ke&ccedil;iril\u0259c\u0259k m&uuml;kafatland\u0131rma m\u0259rasimi il\u0259 yana\u015f\u0131, paytaxt sakinl\u0259rini m&ouml;ht\u0259\u015f\u0259m \u015fou proqram g&ouml;zl\u0259yir. B\u0259dii hiss\u0259d\u0259 3D effektli lazer \u015fou, tan\u0131nm\u0131\u015f r\u0259qs qruplar\u0131n\u0131n &ccedil;\u0131x\u0131\u015f\u0131, xalq artisti Miri Yusifin solo ifas\u0131 v\u0259 m&ouml;ht\u0259\u015f\u0259m at\u0259\u015ff\u0259\u015fanl\u0131q tama\u015fa&ccedil;\u0131lara \u0259sl bayram ab-havas\u0131 ya\u015fadacaq.<\/p>\n","protected":false},"excerpt":{"rendered":"<p>May\u0131n 4-d\u0259 Suqovu\u015fanda &Uuml;mummilli Lider Heyd\u0259r \u018fliyevin 100 illik yubileyin\u0259 h\u0259sr edilmi\u015f avar&ccedil;\u0259km\u0259 &uuml;zr\u0259 &ldquo;Prezident kuboku-2023&rdquo; turnirinin t\u0259nt\u0259n\u0259li a&ccedil;\u0131l\u0131\u015f m\u0259rasimi ke&ccedil;irilib. Ucnoqta.az&nbsp;x\u0259b\u0259r verir ki, \u0259vv\u0259lc\u0259 Az\u0259rbaycan\u0131n D&ouml;vl\u0259t himni s\u0259sl\u0259ndirilib. A&ccedil;\u0131l\u0131\u015f&hellip;<\/p>\n","protected":false},"author":1,"featured_media":251278,"comment_status":"open","ping_status":"open","sticky":false,"template":"","format":"standard","meta":{"_lmt_disableupdate":"","_lmt_disable":"","footnotes":""},"categories":[],"tags":[],"class_list":["post-176215","post","type-post","status-publish","format-standard","has-post-thumbnail","hentry"],"_links":{"self":[{"href":"https:\/\/ucnoqta.az\/index.php?rest_route=\/wp\/v2\/posts\/176215","targetHints":{"allow":["GET"]}}],"collection":[{"href":"https:\/\/ucnoqta.az\/index.php?rest_route=\/wp\/v2\/posts"}],"about":[{"href":"https:\/\/ucnoqta.az\/index.php?rest_route=\/wp\/v2\/types\/post"}],"author":[{"embeddable":true,"href":"https:\/\/ucnoqta.az\/index.php?rest_route=\/wp\/v2\/users\/1"}],"replies":[{"embeddable":true,"href":"https:\/\/ucnoqta.az\/index.php?rest_route=%2Fwp%2Fv2%2Fcomments&post=176215"}],"version-history":[{"count":0,"href":"https:\/\/ucnoqta.az\/index.php?rest_route=\/wp\/v2\/posts\/176215\/revisions"}],"wp:featuredmedia":[{"embeddable":true,"href":"https:\/\/ucnoqta.az\/index.php?rest_route=\/wp\/v2\/media\/251278"}],"wp:attachment":[{"href":"https:\/\/ucnoqta.az\/index.php?rest_route=%2Fwp%2Fv2%2Fmedia&parent=176215"}],"wp:term":[{"taxonomy":"category","embeddable":true,"href":"https:\/\/ucnoqta.az\/index.php?rest_route=%2Fwp%2Fv2%2Fcategories&post=176215"},{"taxonomy":"post_tag","embeddable":true,"href":"https:\/\/ucnoqta.az\/index.php?rest_route=%2Fwp%2Fv2%2Ftags&post=176215"}],"curies":[{"name":"wp","href":"https:\/\/api.w.org\/{rel}","templated":true}]}}