{"id":176199,"date":"2023-05-04T10:00:20","date_gmt":"2023-05-04T06:00:20","guid":{"rendered":""},"modified":"-0001-11-30T00:00:00","modified_gmt":"-0001-11-29T20:00:00","slug":"","status":"publish","type":"post","link":"https:\/\/ucnoqta.az\/?p=176199","title":{"rendered":"BNA-n\u0131n yazd\u0131\u011f\u0131 hans\u0131 c\u0259rim\u0259l\u0259r qanunsuzdur? &#8211;"},"content":{"rendered":"<p><strong>Bak\u0131 N\u0259qliyyat Agentliyi t\u0259r\u0259find\u0259n s&uuml;r&uuml;c&uuml;l\u0259r\u0259 yaz\u0131lm\u0131\u015f c\u0259rim\u0259l\u0259r qanunsuzdur.<\/strong><\/p>\n<p>Xezerxeber.az-\u0131n m\u0259lumat\u0131na g&ouml;r\u0259, s&ouml;hb\u0259t kameralar vasit\u0259si il\u0259 yaz\u0131lan c\u0259rim\u0259l\u0259rd\u0259n gedir.<\/p>\n<p>N\u0259qliyyat eksperti Elm\u0259ddin Muradl\u0131 bildirib ki, kameralar vasit\u0259si il\u0259 c\u0259rim\u0259l\u0259rin yaz\u0131lmas\u0131 t\u0259xmin\u0259n bir ayd\u0131r q&uuml;vv\u0259y\u0259 minib.<\/p>\n<p>&ldquo;Bu s\u0259b\u0259bd\u0259n d\u0259 BNA-n\u0131n son bir aya kimi yazd\u0131\u011f\u0131 c\u0259rim\u0259l\u0259rin he&ccedil; bir qanuni \u0259sas\u0131 yoxdur&rdquo;.<\/p>\n<p>N\u0259qliyyat eskperti qeyd edib ki, haz\u0131rda bu c\u0259rim\u0259l\u0259rd\u0259n problem ya\u015fayan y&uuml;zminl\u0259rl\u0259 s&uuml;r&uuml;c&uuml; var. Onlar ist\u0259r avtomobilin alq\u0131-satq\u0131s\u0131, ist\u0259rs\u0259 d\u0259 texniki bax\u0131\u015f zaman\u0131 bu c\u0259rim\u0259l\u0259ri &ouml;d\u0259m\u0259k m\u0259cburiyy\u0259tind\u0259 qal\u0131rlar.<\/p>\n<p>&nbsp;<\/p>\n<p><iframe allow=\"accelerometer; autoplay; clipboard-write; encrypted-media; gyroscope; picture-in-picture; web-share\" allowfullscreen=\"\" frameborder=\"0\" height=\"315\" src=\"https:\/\/www.youtube.com\/embed\/F4gGxrO7lBM\" title=\"YouTube video player\" width=\"560\"><\/iframe><\/p>\n","protected":false},"excerpt":{"rendered":"<p>Bak\u0131 N\u0259qliyyat Agentliyi t\u0259r\u0259find\u0259n s&uuml;r&uuml;c&uuml;l\u0259r\u0259 yaz\u0131lm\u0131\u015f c\u0259rim\u0259l\u0259r qanunsuzdur. Xezerxeber.az-\u0131n m\u0259lumat\u0131na g&ouml;r\u0259, s&ouml;hb\u0259t kameralar vasit\u0259si il\u0259 yaz\u0131lan c\u0259rim\u0259l\u0259rd\u0259n gedir. N\u0259qliyyat eksperti Elm\u0259ddin Muradl\u0131 bildirib ki, kameralar vasit\u0259si il\u0259 c\u0259rim\u0259l\u0259rin yaz\u0131lmas\u0131 t\u0259xmin\u0259n&hellip;<\/p>\n","protected":false},"author":1,"featured_media":251278,"comment_status":"open","ping_status":"open","sticky":false,"template":"","format":"standard","meta":{"_lmt_disableupdate":"","_lmt_disable":"","footnotes":""},"categories":[101],"tags":[],"class_list":["post-176199","post","type-post","status-publish","format-standard","has-post-thumbnail","hentry","category-cemiyyet"],"_links":{"self":[{"href":"https:\/\/ucnoqta.az\/index.php?rest_route=\/wp\/v2\/posts\/176199","targetHints":{"allow":["GET"]}}],"collection":[{"href":"https:\/\/ucnoqta.az\/index.php?rest_route=\/wp\/v2\/posts"}],"about":[{"href":"https:\/\/ucnoqta.az\/index.php?rest_route=\/wp\/v2\/types\/post"}],"author":[{"embeddable":true,"href":"https:\/\/ucnoqta.az\/index.php?rest_route=\/wp\/v2\/users\/1"}],"replies":[{"embeddable":true,"href":"https:\/\/ucnoqta.az\/index.php?rest_route=%2Fwp%2Fv2%2Fcomments&post=176199"}],"version-history":[{"count":0,"href":"https:\/\/ucnoqta.az\/index.php?rest_route=\/wp\/v2\/posts\/176199\/revisions"}],"wp:featuredmedia":[{"embeddable":true,"href":"https:\/\/ucnoqta.az\/index.php?rest_route=\/wp\/v2\/media\/251278"}],"wp:attachment":[{"href":"https:\/\/ucnoqta.az\/index.php?rest_route=%2Fwp%2Fv2%2Fmedia&parent=176199"}],"wp:term":[{"taxonomy":"category","embeddable":true,"href":"https:\/\/ucnoqta.az\/index.php?rest_route=%2Fwp%2Fv2%2Fcategories&post=176199"},{"taxonomy":"post_tag","embeddable":true,"href":"https:\/\/ucnoqta.az\/index.php?rest_route=%2Fwp%2Fv2%2Ftags&post=176199"}],"curies":[{"name":"wp","href":"https:\/\/api.w.org\/{rel}","templated":true}]}}