{"id":176196,"date":"2023-05-04T09:37:04","date_gmt":"2023-05-04T05:37:04","guid":{"rendered":""},"modified":"-0001-11-30T00:00:00","modified_gmt":"-0001-11-29T20:00:00","slug":"","status":"publish","type":"post","link":"https:\/\/ucnoqta.az\/?p=176196","title":{"rendered":"M\u0259hk\u0259m\u0259d\u0259n qohumunu qay\u00e7\u0131 il\u0259 \u00f6ld\u00fcr\u0259r\u0259k quyuya atan \u015f\u0259xsl\u0259rl\u0259 ba\u011fl\u0131"},"content":{"rendered":"<p><strong>Ali M\u0259hk\u0259m\u0259d\u0259 q\u0259tl t&ouml;r\u0259tm\u0259kd\u0259 ittiham edil\u0259n S\u0259buhi \u018fl\u0259kb\u0259rov v\u0259 R\u0259\u015fad F\u0259tullayevin bar\u0259sind\u0259ki h&ouml;kmd\u0259n veril\u0259n kassasiya \u015fikay\u0259ti &uuml;zr\u0259 m\u0259hk\u0259m\u0259 iclas\u0131 ke&ccedil;irilib.<\/strong><\/p>\n<p>Pravda.az-\u0131n \u0259ld\u0259 etdiyi m\u0259lumata g&ouml;r\u0259, hakim Nazim M&ouml;vs&uuml;movun s\u0259drliyi il\u0259 ke&ccedil;iril\u0259n prosesd\u0259 bildirilib ki, t\u0259qsirl\u0259ndiril\u0259n \u015f\u0259xsl\u0259r \u015fikay\u0259tl\u0259rini geri g&ouml;t&uuml;r&uuml;bl\u0259r.<\/p>\n<p>Bu s\u0259b\u0259bd\u0259n h\u0259r iki \u015f\u0259xs t\u0259r\u0259find\u0259n verilmi\u015f kassasiya \u015fikay\u0259tinin geri qaytar\u0131lmas\u0131 bar\u0259d\u0259 q\u0259rar &ccedil;\u0131xar\u0131l\u0131b.<\/p>\n<p>Bak\u0131 A\u011f\u0131r Cinay\u0259tl\u0259r M\u0259hk\u0259m\u0259sinin h&ouml;km&uuml;n\u0259 \u0259sas\u0259n, onlar 17 il m&uuml;dd\u0259tin\u0259 azadl\u0131qdan m\u0259hrum edilibl\u0259r.<\/p>\n<p>Qeyd: Bil\u0259c\u0259ri q\u0259s\u0259b\u0259 sakini &Ccedil;i&ccedil;\u0259k \u018fsg\u0259rova polis\u0259 m&uuml;raci\u0259t ed\u0259r\u0259k h\u0259yat yolda\u015f\u0131 Elvin H\u0259bibzad\u0259nin &ouml;z&uuml;n\u0259 m\u0259xsus &ldquo;BMW&rdquo; markal\u0131 avtomobill\u0259 evd\u0259n &ccedil;\u0131x\u0131b getdiyini v\u0259 geri qay\u0131tmad\u0131\u011f\u0131n\u0131 bildirib.<\/p>\n<p>Ara\u015fd\u0131rmalar zaman\u0131 E.H\u0259bibzad\u0259y\u0259 m\u0259xsus avtomobil Qarada\u011f rayonunun Q\u0131z\u0131lda\u015f q\u0259s\u0259b\u0259sind\u0259 tap\u0131l\u0131b v\u0259 n\u0259qliyyat vasit\u0259sin\u0259 bax\u0131\u015f ke&ccedil;iril\u0259rk\u0259n salonda qan izl\u0259ri a\u015fkar edilib.<\/p>\n<p>10 g&uuml;n sonra is\u0259 E.H\u0259bibzad\u0259nin &uuml;z\u0259rind\u0259 zorak\u0131l\u0131q \u0259lam\u0259tl\u0259ri olan meyit T&uuml;rkan q\u0259s\u0259b\u0259sind\u0259ki evl\u0259rd\u0259n birinin su quyusundan tap\u0131l\u0131b.<\/p>\n<p>M&uuml;\u0259yy\u0259n edilib ki, S.\u018fl\u0259kb\u0259rov yax\u0131n qohumu R.F\u0259tullayevl\u0259 qabaqcadan cinay\u0259t \u0259laq\u0259sin\u0259 gir\u0259r\u0259k ail\u0259-m\u0259i\u015f\u0259t z\u0259minind\u0259 yaranm\u0131\u015f m&uuml;bahis\u0259ni h\u0259ll etm\u0259k m\u0259qs\u0259dil\u0259 E.H\u0259bibzad\u0259nin idar\u0259 etdiyi &ldquo;BMW&rdquo; markal\u0131 avtoma\u015f\u0131nla oktyabr\u0131n 15-d\u0259 ax\u015fam g&ouml;r&uuml;\u015f b\u0259han\u0259si il\u0259 Qarada\u011f rayonunun Sahil q\u0259s\u0259b\u0259sin\u0259 g\u0259libl\u0259r. Avtoma\u015f\u0131nda t\u0259r\u0259fl\u0259r aras\u0131nda k\u0259skin m&uuml;bahis\u0259 yaran\u0131b, E.H\u0259bibzad\u0259 S.\u018fl\u0259kb\u0259rovun v\u0259 ail\u0259sinin &uuml;nvan\u0131na nalayiq ifad\u0259l\u0259r i\u015fl\u0259d\u0259r\u0259k avtoma\u015f\u0131ndak\u0131 b\u0131&ccedil;aqla onun sol \u0259lin\u0259 x\u0259sar\u0259t yetirib. Bu zaman S.\u018fl\u0259kb\u0259rov m&uuml;qavim\u0259t g&ouml;st\u0259r\u0259n s&uuml;r&uuml;c&uuml;n&uuml;n qollar\u0131n\u0131 tutub v\u0259 R.F\u0259tullayev qay&ccedil;\u0131 il\u0259 arxadan boyun nahiy\u0259sin\u0259 z\u0259rb\u0259 endir\u0259r\u0259k E.H\u0259bibzad\u0259ni q\u0259tl\u0259 yetirib. Daha sonra h\u0259r iki \u015f\u0259xs izi itirm\u0259k m\u0259qs\u0259dil\u0259 meyiti h\u0259min avtomobill\u0259 X\u0259z\u0259r rayonuna g\u0259tir\u0259r\u0259k burada S.\u018fl\u0259kb\u0259rovun babas\u0131na m\u0259xsus evin qar\u015f\u0131s\u0131ndak\u0131 quyuya at\u0131blar. Bundan sonra S.\u018fl\u0259kb\u0259rov m\u0259rhumun ail\u0259 &uuml;zvl\u0259ri il\u0259 birlikd\u0259 onu axtarma\u011fa ba\u015flay\u0131b.<\/p>\n<p>Onlara qar\u015f\u0131 Cinay\u0259t M\u0259c\u0259ll\u0259sinin 120.2.1-ci (qabaqcadan \u0259lbir olan bir qrup \u015f\u0259xs t\u0259r\u0259find\u0259n q\u0259sd\u0259n adam &ouml;ld&uuml;rm\u0259) madd\u0259si il\u0259 ittiham ir\u0259li s&uuml;r&uuml;l&uuml;b.<\/p>\n","protected":false},"excerpt":{"rendered":"<p>Ali M\u0259hk\u0259m\u0259d\u0259 q\u0259tl t&ouml;r\u0259tm\u0259kd\u0259 ittiham edil\u0259n S\u0259buhi \u018fl\u0259kb\u0259rov v\u0259 R\u0259\u015fad F\u0259tullayevin bar\u0259sind\u0259ki h&ouml;kmd\u0259n veril\u0259n kassasiya \u015fikay\u0259ti &uuml;zr\u0259 m\u0259hk\u0259m\u0259 iclas\u0131 ke&ccedil;irilib. Pravda.az-\u0131n \u0259ld\u0259 etdiyi m\u0259lumata g&ouml;r\u0259, hakim Nazim M&ouml;vs&uuml;movun s\u0259drliyi il\u0259&hellip;<\/p>\n","protected":false},"author":1,"featured_media":251278,"comment_status":"open","ping_status":"open","sticky":false,"template":"","format":"standard","meta":{"_lmt_disableupdate":"","_lmt_disable":"","footnotes":""},"categories":[101],"tags":[],"class_list":["post-176196","post","type-post","status-publish","format-standard","has-post-thumbnail","hentry","category-cemiyyet"],"_links":{"self":[{"href":"https:\/\/ucnoqta.az\/index.php?rest_route=\/wp\/v2\/posts\/176196","targetHints":{"allow":["GET"]}}],"collection":[{"href":"https:\/\/ucnoqta.az\/index.php?rest_route=\/wp\/v2\/posts"}],"about":[{"href":"https:\/\/ucnoqta.az\/index.php?rest_route=\/wp\/v2\/types\/post"}],"author":[{"embeddable":true,"href":"https:\/\/ucnoqta.az\/index.php?rest_route=\/wp\/v2\/users\/1"}],"replies":[{"embeddable":true,"href":"https:\/\/ucnoqta.az\/index.php?rest_route=%2Fwp%2Fv2%2Fcomments&post=176196"}],"version-history":[{"count":0,"href":"https:\/\/ucnoqta.az\/index.php?rest_route=\/wp\/v2\/posts\/176196\/revisions"}],"wp:featuredmedia":[{"embeddable":true,"href":"https:\/\/ucnoqta.az\/index.php?rest_route=\/wp\/v2\/media\/251278"}],"wp:attachment":[{"href":"https:\/\/ucnoqta.az\/index.php?rest_route=%2Fwp%2Fv2%2Fmedia&parent=176196"}],"wp:term":[{"taxonomy":"category","embeddable":true,"href":"https:\/\/ucnoqta.az\/index.php?rest_route=%2Fwp%2Fv2%2Fcategories&post=176196"},{"taxonomy":"post_tag","embeddable":true,"href":"https:\/\/ucnoqta.az\/index.php?rest_route=%2Fwp%2Fv2%2Ftags&post=176196"}],"curies":[{"name":"wp","href":"https:\/\/api.w.org\/{rel}","templated":true}]}}