{"id":176190,"date":"2023-05-04T08:10:47","date_gmt":"2023-05-04T04:10:47","guid":{"rendered":""},"modified":"-0001-11-30T00:00:00","modified_gmt":"-0001-11-29T20:00:00","slug":"","status":"publish","type":"post","link":"https:\/\/ucnoqta.az\/?p=176190","title":{"rendered":"&#8220;PSJ&#8221; azarke\u015fl\u0259ri Neymar\u0131n evinin qar\u015f\u0131s\u0131nda etiraz aksiyas\u0131 ke\u00e7iribl\u0259r"},"content":{"rendered":"<p>Fransan\u0131n &quot;Paris Saint-Germain&quot; futbol klubunun &quot;Ultras&quot;\u0131 braziliyal\u0131 h&uuml;cum&ccedil;u Neymar\u0131n evinin qar\u015f\u0131s\u0131nda etiraz aksiyas\u0131 ke&ccedil;irib.<\/p>\n<p>Ucnoqta.az x\u0259b\u0259r verir ki, bu bar\u0259d\u0259 ParisienTimes Tvitter hesab\u0131nda m\u0259lumat yay\u0131b.<\/p>\n<p>M\u0259lumata g&ouml;r\u0259, azarke\u015fl\u0259r Neymar\u0131n &quot;PSJ&quot;d\u0259ki &ccedil;\u0131x\u0131\u015f\u0131ndan v\u0259 onun i\u015fin\u0259 m&uuml;nasib\u0259tind\u0259n naraz\u0131d\u0131rlar.<\/p>\n<p>Qeyd olunur ki, daha sonra azarke\u015fl\u0259r Fransan\u0131n paytaxt\u0131ndan komandan\u0131n ofisin\u0259 ged\u0259r\u0259k, orada braziliyal\u0131 h&uuml;cum&ccedil;unun sat\u0131lmas\u0131 t\u0259l\u0259bi il\u0259 aksiya ke&ccedil;iribl\u0259r.<\/p>\n<p>H\u0259m&ccedil;inin, &quot;PSJ&quot; azarke\u015fl\u0259ri Lionel Messi v\u0259 Marko Verrattinin sat\u0131lmas\u0131n\u0131 t\u0259l\u0259b edibl\u0259r.<\/p>\n","protected":false},"excerpt":{"rendered":"<p>Fransan\u0131n &quot;Paris Saint-Germain&quot; futbol klubunun &quot;Ultras&quot;\u0131 braziliyal\u0131 h&uuml;cum&ccedil;u Neymar\u0131n evinin qar\u015f\u0131s\u0131nda etiraz aksiyas\u0131 ke&ccedil;irib. Ucnoqta.az x\u0259b\u0259r verir ki, bu bar\u0259d\u0259 ParisienTimes Tvitter hesab\u0131nda m\u0259lumat yay\u0131b. M\u0259lumata g&ouml;r\u0259, azarke\u015fl\u0259r Neymar\u0131n &quot;PSJ&quot;d\u0259ki&hellip;<\/p>\n","protected":false},"author":1,"featured_media":251278,"comment_status":"open","ping_status":"open","sticky":false,"template":"","format":"standard","meta":{"_lmt_disableupdate":"","_lmt_disable":"","footnotes":""},"categories":[90],"tags":[],"class_list":["post-176190","post","type-post","status-publish","format-standard","has-post-thumbnail","hentry","category-idman-butun-xeberler"],"_links":{"self":[{"href":"https:\/\/ucnoqta.az\/index.php?rest_route=\/wp\/v2\/posts\/176190","targetHints":{"allow":["GET"]}}],"collection":[{"href":"https:\/\/ucnoqta.az\/index.php?rest_route=\/wp\/v2\/posts"}],"about":[{"href":"https:\/\/ucnoqta.az\/index.php?rest_route=\/wp\/v2\/types\/post"}],"author":[{"embeddable":true,"href":"https:\/\/ucnoqta.az\/index.php?rest_route=\/wp\/v2\/users\/1"}],"replies":[{"embeddable":true,"href":"https:\/\/ucnoqta.az\/index.php?rest_route=%2Fwp%2Fv2%2Fcomments&post=176190"}],"version-history":[{"count":0,"href":"https:\/\/ucnoqta.az\/index.php?rest_route=\/wp\/v2\/posts\/176190\/revisions"}],"wp:featuredmedia":[{"embeddable":true,"href":"https:\/\/ucnoqta.az\/index.php?rest_route=\/wp\/v2\/media\/251278"}],"wp:attachment":[{"href":"https:\/\/ucnoqta.az\/index.php?rest_route=%2Fwp%2Fv2%2Fmedia&parent=176190"}],"wp:term":[{"taxonomy":"category","embeddable":true,"href":"https:\/\/ucnoqta.az\/index.php?rest_route=%2Fwp%2Fv2%2Fcategories&post=176190"},{"taxonomy":"post_tag","embeddable":true,"href":"https:\/\/ucnoqta.az\/index.php?rest_route=%2Fwp%2Fv2%2Ftags&post=176190"}],"curies":[{"name":"wp","href":"https:\/\/api.w.org\/{rel}","templated":true}]}}