{"id":176187,"date":"2023-05-03T23:12:47","date_gmt":"2023-05-03T19:12:47","guid":{"rendered":""},"modified":"-0001-11-30T00:00:00","modified_gmt":"-0001-11-29T20:00:00","slug":"","status":"publish","type":"post","link":"https:\/\/ucnoqta.az\/?p=176187","title":{"rendered":"&#8220;\u018frazi b\u00fct\u00f6vl\u00fcy\u00fc m\u0259s\u0259l\u0259sind\u0259 Az\u0259rbaycana qar\u015f\u0131 a\u00e7\u0131q-a\u015fkar b\u00f6y\u00fck \u0259dal\u0259tsizlik var&#8221;"},"content":{"rendered":"<p><strong>Az\u0259rbaycana qar\u015f\u0131 a&ccedil;\u0131q-a\u015fkar b&ouml;y&uuml;k \u0259dal\u0259tsizlik var v\u0259 m&uuml;\u0259yy\u0259n m\u0259nada ke&ccedil;mi\u015f sovet &ouml;lk\u0259l\u0259rinin \u0259razi b&uuml;t&ouml;vl&uuml;y&uuml; m\u0259s\u0259l\u0259l\u0259rin\u0259 metodoloji yana\u015fmada yenid\u0259n ay\u0131r\u0131c\u0131 x\u0259tt &ccedil;\u0259km\u0259k c\u0259hdi m&ouml;vcuddur.<\/strong><\/p>\n<p>Ucnoqta.az x\u0259b\u0259r verir ki, bu s&ouml;zl\u0259ri Az\u0259rbaycan Prezidenti \u0130lham \u018fliyev \u015eu\u015fada ke&ccedil;iril\u0259n konfransda AB\u015e-\u0131n H\u0259rbi D\u0259niz Donanmas\u0131 Ali M\u0259kt\u0259binin professoru Brenda \u015eaferin &ldquo;AB\u015e Ukrayna v\u0259 G&uuml;rc&uuml;stan\u0131n \u0259razi b&uuml;t&ouml;vl&uuml;y&uuml;n&uuml; t\u0259\u015fviq etm\u0259lidir v\u0259 Erm\u0259nistanla Az\u0259rbaycan aras\u0131nda s&uuml;lh&uuml; t\u0259\u015fviq etm\u0259lidir. Bu s&ouml;zl\u0259r a&ccedil;\u0131q-a\u015fkar Sizin \u0259razi b&uuml;t&ouml;vl&uuml;y&uuml;n&uuml;z&uuml; t\u0259\u015fviq etmir. Bunun niy\u0259 bel\u0259 oldu\u011funu izah edin&rdquo; sual\u0131na cavab\u0131nda s&ouml;yl\u0259yib.<\/p>\n<p>D&ouml;vl\u0259timizin ba\u015f&ccedil;\u0131s\u0131 deyib: Biz h\u0259r zaman AB\u015e prezidentl\u0259rinin r\u0259smi b\u0259yanatlar\u0131nda, G&uuml;rc&uuml;stan, Moldova v\u0259 Ukrayna liderl\u0259rin\u0259 m\u0259ktublar\u0131nda \u0259razi b&uuml;t&ouml;vl&uuml;y&uuml;n\u0259 d\u0259st\u0259kl\u0259 ba\u011fl\u0131 &ccedil;ox a&ccedil;\u0131q s&ouml;zl\u0259r e\u015fitmi\u015fik. Az\u0259rbaycana g\u0259ldikd\u0259 is\u0259 onlar sanki bunu s&ouml;yl\u0259yirl\u0259r, lakin, eyni zamanda, s&uuml;lh yolu il\u0259 nizamlanma. \u0130\u015f\u011fal d&ouml;vr&uuml;nd\u0259 bu, daha \u0259dal\u0259tsiz v\u0259 haqs\u0131z idi. \u018flb\u0259tt\u0259 ki, biz buna daha &ccedil;ox h\u0259ssas yana\u015f\u0131rd\u0131q. \u0130ndi biz daha az h\u0259ssas\u0131q, &ccedil;&uuml;nki biz beyn\u0259lxalq ictimaiyy\u0259tin, BMT T\u0259hl&uuml;k\u0259sizlik \u015euras\u0131 daimi &uuml;zvl\u0259rinin g&ouml;rm\u0259li oldu\u011fu i\u015fi g&ouml;rm&uuml;\u015f&uuml;k, T\u0259hl&uuml;k\u0259sizlik \u015euras\u0131n\u0131n q\u0259tnam\u0259l\u0259rini icra etmi\u015fik. Ona g&ouml;r\u0259 d\u0259 buna &ccedil;ox diqq\u0259t yetirmirik&rdquo;.<\/p>\n","protected":false},"excerpt":{"rendered":"<p>Az\u0259rbaycana qar\u015f\u0131 a&ccedil;\u0131q-a\u015fkar b&ouml;y&uuml;k \u0259dal\u0259tsizlik var v\u0259 m&uuml;\u0259yy\u0259n m\u0259nada ke&ccedil;mi\u015f sovet &ouml;lk\u0259l\u0259rinin \u0259razi b&uuml;t&ouml;vl&uuml;y&uuml; m\u0259s\u0259l\u0259l\u0259rin\u0259 metodoloji yana\u015fmada yenid\u0259n ay\u0131r\u0131c\u0131 x\u0259tt &ccedil;\u0259km\u0259k c\u0259hdi m&ouml;vcuddur. Ucnoqta.az x\u0259b\u0259r verir ki, bu s&ouml;zl\u0259ri Az\u0259rbaycan&hellip;<\/p>\n","protected":false},"author":1,"featured_media":251278,"comment_status":"open","ping_status":"open","sticky":false,"template":"","format":"standard","meta":{"_lmt_disableupdate":"","_lmt_disable":"","footnotes":""},"categories":[86],"tags":[],"class_list":["post-176187","post","type-post","status-publish","format-standard","has-post-thumbnail","hentry","category-siyaset"],"_links":{"self":[{"href":"https:\/\/ucnoqta.az\/index.php?rest_route=\/wp\/v2\/posts\/176187","targetHints":{"allow":["GET"]}}],"collection":[{"href":"https:\/\/ucnoqta.az\/index.php?rest_route=\/wp\/v2\/posts"}],"about":[{"href":"https:\/\/ucnoqta.az\/index.php?rest_route=\/wp\/v2\/types\/post"}],"author":[{"embeddable":true,"href":"https:\/\/ucnoqta.az\/index.php?rest_route=\/wp\/v2\/users\/1"}],"replies":[{"embeddable":true,"href":"https:\/\/ucnoqta.az\/index.php?rest_route=%2Fwp%2Fv2%2Fcomments&post=176187"}],"version-history":[{"count":0,"href":"https:\/\/ucnoqta.az\/index.php?rest_route=\/wp\/v2\/posts\/176187\/revisions"}],"wp:featuredmedia":[{"embeddable":true,"href":"https:\/\/ucnoqta.az\/index.php?rest_route=\/wp\/v2\/media\/251278"}],"wp:attachment":[{"href":"https:\/\/ucnoqta.az\/index.php?rest_route=%2Fwp%2Fv2%2Fmedia&parent=176187"}],"wp:term":[{"taxonomy":"category","embeddable":true,"href":"https:\/\/ucnoqta.az\/index.php?rest_route=%2Fwp%2Fv2%2Fcategories&post=176187"},{"taxonomy":"post_tag","embeddable":true,"href":"https:\/\/ucnoqta.az\/index.php?rest_route=%2Fwp%2Fv2%2Ftags&post=176187"}],"curies":[{"name":"wp","href":"https:\/\/api.w.org\/{rel}","templated":true}]}}