{"id":176181,"date":"2023-05-03T21:07:52","date_gmt":"2023-05-03T17:07:52","guid":{"rendered":""},"modified":"-0001-11-30T00:00:00","modified_gmt":"-0001-11-29T20:00:00","slug":"","status":"publish","type":"post","link":"https:\/\/ucnoqta.az\/?p=176181","title":{"rendered":"&#8220;Az\u0259rbaycan il\u0259 \u00c7in aras\u0131nda \u0259la m\u00fcnasib\u0259tl\u0259r var&#8221; &#8211;"},"content":{"rendered":"<p><strong>Az\u0259rbaycan il\u0259 &Ccedil;in aras\u0131nda \u0259la m&uuml;nasib\u0259tl\u0259r var. Si Cinpinin m\u0259ni &Ccedil;inin yax\u015f\u0131 dostu adland\u0131rmas\u0131 \u0259m\u0259kda\u015fl\u0131\u011f\u0131m\u0131z\u0131n s\u0259viyy\u0259sini n&uuml;mayi\u015f etdirm\u0259y\u0259 kifay\u0259tdir.<\/strong><\/p>\n<p>Ucnoqta.az x\u0259b\u0259r verir ki, bu s&ouml;zl\u0259ri Az\u0259rbaycan Prezidenti \u0130lham \u018fliyev \u015eu\u015fada ke&ccedil;iril\u0259n &ldquo;B&ouml;y&uuml;k Avrasiya geosiyas\u0259tinin formala\u015fmas\u0131: ke&ccedil;mi\u015fd\u0259n bu g&uuml;n\u0259 v\u0259 g\u0259l\u0259c\u0259y\u0259&rdquo; m&ouml;vzusunda konfransda &ccedil;\u0131x\u0131\u015f\u0131nda s&ouml;yl\u0259yib.<\/p>\n<p>S\u0259udiyy\u0259 \u018fr\u0259bistan\u0131 il\u0259 \u0130ran aras\u0131nda m&uuml;nasib\u0259tl\u0259rin normalla\u015fd\u0131r\u0131lmas\u0131 m\u0259s\u0259l\u0259sin\u0259 toxunan d&ouml;vl\u0259timizin ba\u015f&ccedil;\u0131s\u0131 deyib: &ldquo;S\u0259udiyy\u0259 \u018fr\u0259bistan\u0131 bizim &uuml;&ccedil;&uuml;n qarda\u015f &ouml;lk\u0259dir v\u0259 bu &ouml;lk\u0259 il\u0259 g&ouml;z\u0259l m&uuml;nasib\u0259tl\u0259rimiz var. Onlar biz\u0259 g&ouml;r\u0259 Erm\u0259nistanla diplomatik m&uuml;nasib\u0259tl\u0259r qurmay\u0131b v\u0259 bunun b&ouml;y&uuml;k \u0259h\u0259miyy\u0259ti var. \u0130ran is\u0259 bizim qon\u015fumuzdur v\u0259 biz orada sabitlik v\u0259 proqnozla\u015fd\u0131r\u0131la bilin\u0259n v\u0259ziyy\u0259tin olmas\u0131n\u0131n ist\u0259yirik&rdquo;.<\/p>\n","protected":false},"excerpt":{"rendered":"<p>Az\u0259rbaycan il\u0259 &Ccedil;in aras\u0131nda \u0259la m&uuml;nasib\u0259tl\u0259r var. Si Cinpinin m\u0259ni &Ccedil;inin yax\u015f\u0131 dostu adland\u0131rmas\u0131 \u0259m\u0259kda\u015fl\u0131\u011f\u0131m\u0131z\u0131n s\u0259viyy\u0259sini n&uuml;mayi\u015f etdirm\u0259y\u0259 kifay\u0259tdir. Ucnoqta.az x\u0259b\u0259r verir ki, bu s&ouml;zl\u0259ri Az\u0259rbaycan Prezidenti \u0130lham \u018fliyev \u015eu\u015fada&hellip;<\/p>\n","protected":false},"author":1,"featured_media":251278,"comment_status":"open","ping_status":"open","sticky":false,"template":"","format":"standard","meta":{"_lmt_disableupdate":"","_lmt_disable":"","footnotes":""},"categories":[],"tags":[],"class_list":["post-176181","post","type-post","status-publish","format-standard","has-post-thumbnail","hentry"],"_links":{"self":[{"href":"https:\/\/ucnoqta.az\/index.php?rest_route=\/wp\/v2\/posts\/176181","targetHints":{"allow":["GET"]}}],"collection":[{"href":"https:\/\/ucnoqta.az\/index.php?rest_route=\/wp\/v2\/posts"}],"about":[{"href":"https:\/\/ucnoqta.az\/index.php?rest_route=\/wp\/v2\/types\/post"}],"author":[{"embeddable":true,"href":"https:\/\/ucnoqta.az\/index.php?rest_route=\/wp\/v2\/users\/1"}],"replies":[{"embeddable":true,"href":"https:\/\/ucnoqta.az\/index.php?rest_route=%2Fwp%2Fv2%2Fcomments&post=176181"}],"version-history":[{"count":0,"href":"https:\/\/ucnoqta.az\/index.php?rest_route=\/wp\/v2\/posts\/176181\/revisions"}],"wp:featuredmedia":[{"embeddable":true,"href":"https:\/\/ucnoqta.az\/index.php?rest_route=\/wp\/v2\/media\/251278"}],"wp:attachment":[{"href":"https:\/\/ucnoqta.az\/index.php?rest_route=%2Fwp%2Fv2%2Fmedia&parent=176181"}],"wp:term":[{"taxonomy":"category","embeddable":true,"href":"https:\/\/ucnoqta.az\/index.php?rest_route=%2Fwp%2Fv2%2Fcategories&post=176181"},{"taxonomy":"post_tag","embeddable":true,"href":"https:\/\/ucnoqta.az\/index.php?rest_route=%2Fwp%2Fv2%2Ftags&post=176181"}],"curies":[{"name":"wp","href":"https:\/\/api.w.org\/{rel}","templated":true}]}}