{"id":176176,"date":"2023-05-03T19:22:32","date_gmt":"2023-05-03T15:22:32","guid":{"rendered":""},"modified":"-0001-11-30T00:00:00","modified_gmt":"-0001-11-29T20:00:00","slug":"","status":"publish","type":"post","link":"https:\/\/ucnoqta.az\/?p=176176","title":{"rendered":"Ceyhun Bayramov Ceyk Sallivan il\u0259 g\u00f6r\u00fc\u015fd\u00fc"},"content":{"rendered":"<p><strong>Az\u0259rbaycan\u0131n xarici i\u015fl\u0259r naziri Ceyhun Bayramov Amerika Birl\u0259\u015fmi\u015f \u015etatlar\u0131na i\u015fg&uuml;zar s\u0259f\u0259ri &ccedil;\u0259r&ccedil;iv\u0259sind\u0259 AB\u015e Prezidentinin milli t\u0259hl&uuml;k\u0259sizlik m\u0259s\u0259l\u0259l\u0259ri &uuml;zr\u0259 m&uuml;\u015faviri Ceyk Sallivan il\u0259 g&ouml;r&uuml;\u015f&uuml;b.<\/strong><\/p>\n<p>Bu bar\u0259d\u0259&nbsp;Xarici \u0130\u015fl\u0259r Nazirliyind\u0259n m\u0259lumat verilib.<\/p>\n<p>Bildirilib ki, \u0259sas m&uuml;zakir\u0259l\u0259rin Az\u0259rbaycanla Erm\u0259nistan aras\u0131nda normalla\u015fma prosesin\u0259 h\u0259sr olundu\u011fu g&ouml;r&uuml;\u015fd\u0259 Erm\u0259nistan\u0131n xarici i\u015fl\u0259r naziri Ararat Mirzoyan da i\u015ftirak edib.<\/p>\n<p>G&ouml;r&uuml;\u015f zaman\u0131, nazir Ceyhun Bayramov Az\u0259rbaycan\u0131n Erm\u0259nistanla s&uuml;lh prosesinin \u0259sas elementl\u0259rinin t\u0259\u015f\u0259bb&uuml;skar\u0131 kimi, b&ouml;lg\u0259d\u0259 s&uuml;lh v\u0259 sabitliyin b\u0259rq\u0259rar edilm\u0259sind\u0259 maraql\u0131 oldu\u011funu, s&uuml;lh sazi\u015finin raz\u0131la\u015fd\u0131r\u0131lmas\u0131n\u0131n v\u0259 imzalanmas\u0131n\u0131n \u0259h\u0259miyy\u0259tini vur\u011fulay\u0131b. Erm\u0259nistan\u0131n Az\u0259rbaycan\u0131n \u0259razi b&uuml;t&ouml;vl&uuml;y&uuml;n\u0259 qar\u015f\u0131 add\u0131mlar\u0131ndan \u0259l &ccedil;\u0259km\u0259sinin vacib oldu\u011fu qeyd edilib. Bununla yana\u015f\u0131, Az\u0259rbaycan\u0131n Qaraba\u011f b&ouml;lg\u0259sind\u0259 ya\u015fayan erm\u0259ni sakinl\u0259rin reinteqrasiyas\u0131n\u0131n &ouml;lk\u0259nin daxili m\u0259s\u0259l\u0259si oldu\u011funu, bu istiqam\u0259td\u0259 s\u0259yl\u0259r\u0259 Erm\u0259nistan t\u0259r\u0259finin m&uuml;daxil\u0259sinin q\u0259buledilm\u0259z oldu\u011funu diqq\u0259t\u0259 &ccedil;atd\u0131r\u0131b.<\/p>\n<p>Nazir eyni zamanda, Az\u0259rbaycan\u0131n \u0259razi b&uuml;t&ouml;vl&uuml;y&uuml;n\u0259 v\u0259 suverenliyin\u0259, habel\u0259 Erm\u0259nistan t\u0259r\u0259find\u0259n q\u0259bul edilmi\u015f &ouml;hd\u0259likl\u0259r\u0259 zidd olaraq erm\u0259ni silahl\u0131 q&uuml;vv\u0259l\u0259rin h\u0259l\u0259 d\u0259 tam olaraq Az\u0259rbaycan \u0259razisind\u0259n &ccedil;\u0131xar\u0131lmamas\u0131n\u0131n ciddi t\u0259hdid m\u0259nb\u0259yi oldu\u011funu vur\u011fulay\u0131b.<\/p>\n<p>Milli t\u0259hl&uuml;k\u0259sizlik m&uuml;\u015faviri Ceyk Sallivan b&ouml;lg\u0259d\u0259 s&uuml;lh v\u0259 sabitliyin t\u0259min olunmas\u0131nda, s&uuml;lh sazi\u015fi &uuml;zr\u0259 dan\u0131\u015f\u0131qlar\u0131n u\u011furla n\u0259tic\u0259l\u0259nm\u0259sind\u0259 AB\u015e t\u0259r\u0259finin maraql\u0131 oldu\u011funu bildirib.<\/p>\n","protected":false},"excerpt":{"rendered":"<p>Az\u0259rbaycan\u0131n xarici i\u015fl\u0259r naziri Ceyhun Bayramov Amerika Birl\u0259\u015fmi\u015f \u015etatlar\u0131na i\u015fg&uuml;zar s\u0259f\u0259ri &ccedil;\u0259r&ccedil;iv\u0259sind\u0259 AB\u015e Prezidentinin milli t\u0259hl&uuml;k\u0259sizlik m\u0259s\u0259l\u0259l\u0259ri &uuml;zr\u0259 m&uuml;\u015faviri Ceyk Sallivan il\u0259 g&ouml;r&uuml;\u015f&uuml;b. Bu bar\u0259d\u0259&nbsp;Xarici \u0130\u015fl\u0259r Nazirliyind\u0259n m\u0259lumat verilib. Bildirilib&hellip;<\/p>\n","protected":false},"author":1,"featured_media":251278,"comment_status":"open","ping_status":"open","sticky":false,"template":"","format":"standard","meta":{"_lmt_disableupdate":"","_lmt_disable":"","footnotes":""},"categories":[],"tags":[],"class_list":["post-176176","post","type-post","status-publish","format-standard","has-post-thumbnail","hentry"],"_links":{"self":[{"href":"https:\/\/ucnoqta.az\/index.php?rest_route=\/wp\/v2\/posts\/176176","targetHints":{"allow":["GET"]}}],"collection":[{"href":"https:\/\/ucnoqta.az\/index.php?rest_route=\/wp\/v2\/posts"}],"about":[{"href":"https:\/\/ucnoqta.az\/index.php?rest_route=\/wp\/v2\/types\/post"}],"author":[{"embeddable":true,"href":"https:\/\/ucnoqta.az\/index.php?rest_route=\/wp\/v2\/users\/1"}],"replies":[{"embeddable":true,"href":"https:\/\/ucnoqta.az\/index.php?rest_route=%2Fwp%2Fv2%2Fcomments&post=176176"}],"version-history":[{"count":0,"href":"https:\/\/ucnoqta.az\/index.php?rest_route=\/wp\/v2\/posts\/176176\/revisions"}],"wp:featuredmedia":[{"embeddable":true,"href":"https:\/\/ucnoqta.az\/index.php?rest_route=\/wp\/v2\/media\/251278"}],"wp:attachment":[{"href":"https:\/\/ucnoqta.az\/index.php?rest_route=%2Fwp%2Fv2%2Fmedia&parent=176176"}],"wp:term":[{"taxonomy":"category","embeddable":true,"href":"https:\/\/ucnoqta.az\/index.php?rest_route=%2Fwp%2Fv2%2Fcategories&post=176176"},{"taxonomy":"post_tag","embeddable":true,"href":"https:\/\/ucnoqta.az\/index.php?rest_route=%2Fwp%2Fv2%2Ftags&post=176176"}],"curies":[{"name":"wp","href":"https:\/\/api.w.org\/{rel}","templated":true}]}}