{"id":176175,"date":"2023-05-03T19:13:37","date_gmt":"2023-05-03T15:13:37","guid":{"rendered":""},"modified":"-0001-11-30T00:00:00","modified_gmt":"-0001-11-29T20:00:00","slug":"","status":"publish","type":"post","link":"https:\/\/ucnoqta.az\/?p=176175","title":{"rendered":"\u201cNax\u00e7\u0131van D\u0259mir Yollar\u0131\u201dn\u0131n r\u0259isi h\u0259bs oluna bil\u0259r"},"content":{"rendered":"<p><strong>&quot;Nax&ccedil;\u0131van D\u0259mir Yollar\u0131&rdquo; MMC-d\u0259ki yoxlamalar qurumun r\u0259hb\u0259ri Mahir \u018fliyevin i\u015fd\u0259n &ccedil;\u0131xar\u0131lmas\u0131 v\u0259 h\u0259tta h\u0259bsi il\u0259 n\u0259tic\u0259l\u0259n\u0259 bil\u0259r.&nbsp;<\/strong><\/p>\n<p>Qaynarinfo x\u0259b\u0259r verir ki, MMC-d\u0259 yoxlamalar yanvar ay\u0131ndan ba\u015flay\u0131b v\u0259 h\u0259tta qurumun bir i&ccedil;&ccedil;isi h\u0259bs edilib. S&ouml;hb\u0259t depo r\u0259isi v\u0259zif\u0259sind\u0259n i\u015fl\u0259mi\u015f Ramin Mirz\u0259yevin h\u0259bsind\u0259n gedir.<\/p>\n<p>H\u0259min vaxt Nax&ccedil;\u0131van Muxtar Respublikas\u0131 (MR) Prokurorlu\u011funun yayd\u0131\u011f\u0131 m\u0259lumatda bildirilirdi ki, &quot;Nax&ccedil;\u0131van D\u0259mir Yollar\u0131&rdquo; MMC-d\u0259 bir v\u0259zif\u0259li \u015f\u0259xs t\u0259r\u0259find\u0259n d&ouml;vl\u0259t \u0259mlak\u0131n\u0131n m\u0259nims\u0259nilm\u0259sin\u0259 dair cinay\u0259t i\u015fi ba\u015flan\u0131l\u0131b. Ara\u015fd\u0131rma zaman\u0131 s\u0259hml\u0259ri d&ouml;vl\u0259t\u0259 m\u0259xsus MMC-nin sabiq \u0259m\u0259kda\u015f\u0131, depo r\u0259isi v\u0259zif\u0259sind\u0259 i\u015fl\u0259mi\u015f Ramin Mirz\u0259yevin qulluq m&ouml;vqeyind\u0259n istifad\u0259 etm\u0259kl\u0259 xeyli miqdarda d&ouml;vl\u0259t \u0259mlak\u0131n\u0131 m\u0259nims\u0259m\u0259sin\u0259 \u0259sasl\u0131 \u015f&uuml;bh\u0259l\u0259r m&uuml;\u0259yy\u0259n edilib.<\/p>\n<p>Faktla ba\u011fl\u0131 Nax&ccedil;\u0131van MR Prokurorlu\u011funda cinay\u0259t i\u015fi ba\u015flanaraq toplanm\u0131\u015f s&uuml;butlar \u0259sas\u0131nda Ramin Mirz\u0259yev\u0259 Cinay\u0259t M\u0259c\u0259ll\u0259sinin 179.2.3 (qulluq m&ouml;vqeyind\u0259n istifad\u0259 etm\u0259kl\u0259 m\u0259nims\u0259m\u0259), 179.2.4 (xeyli miqdarda ziyan vurmaqla m\u0259nims\u0259m\u0259) madd\u0259l\u0259ri il\u0259 ittiham elan edilib.<\/p>\n<p>Ramin Mirz\u0259yevin h\u0259bsi Mahir \u018fliyevin d\u0259 d\u0259mir barmaql\u0131qlar aras\u0131na sal\u0131naca\u011f\u0131na dair m&uuml;lahiz\u0259l\u0259r\u0259 s\u0259b\u0259b olmu\u015fdu. Yoxlamalar\u0131n davam etm\u0259si v\u0259 bunun ictimai \u015f\u0259kild\u0259 elan edilm\u0259si Mahir \u018fliyevin d\u0259 h\u0259bs ehtimal\u0131n\u0131 bir q\u0259d\u0259r d\u0259 art\u0131r\u0131r.&nbsp;<\/p>\n<p>Muxtar Respublikadak\u0131 x&uuml;susi \u0259h\u0259miyy\u0259t da\u015f\u0131yan d&ouml;vl\u0259t qurumlar\u0131na \u0259sas\u0259n ke&ccedil;mi\u015f Ali M\u0259clis s\u0259dri Vasif Tal\u0131bova yax\u0131n \u015f\u0259xsl\u0259rin r\u0259hb\u0259rlik etdiyini n\u0259z\u0259r\u0259 alsaq, Mahir \u018fliyevin d\u0259 bu kateqoriyaya aid oldu\u011funu s&ouml;yl\u0259m\u0259k olar. Qurumda yoxlamalar\u0131n apar\u0131lmas\u0131 da bununla ba\u011fl\u0131d\u0131r. Bu bax\u0131mdan, Vasif Tal\u0131bovla yax\u0131nl\u0131q amili Mahir \u018fliyevin v\u0259ziyy\u0259tini &ccedil;\u0259tinl\u0259\u015fdirir.&nbsp;<\/p>\n<p>&nbsp;<\/p>\n","protected":false},"excerpt":{"rendered":"<p>&quot;Nax&ccedil;\u0131van D\u0259mir Yollar\u0131&rdquo; MMC-d\u0259ki yoxlamalar qurumun r\u0259hb\u0259ri Mahir \u018fliyevin i\u015fd\u0259n &ccedil;\u0131xar\u0131lmas\u0131 v\u0259 h\u0259tta h\u0259bsi il\u0259 n\u0259tic\u0259l\u0259n\u0259 bil\u0259r.&nbsp; Qaynarinfo x\u0259b\u0259r verir ki, MMC-d\u0259 yoxlamalar yanvar ay\u0131ndan ba\u015flay\u0131b v\u0259 h\u0259tta qurumun bir&hellip;<\/p>\n","protected":false},"author":1,"featured_media":251278,"comment_status":"open","ping_status":"open","sticky":false,"template":"","format":"standard","meta":{"_lmt_disableupdate":"","_lmt_disable":"","footnotes":""},"categories":[],"tags":[],"class_list":["post-176175","post","type-post","status-publish","format-standard","has-post-thumbnail","hentry"],"_links":{"self":[{"href":"https:\/\/ucnoqta.az\/index.php?rest_route=\/wp\/v2\/posts\/176175","targetHints":{"allow":["GET"]}}],"collection":[{"href":"https:\/\/ucnoqta.az\/index.php?rest_route=\/wp\/v2\/posts"}],"about":[{"href":"https:\/\/ucnoqta.az\/index.php?rest_route=\/wp\/v2\/types\/post"}],"author":[{"embeddable":true,"href":"https:\/\/ucnoqta.az\/index.php?rest_route=\/wp\/v2\/users\/1"}],"replies":[{"embeddable":true,"href":"https:\/\/ucnoqta.az\/index.php?rest_route=%2Fwp%2Fv2%2Fcomments&post=176175"}],"version-history":[{"count":0,"href":"https:\/\/ucnoqta.az\/index.php?rest_route=\/wp\/v2\/posts\/176175\/revisions"}],"wp:featuredmedia":[{"embeddable":true,"href":"https:\/\/ucnoqta.az\/index.php?rest_route=\/wp\/v2\/media\/251278"}],"wp:attachment":[{"href":"https:\/\/ucnoqta.az\/index.php?rest_route=%2Fwp%2Fv2%2Fmedia&parent=176175"}],"wp:term":[{"taxonomy":"category","embeddable":true,"href":"https:\/\/ucnoqta.az\/index.php?rest_route=%2Fwp%2Fv2%2Fcategories&post=176175"},{"taxonomy":"post_tag","embeddable":true,"href":"https:\/\/ucnoqta.az\/index.php?rest_route=%2Fwp%2Fv2%2Ftags&post=176175"}],"curies":[{"name":"wp","href":"https:\/\/api.w.org\/{rel}","templated":true}]}}