{"id":176174,"date":"2023-05-03T19:04:30","date_gmt":"2023-05-03T15:04:30","guid":{"rendered":""},"modified":"-0001-11-30T00:00:00","modified_gmt":"-0001-11-29T20:00:00","slug":"","status":"publish","type":"post","link":"https:\/\/ucnoqta.az\/?p=176174","title":{"rendered":"D\u00f6vl\u0259t Komit\u0259sind\u0259n \u201cM\u0259\u015f\u0259di Dada\u015f\u201d m\u0259scidin\u0259 imam t\u0259yinat\u0131 il\u0259 ba\u011fl\u0131 naraz\u0131l\u0131qlara"},"content":{"rendered":"<p><strong>&ldquo;\u0130ndiy\u0259d\u0259k kims\u0259 \u018fli \u015e\u0259rb\u0259tovun t\u0259yinat\u0131n\u0131n niy\u0259 do\u011fru olmamas\u0131 bar\u0259d\u0259 \u0259sasl\u0131 bir fikir s&ouml;yl\u0259m\u0259yib&rdquo;.<\/strong><\/p>\n<p>Bunu&nbsp;&ldquo;Report&rdquo;un sor\u011fusuna cavab olaraq Dini Qurumlarla \u0130\u015f &uuml;zr\u0259 D&ouml;vl\u0259t Komit\u0259sinin \u015f&ouml;b\u0259 m&uuml;diri Cahandar \u018flifzad\u0259 deyib.<\/p>\n<p>\u015e&ouml;b\u0259 m&uuml;diri bildirib ki, D&ouml;vl\u0259t Komit\u0259si Bak\u0131 \u015f\u0259h\u0259ri, N\u0259simi rayonu &ldquo;M\u0259\u015f\u0259di Dada\u015f&rdquo; m\u0259scidin\u0259 imam t\u0259yinat\u0131 h\u0259yata ke&ccedil;irib:<\/p>\n<p>&ldquo;Komit\u0259 s\u0259drinin \u0259mri il\u0259 \u018fli \u015e\u0259rb\u0259tov &ldquo;M\u0259\u015f\u0259di Dada\u015f&rdquo; m\u0259scidin\u0259 imam t\u0259yin olunub. Bak\u0131 \u0130slam Universitetinin m&uuml;\u0259llimi olmu\u015f \u018fli \u015e\u0259rb\u0259tov indiy\u0259d\u0259k m&uuml;xt\u0259lif m\u0259scidl\u0259rd\u0259 din xadimi kimi f\u0259aliyy\u0259t g&ouml;st\u0259rib. Eyni zamanda o, D&ouml;vl\u0259t Komit\u0259sinin din xadiml\u0259rinin t\u0259yinat\u0131 il\u0259 ba\u011fl\u0131 &ouml;t\u0259n il ke&ccedil;irdiyi ilk m&uuml;sahib\u0259d\u0259 i\u015ftirak ed\u0259r\u0259k y&uuml;ks\u0259k bal toplay\u0131b v\u0259 Ab\u015feron rayonu, Ceyranbatan q\u0259s\u0259b\u0259si &ldquo;H&uuml;seyniyy\u0259&rdquo; m\u0259scidin\u0259 imam t\u0259yin edilib. Onun y&uuml;ks\u0259k dini t\u0259hsili v\u0259 t\u0259cr&uuml;b\u0259si n\u0259z\u0259r\u0259 al\u0131naraq, imam kimi &ldquo;M\u0259\u015f\u0259di Dada\u015f&rdquo; m\u0259scidin\u0259 rotasiyas\u0131 h\u0259yata ke&ccedil;irilib&rdquo;.<\/p>\n<p>Onun s&ouml;zl\u0259rin\u0259 g&ouml;r\u0259, \u018fli \u015e\u0259rb\u0259tovu tan\u0131yanlar v\u0259 din xadimi kimi f\u0259aliyy\u0259tin\u0259 b\u0259l\u0259d olanlar bu t\u0259yinat\u0131 t\u0259qdir edibl\u0259r:<\/p>\n<p>&ldquo;Bunu sosial \u015f\u0259b\u0259k\u0259l\u0259rd\u0259 s&ouml;z&uuml;ged\u0259n t\u0259yinatla ba\u011fl\u0131 m&uuml;zakir\u0259l\u0259rd\u0259n d\u0259 g&ouml;rm\u0259k m&uuml;mk&uuml;nd&uuml;r. \u0130ndiy\u0259d\u0259k kims\u0259 \u018fli \u015e\u0259rb\u0259tovun t\u0259yinat\u0131n\u0131n niy\u0259 do\u011fru olmamas\u0131 bar\u0259d\u0259 \u0259sasl\u0131 bir fikir s&ouml;yl\u0259m\u0259yib. Bu t\u0259yinatdan raz\u0131 qalmayanlar is\u0259 &uuml;mumi, qeyri-m&uuml;\u0259yy\u0259n, m&uuml;c\u0259rr\u0259d fikirl\u0259r s\u0259sl\u0259ndirirl\u0259r. Bu c&uuml;r \u0259sass\u0131z m&ouml;vqe bildirm\u0259yi m\u0259qbul v\u0259 ciddi q\u0259bul etmirik. Hesab edirik ki, bu adamlar proses\u0259 k&ouml;lg\u0259 salmaq ist\u0259yir, ya da dini prosesl\u0259rd\u0259n x\u0259b\u0259rsizdirl\u0259r. Bir daha bildirik ki, D&ouml;vl\u0259t Komit\u0259si t\u0259r\u0259find\u0259n din xadiml\u0259rinin t\u0259yinat\u0131 milli maraqlar\u0131m\u0131z, &ouml;lk\u0259d\u0259ki dini durum n\u0259z\u0259r\u0259 al\u0131naraq qanunvericiliyin t\u0259l\u0259bl\u0259rin\u0259 uy\u011fun v\u0259 \u015f\u0259ffaf \u015f\u0259kild\u0259 h\u0259yata ke&ccedil;irilir&rdquo;.<\/p>\n<p>D&ouml;vl\u0259t Komit\u0259sinin r\u0259smisi Milli M\u0259clisin deputat\u0131 Ceyhun M\u0259mm\u0259dovun m&ouml;vzu il\u0259 ba\u011fl\u0131 a&ccedil;\u0131qlamas\u0131na da m&uuml;nasib\u0259t bildirib:<\/p>\n<p>&ldquo;O, &ouml;lk\u0259d\u0259 ba\u015f ver\u0259n prosesl\u0259r\u0259 &ouml;z m&uuml;nasib\u0259tini bildirm\u0259kd\u0259 s\u0259rb\u0259stdir. Ceyhun M\u0259mm\u0259dov din sah\u0259sind\u0259 vaxtil\u0259 f\u0259aliyy\u0259t g&ouml;st\u0259rmi\u015f \u015f\u0259xs kimi, D&ouml;vl\u0259t Komit\u0259si il\u0259 &ouml;z r\u0259y v\u0259 t\u0259klifl\u0259rini b&ouml;l&uuml;\u015f\u0259 bil\u0259r. Eyni zamanda, Az\u0259rbaycan \u0130lahiyyat \u0130nstitutunun ke&ccedil;mi\u015f rektoru, deputat Ceyhun M\u0259mm\u0259dovun dini durumla ba\u011fl\u0131 konkret fikir v\u0259 t\u0259klifl\u0259ri, o c&uuml;ml\u0259d\u0259n \u018fli \u015e\u0259rb\u0259tovdan daha layiqli namiz\u0259di varsa, m\u0259tbuat vasit\u0259sil\u0259 deyil, birba\u015fa D&ouml;vl\u0259t Komit\u0259sin\u0259 t\u0259qdim etm\u0259kl\u0259 proses\u0259 &ouml;z t&ouml;hf\u0259sini vermi\u015f olard\u0131. D&ouml;vl\u0259t Komit\u0259sind\u0259 onu ist\u0259y\u0259rs\u0259 deputat, ist\u0259y\u0259rs\u0259 v\u0259t\u0259nda\u015f, ist\u0259y\u0259rs\u0259 d\u0259 Az\u0259rbaycan \u0130lahiyyat \u0130nstitutunun m&uuml;\u0259llimi kimi h\u0259mi\u015f\u0259 dinl\u0259m\u0259y\u0259 haz\u0131r\u0131q&rdquo;.<\/p>\n<p>Qeyd ed\u0259k ki, &ldquo;M\u0259\u015f\u0259di Dada\u015f&rdquo; m\u0259scidinin imam\u0131 Hac\u0131 \u015eahin H\u0259s\u0259nli mart\u0131n 2-d\u0259 &uuml;r\u0259ktutmas\u0131ndan v\u0259fat edib.<\/p>\n","protected":false},"excerpt":{"rendered":"<p>&ldquo;\u0130ndiy\u0259d\u0259k kims\u0259 \u018fli \u015e\u0259rb\u0259tovun t\u0259yinat\u0131n\u0131n niy\u0259 do\u011fru olmamas\u0131 bar\u0259d\u0259 \u0259sasl\u0131 bir fikir s&ouml;yl\u0259m\u0259yib&rdquo;. Bunu&nbsp;&ldquo;Report&rdquo;un sor\u011fusuna cavab olaraq Dini Qurumlarla \u0130\u015f &uuml;zr\u0259 D&ouml;vl\u0259t Komit\u0259sinin \u015f&ouml;b\u0259 m&uuml;diri Cahandar \u018flifzad\u0259 deyib. \u015e&ouml;b\u0259 m&uuml;diri&hellip;<\/p>\n","protected":false},"author":1,"featured_media":251278,"comment_status":"open","ping_status":"open","sticky":false,"template":"","format":"standard","meta":{"_lmt_disableupdate":"","_lmt_disable":"","footnotes":""},"categories":[],"tags":[],"class_list":["post-176174","post","type-post","status-publish","format-standard","has-post-thumbnail","hentry"],"_links":{"self":[{"href":"https:\/\/ucnoqta.az\/index.php?rest_route=\/wp\/v2\/posts\/176174","targetHints":{"allow":["GET"]}}],"collection":[{"href":"https:\/\/ucnoqta.az\/index.php?rest_route=\/wp\/v2\/posts"}],"about":[{"href":"https:\/\/ucnoqta.az\/index.php?rest_route=\/wp\/v2\/types\/post"}],"author":[{"embeddable":true,"href":"https:\/\/ucnoqta.az\/index.php?rest_route=\/wp\/v2\/users\/1"}],"replies":[{"embeddable":true,"href":"https:\/\/ucnoqta.az\/index.php?rest_route=%2Fwp%2Fv2%2Fcomments&post=176174"}],"version-history":[{"count":0,"href":"https:\/\/ucnoqta.az\/index.php?rest_route=\/wp\/v2\/posts\/176174\/revisions"}],"wp:featuredmedia":[{"embeddable":true,"href":"https:\/\/ucnoqta.az\/index.php?rest_route=\/wp\/v2\/media\/251278"}],"wp:attachment":[{"href":"https:\/\/ucnoqta.az\/index.php?rest_route=%2Fwp%2Fv2%2Fmedia&parent=176174"}],"wp:term":[{"taxonomy":"category","embeddable":true,"href":"https:\/\/ucnoqta.az\/index.php?rest_route=%2Fwp%2Fv2%2Fcategories&post=176174"},{"taxonomy":"post_tag","embeddable":true,"href":"https:\/\/ucnoqta.az\/index.php?rest_route=%2Fwp%2Fv2%2Ftags&post=176174"}],"curies":[{"name":"wp","href":"https:\/\/api.w.org\/{rel}","templated":true}]}}