{"id":176167,"date":"2023-05-03T18:04:23","date_gmt":"2023-05-03T14:04:23","guid":{"rendered":""},"modified":"-0001-11-30T00:00:00","modified_gmt":"-0001-11-29T20:00:00","slug":"","status":"publish","type":"post","link":"https:\/\/ucnoqta.az\/?p=176167","title":{"rendered":"&#8220;T\u00fcrkiy\u0259 il\u0259 Az\u0259rbaycan aras\u0131ndak\u0131 qarda\u015fl\u0131q xarakterini he\u00e7 n\u0259 d\u0259yi\u015fm\u0259y\u0259c\u0259k&#8221;"},"content":{"rendered":"<p><strong>&quot;T&uuml;rkiy\u0259 v\u0259 Az\u0259rbaycan aras\u0131nda m&uuml;nasib\u0259tl\u0259rin qarda\u015fl\u0131q xarakterini he&ccedil; n\u0259 d\u0259yi\u015fm\u0259y\u0259c\u0259k&quot;.<\/strong><\/p>\n<p>Ucnoqta.az x\u0259b\u0259r verir ki, bu fikri Az\u0259rbaycan Prezidenti \u0130lham \u018fliyev may\u0131n 3-d\u0259 \u015eu\u015fada ke&ccedil;iril\u0259n &Uuml;mummilli Lider Heyd\u0259r \u018fliyevin 100 illik yubileyin\u0259 h\u0259sr olunmu\u015f &ldquo;B&ouml;y&uuml;k Avrasiya geosiyas\u0259tinin formala\u015fmas\u0131: ke&ccedil;mi\u015fd\u0259n bu g&uuml;n\u0259 v\u0259 g\u0259l\u0259c\u0259y\u0259&rdquo; m&ouml;vzusunda d&ouml;rd&uuml;nc&uuml; beyn\u0259lxalq konfransda &ccedil;\u0131x\u0131\u015f\u0131nda bildirib.<\/p>\n<p>&ldquo;\u018fmin\u0259m ki, Az\u0259rbaycanla T&uuml;rkiy\u0259 n\u0259inki t\u0259kc\u0259 bu m&uuml;tt\u0259fiqliyin format\u0131n\u0131 qoruyub saxlayacaq, h\u0259tta onu g&uuml;cl\u0259ndir\u0259c\u0259kdir. &Ccedil;&uuml;nki yeni geosiyasi reall\u0131qda bu, art\u0131q regional sabitliyin v\u0259 t\u0259hl&uuml;k\u0259sizliyin m&uuml;h&uuml;m amilin\u0259 &ccedil;evrilib. Bu, ist\u0259r h\u0259rbi komponent, enerji, kommunikasiyalar, ist\u0259rs\u0259 d\u0259 ticar\u0259t v\u0259 sair sah\u0259l\u0259r olsun&rdquo;, &#8211; d&ouml;vl\u0259t ba\u015f&ccedil;\u0131s\u0131 deyib.<\/p>\n","protected":false},"excerpt":{"rendered":"<p>&quot;T&uuml;rkiy\u0259 v\u0259 Az\u0259rbaycan aras\u0131nda m&uuml;nasib\u0259tl\u0259rin qarda\u015fl\u0131q xarakterini he&ccedil; n\u0259 d\u0259yi\u015fm\u0259y\u0259c\u0259k&quot;. Ucnoqta.az x\u0259b\u0259r verir ki, bu fikri Az\u0259rbaycan Prezidenti \u0130lham \u018fliyev may\u0131n 3-d\u0259 \u015eu\u015fada ke&ccedil;iril\u0259n &Uuml;mummilli Lider Heyd\u0259r \u018fliyevin 100 illik&hellip;<\/p>\n","protected":false},"author":1,"featured_media":251278,"comment_status":"open","ping_status":"open","sticky":false,"template":"","format":"standard","meta":{"_lmt_disableupdate":"","_lmt_disable":"","footnotes":""},"categories":[],"tags":[],"class_list":["post-176167","post","type-post","status-publish","format-standard","has-post-thumbnail","hentry"],"_links":{"self":[{"href":"https:\/\/ucnoqta.az\/index.php?rest_route=\/wp\/v2\/posts\/176167","targetHints":{"allow":["GET"]}}],"collection":[{"href":"https:\/\/ucnoqta.az\/index.php?rest_route=\/wp\/v2\/posts"}],"about":[{"href":"https:\/\/ucnoqta.az\/index.php?rest_route=\/wp\/v2\/types\/post"}],"author":[{"embeddable":true,"href":"https:\/\/ucnoqta.az\/index.php?rest_route=\/wp\/v2\/users\/1"}],"replies":[{"embeddable":true,"href":"https:\/\/ucnoqta.az\/index.php?rest_route=%2Fwp%2Fv2%2Fcomments&post=176167"}],"version-history":[{"count":0,"href":"https:\/\/ucnoqta.az\/index.php?rest_route=\/wp\/v2\/posts\/176167\/revisions"}],"wp:featuredmedia":[{"embeddable":true,"href":"https:\/\/ucnoqta.az\/index.php?rest_route=\/wp\/v2\/media\/251278"}],"wp:attachment":[{"href":"https:\/\/ucnoqta.az\/index.php?rest_route=%2Fwp%2Fv2%2Fmedia&parent=176167"}],"wp:term":[{"taxonomy":"category","embeddable":true,"href":"https:\/\/ucnoqta.az\/index.php?rest_route=%2Fwp%2Fv2%2Fcategories&post=176167"},{"taxonomy":"post_tag","embeddable":true,"href":"https:\/\/ucnoqta.az\/index.php?rest_route=%2Fwp%2Fv2%2Ftags&post=176167"}],"curies":[{"name":"wp","href":"https:\/\/api.w.org\/{rel}","templated":true}]}}