{"id":176164,"date":"2023-05-03T17:31:00","date_gmt":"2023-05-03T13:31:00","guid":{"rendered":""},"modified":"-0001-11-30T00:00:00","modified_gmt":"-0001-11-29T20:00:00","slug":"","status":"publish","type":"post","link":"https:\/\/ucnoqta.az\/?p=176164","title":{"rendered":"Prokuror \u0130lkin S\u00fcleymanova 20 il c\u0259za ist\u0259yib"},"content":{"rendered":"<p><strong>Tovuz rayonunun Dondar Qu\u015f&ccedil;u k\u0259ndind\u0259 10 ya\u015fl\u0131 N\u0259rmin Quliyevan\u0131 q\u0259tl\u0259 yetirm\u0259kd\u0259 ittiham olunan \u0130lkin S&uuml;leymanovun cinay\u0259t i\u015fi &uuml;zr\u0259 m\u0259hk\u0259m\u0259 ara\u015fd\u0131rmas\u0131 yekunla\u015fmaq &uuml;zr\u0259dir.<\/strong><\/p>\n<p>APA&nbsp;x\u0259b\u0259r verir ki, bu g&uuml;n G\u0259nc\u0259 A\u011f\u0131r Cinay\u0259tl\u0259r M\u0259hk\u0259m\u0259sind\u0259 hakim Dada\u015f \u0130manovun s\u0259drliyi il\u0259 ke&ccedil;iril\u0259n iclasda d&ouml;vl\u0259t ittiham&ccedil;\u0131s\u0131 M&uuml;\u015ffiq R\u0259himov &ccedil;\u0131x\u0131\u015f edib.<\/p>\n<p>Prokuror \u0130lkin S&uuml;leymanovun ittihamda g&ouml;st\u0259ril\u0259n cinay\u0259t \u0259m\u0259ll\u0259rini t&ouml;r\u0259tm\u0259kd\u0259 t\u0259qsirli bilinm\u0259sini, c\u0259zas\u0131n\u0131n yar\u0131s\u0131n\u0131 ciddi rejimli, yar\u0131s\u0131n\u0131 is\u0259 &uuml;mumi rejimli c\u0259za&ccedil;\u0259km\u0259 m&uuml;\u0259ssis\u0259sind\u0259 &ccedil;\u0259km\u0259si \u015f\u0259rtil\u0259 20 il azadl\u0131qdan m\u0259hrum edilm\u0259sini ist\u0259yib.<\/p>\n<p>Xat\u0131rladaq ki, 2019-cu ilin noyabr\u0131n 19-dan itkin d&uuml;\u015f\u0259n Tovuz rayonunun Dondar Qu\u015f&ccedil;u k\u0259nd sakini, 10 ya\u015fl\u0131 N\u0259rmin Quliyevan\u0131n q\u0259tl\u0259 yetiril\u0259r\u0259k yand\u0131r\u0131lan meyiti 2020-ci il yanvar\u0131n 6-da k\u0259nd \u0259razisind\u0259 a\u015fkar edilib. Daxili \u0130\u015fl\u0259r Nazirliyi, D&ouml;vl\u0259t T\u0259hl&uuml;k\u0259sizliyi Xidm\u0259ti v\u0259 Ba\u015f Prokurorlu\u011fun \u0259m\u0259kda\u015flar\u0131ndan ibar\u0259t istintaq-\u0259m\u0259liyyat qrupu t\u0259r\u0259find\u0259n cinay\u0259tin a&ccedil;\u0131lmas\u0131 istiqam\u0259tind\u0259 h\u0259yata ke&ccedil;irilmi\u015f t\u0259xir\u0259sal\u0131nmaz istintaq h\u0259r\u0259k\u0259tl\u0259ri v\u0259 \u0259m\u0259liyyat-axtar\u0131\u015f t\u0259dbirl\u0259ri n\u0259tic\u0259sind\u0259 cinay\u0259ti t&ouml;r\u0259tm\u0259kd\u0259 \u015f&uuml;bh\u0259li bilin\u0259n Dondar Qu\u015f&ccedil;u k\u0259nd sakini, 1973-c&uuml; il t\u0259v\u0259ll&uuml;dl&uuml; S&uuml;leymanov \u0130lkin \u0130brahim o\u011flu tutularaq istintaqa c\u0259lb edilib.<\/p>\n<p>\u0130lkin S&uuml;leymanova qar\u015f\u0131 Cinay\u0259t M\u0259c\u0259ll\u0259sinin 120.2.4 (x&uuml;susi amans\u0131zl\u0131qla q\u0259sd\u0259n adam &ouml;ld&uuml;rm\u0259), 120.2.9 (t\u0259qsirkar \u015f\u0259xs &uuml;&ccedil;&uuml;n a\u015fkar sur\u0259td\u0259 k&ouml;m\u0259ksiz v\u0259ziyy\u0259td\u0259 olan adam\u0131 q\u0259sd\u0259n &ouml;ld&uuml;rm\u0259), 144.3 (adam o\u011furlu\u011fu) v\u0259 ba\u015fqa madd\u0259l\u0259r il\u0259 ittiham ir\u0259li s&uuml;r&uuml;l&uuml;b.<\/p>\n","protected":false},"excerpt":{"rendered":"<p>Tovuz rayonunun Dondar Qu\u015f&ccedil;u k\u0259ndind\u0259 10 ya\u015fl\u0131 N\u0259rmin Quliyevan\u0131 q\u0259tl\u0259 yetirm\u0259kd\u0259 ittiham olunan \u0130lkin S&uuml;leymanovun cinay\u0259t i\u015fi &uuml;zr\u0259 m\u0259hk\u0259m\u0259 ara\u015fd\u0131rmas\u0131 yekunla\u015fmaq &uuml;zr\u0259dir. APA&nbsp;x\u0259b\u0259r verir ki, bu g&uuml;n G\u0259nc\u0259 A\u011f\u0131r Cinay\u0259tl\u0259r&hellip;<\/p>\n","protected":false},"author":1,"featured_media":251278,"comment_status":"open","ping_status":"open","sticky":false,"template":"","format":"standard","meta":{"_lmt_disableupdate":"","_lmt_disable":"","footnotes":""},"categories":[101],"tags":[],"class_list":["post-176164","post","type-post","status-publish","format-standard","has-post-thumbnail","hentry","category-cemiyyet"],"_links":{"self":[{"href":"https:\/\/ucnoqta.az\/index.php?rest_route=\/wp\/v2\/posts\/176164","targetHints":{"allow":["GET"]}}],"collection":[{"href":"https:\/\/ucnoqta.az\/index.php?rest_route=\/wp\/v2\/posts"}],"about":[{"href":"https:\/\/ucnoqta.az\/index.php?rest_route=\/wp\/v2\/types\/post"}],"author":[{"embeddable":true,"href":"https:\/\/ucnoqta.az\/index.php?rest_route=\/wp\/v2\/users\/1"}],"replies":[{"embeddable":true,"href":"https:\/\/ucnoqta.az\/index.php?rest_route=%2Fwp%2Fv2%2Fcomments&post=176164"}],"version-history":[{"count":0,"href":"https:\/\/ucnoqta.az\/index.php?rest_route=\/wp\/v2\/posts\/176164\/revisions"}],"wp:featuredmedia":[{"embeddable":true,"href":"https:\/\/ucnoqta.az\/index.php?rest_route=\/wp\/v2\/media\/251278"}],"wp:attachment":[{"href":"https:\/\/ucnoqta.az\/index.php?rest_route=%2Fwp%2Fv2%2Fmedia&parent=176164"}],"wp:term":[{"taxonomy":"category","embeddable":true,"href":"https:\/\/ucnoqta.az\/index.php?rest_route=%2Fwp%2Fv2%2Fcategories&post=176164"},{"taxonomy":"post_tag","embeddable":true,"href":"https:\/\/ucnoqta.az\/index.php?rest_route=%2Fwp%2Fv2%2Ftags&post=176164"}],"curies":[{"name":"wp","href":"https:\/\/api.w.org\/{rel}","templated":true}]}}