{"id":176156,"date":"2023-05-03T16:09:28","date_gmt":"2023-05-03T12:09:28","guid":{"rendered":""},"modified":"-0001-11-30T00:00:00","modified_gmt":"-0001-11-29T20:00:00","slug":"","status":"publish","type":"post","link":"https:\/\/ucnoqta.az\/?p=176156","title":{"rendered":"&#8220;\u00dc\u00e7t\u0259r\u0259fli B\u0259yanat at\u0259\u015fk\u0259s raz\u0131la\u015fmas\u0131 deyil&#8221; &#8211;"},"content":{"rendered":"<p><strong>&quot;\u0130kinci Qaraba\u011f m&uuml;harib\u0259si bit\u0259nd\u0259 he&ccedil; d\u0259 &ccedil;oxu sonra n\u0259yin ba\u015f ver\u0259c\u0259yini bilmirdi. &Ccedil;&uuml;nki &uuml;&ccedil;t\u0259r\u0259fli B\u0259yanat at\u0259\u015fk\u0259s raz\u0131la\u015fmas\u0131 deyil. O, h\u0259m&ccedil;inin s&uuml;lh sazi\u015fi d\u0259 deyil. Bel\u0259likl\u0259, sonra n\u0259yin ba\u015f ver\u0259c\u0259yi b&ouml;y&uuml;k sual i\u015far\u0259si idi&quot;.<\/strong><\/p>\n<p>Ucnoqta.az&nbsp;x\u0259b\u0259r verir ki, bu fikri Az\u0259rbaycan Prezidenti \u0130lham \u018fliyev may\u0131n 3-d\u0259 ADA Universitetinin t\u0259\u015fkilat&ccedil;\u0131l\u0131\u011f\u0131 il\u0259 \u015eu\u015fada ke&ccedil;iril\u0259n &Uuml;mummilli Lider Heyd\u0259r \u018fliyevin 100 illik yubileyin\u0259 h\u0259sr olunmu\u015f &ldquo;B&ouml;y&uuml;k Avrasiya geosiyas\u0259tinin formala\u015fmas\u0131: ke&ccedil;mi\u015fd\u0259n bu g&uuml;n\u0259 v\u0259 g\u0259l\u0259c\u0259y\u0259&rdquo; m&ouml;vzusunda d&ouml;rd&uuml;nc&uuml; beyn\u0259lxalq konfransda &ccedil;\u0131x\u0131\u015f\u0131nda bildirib.<\/p>\n<p>D&ouml;vl\u0259t ba\u015f&ccedil;\u0131s\u0131 qeyd edib: &ldquo;Bel\u0259likl\u0259, biz t\u0259\u015f\u0259bb&uuml;s g&ouml;st\u0259rdik, biz inteqrasiya olunmu\u015f C\u0259nub Qafqaz, regional \u0259m\u0259kda\u015fl\u0131q, m&uuml;nasib\u0259tl\u0259rin normalla\u015fmas\u0131 &uuml;&ccedil;&uuml;n g\u0259l\u0259c\u0259y\u0259 bax\u0131\u015f\u0131 ir\u0259li s&uuml;rd&uuml;k. Buna g&ouml;r\u0259 biz s&uuml;lh dan\u0131\u015f\u0131qlar\u0131na ba\u015flamaq t\u0259\u015f\u0259bb&uuml;s&uuml;n&uuml; ir\u0259li s&uuml;rd&uuml;k. B&uuml;t&uuml;n istiqam\u0259tl\u0259rd\u0259n s\u0259s &ccedil;\u0131xmad\u0131. Biz m&uuml;\u0259yy\u0259n vaxt g&ouml;zl\u0259dikd\u0259n sonra tamamil\u0259 beyn\u0259lxalq h&uuml;ququn norma v\u0259 prinsipl\u0259rin\u0259 uy\u011fun g\u0259l\u0259n be\u015f prinsipi ir\u0259li s&uuml;rd&uuml;k. Erm\u0259nistan r\u0259sm\u0259n ya bunlar\u0131 r\u0259dd etm\u0259li idi, ya da onlar\u0131 q\u0259bul etm\u0259li idi. R\u0259dd ets\u0259ydil\u0259r, bu, yen\u0259 d\u0259 onlar\u0131n qeyri-konstruktiv oldu\u011funu g&ouml;st\u0259r\u0259c\u0259kdi, &ccedil;&uuml;nki bu prinsipl\u0259rd\u0259 beyn\u0259lxalq h&uuml;quqa zidd olan he&ccedil; n\u0259 yox idi. Onlar\u0131n q\u0259bul edilm\u0259si is\u0259 psixoloji n&ouml;qteyi-n\u0259z\u0259rd\u0259n, normal davran\u0131\u015f s\u0259rgil\u0259m\u0259y\u0259 raz\u0131 olmaq n&ouml;qteyi-n\u0259z\u0259rind\u0259n y\u0259qin ki, onlar &uuml;&ccedil;&uuml;n &ccedil;\u0259tin idi. Sonra is\u0259 bizd\u0259 Erm\u0259nistan\u0131n ciddi dan\u0131\u015f\u0131qlarda i\u015ftirak etm\u0259k ist\u0259m\u0259m\u0259si s\u0259b\u0259bind\u0259n yen\u0259 d\u0259 uzun fasil\u0259 oldu&rdquo;.<\/p>\n","protected":false},"excerpt":{"rendered":"<p>&quot;\u0130kinci Qaraba\u011f m&uuml;harib\u0259si bit\u0259nd\u0259 he&ccedil; d\u0259 &ccedil;oxu sonra n\u0259yin ba\u015f ver\u0259c\u0259yini bilmirdi. &Ccedil;&uuml;nki &uuml;&ccedil;t\u0259r\u0259fli B\u0259yanat at\u0259\u015fk\u0259s raz\u0131la\u015fmas\u0131 deyil. O, h\u0259m&ccedil;inin s&uuml;lh sazi\u015fi d\u0259 deyil. Bel\u0259likl\u0259, sonra n\u0259yin ba\u015f ver\u0259c\u0259yi b&ouml;y&uuml;k&hellip;<\/p>\n","protected":false},"author":1,"featured_media":251278,"comment_status":"open","ping_status":"open","sticky":false,"template":"","format":"standard","meta":{"_lmt_disableupdate":"","_lmt_disable":"","footnotes":""},"categories":[86],"tags":[],"class_list":["post-176156","post","type-post","status-publish","format-standard","has-post-thumbnail","hentry","category-siyaset"],"_links":{"self":[{"href":"https:\/\/ucnoqta.az\/index.php?rest_route=\/wp\/v2\/posts\/176156","targetHints":{"allow":["GET"]}}],"collection":[{"href":"https:\/\/ucnoqta.az\/index.php?rest_route=\/wp\/v2\/posts"}],"about":[{"href":"https:\/\/ucnoqta.az\/index.php?rest_route=\/wp\/v2\/types\/post"}],"author":[{"embeddable":true,"href":"https:\/\/ucnoqta.az\/index.php?rest_route=\/wp\/v2\/users\/1"}],"replies":[{"embeddable":true,"href":"https:\/\/ucnoqta.az\/index.php?rest_route=%2Fwp%2Fv2%2Fcomments&post=176156"}],"version-history":[{"count":0,"href":"https:\/\/ucnoqta.az\/index.php?rest_route=\/wp\/v2\/posts\/176156\/revisions"}],"wp:featuredmedia":[{"embeddable":true,"href":"https:\/\/ucnoqta.az\/index.php?rest_route=\/wp\/v2\/media\/251278"}],"wp:attachment":[{"href":"https:\/\/ucnoqta.az\/index.php?rest_route=%2Fwp%2Fv2%2Fmedia&parent=176156"}],"wp:term":[{"taxonomy":"category","embeddable":true,"href":"https:\/\/ucnoqta.az\/index.php?rest_route=%2Fwp%2Fv2%2Fcategories&post=176156"},{"taxonomy":"post_tag","embeddable":true,"href":"https:\/\/ucnoqta.az\/index.php?rest_route=%2Fwp%2Fv2%2Ftags&post=176156"}],"curies":[{"name":"wp","href":"https:\/\/api.w.org\/{rel}","templated":true}]}}