{"id":172687,"date":"2023-03-17T13:19:48","date_gmt":"2023-03-17T09:19:48","guid":{"rendered":""},"modified":"-0001-11-30T00:00:00","modified_gmt":"-0001-11-29T20:00:00","slug":"","status":"publish","type":"post","link":"https:\/\/ucnoqta.az\/?p=172687","title":{"rendered":"&#8220;\u0130srail v\u0259 F\u0259l\u0259stin s\u00fclh\u0259 haz\u0131r deyil&#8221; &#8211;"},"content":{"rendered":"<p><strong>Avropa \u0130ttifaq\u0131n\u0131n xarici i\u015fl\u0259r v\u0259 t\u0259hl&uuml;k\u0259sizlik siyas\u0259ti &uuml;zr\u0259 ali n&uuml;may\u0259nd\u0259si Cozep Borrell hesab edir ki, n\u0259 \u0130srail, n\u0259 d\u0259 F\u0259l\u0259stin s&uuml;lh\u0259 haz\u0131r deyil.<\/strong><\/p>\n<p>Ucnoqta.az x\u0259b\u0259r verir ki, o, bu bar\u0259d\u0259 c&uuml;m\u0259 g&uuml;n&uuml; El Pais q\u0259zetind\u0259 d\u0259rc olunan m\u0259qal\u0259sind\u0259 bildirib.<\/p>\n<p>&quot;\u0130sraild\u0259 v\u0259 i\u015f\u011fal olunmu\u015f F\u0259l\u0259stin \u0259razil\u0259rind\u0259 h\u0259r h\u0259ft\u0259 &ccedil;ox sayda insan &ouml;l&uuml;r, milyonlarla insan qorxu v\u0259 &uuml;midsiz ya\u015fay\u0131r. D&uuml;nyan\u0131n reaksiyas\u0131 h\u0259dd\u0259n art\u0131q &ccedil;ox b\u0259yanatlar v\u0259 &ccedil;ox az h\u0259r\u0259k\u0259tl\u0259r oldu&quot; &#8211; deyib.<\/p>\n<p>O, A\u0130 v\u0259 beyn\u0259lxalq ictimaiyy\u0259ti v\u0259ziyy\u0259tin h\u0259lli &uuml;&ccedil;&uuml;n daha &ccedil;ox s\u0259y g&ouml;st\u0259rm\u0259y\u0259 &ccedil;a\u011f\u0131r\u0131b. &ldquo;Ayd\u0131nd\u0131r ki, n\u0259 \u0130srail t\u0259r\u0259fi, n\u0259 d\u0259 F\u0259l\u0259stin t\u0259r\u0259fi s&uuml;lh\u0259 haz\u0131r deyil&rdquo;, &#8211; Borrell bildirib.<\/p>\n","protected":false},"excerpt":{"rendered":"<p>Avropa \u0130ttifaq\u0131n\u0131n xarici i\u015fl\u0259r v\u0259 t\u0259hl&uuml;k\u0259sizlik siyas\u0259ti &uuml;zr\u0259 ali n&uuml;may\u0259nd\u0259si Cozep Borrell hesab edir ki, n\u0259 \u0130srail, n\u0259 d\u0259 F\u0259l\u0259stin s&uuml;lh\u0259 haz\u0131r deyil. Ucnoqta.az x\u0259b\u0259r verir ki, o, bu bar\u0259d\u0259&hellip;<\/p>\n","protected":false},"author":1,"featured_media":251278,"comment_status":"open","ping_status":"open","sticky":false,"template":"","format":"standard","meta":{"_lmt_disableupdate":"","_lmt_disable":"","footnotes":""},"categories":[89],"tags":[],"class_list":["post-172687","post","type-post","status-publish","format-standard","has-post-thumbnail","hentry","category-dunya-butun-xeberler"],"_links":{"self":[{"href":"https:\/\/ucnoqta.az\/index.php?rest_route=\/wp\/v2\/posts\/172687","targetHints":{"allow":["GET"]}}],"collection":[{"href":"https:\/\/ucnoqta.az\/index.php?rest_route=\/wp\/v2\/posts"}],"about":[{"href":"https:\/\/ucnoqta.az\/index.php?rest_route=\/wp\/v2\/types\/post"}],"author":[{"embeddable":true,"href":"https:\/\/ucnoqta.az\/index.php?rest_route=\/wp\/v2\/users\/1"}],"replies":[{"embeddable":true,"href":"https:\/\/ucnoqta.az\/index.php?rest_route=%2Fwp%2Fv2%2Fcomments&post=172687"}],"version-history":[{"count":0,"href":"https:\/\/ucnoqta.az\/index.php?rest_route=\/wp\/v2\/posts\/172687\/revisions"}],"wp:featuredmedia":[{"embeddable":true,"href":"https:\/\/ucnoqta.az\/index.php?rest_route=\/wp\/v2\/media\/251278"}],"wp:attachment":[{"href":"https:\/\/ucnoqta.az\/index.php?rest_route=%2Fwp%2Fv2%2Fmedia&parent=172687"}],"wp:term":[{"taxonomy":"category","embeddable":true,"href":"https:\/\/ucnoqta.az\/index.php?rest_route=%2Fwp%2Fv2%2Fcategories&post=172687"},{"taxonomy":"post_tag","embeddable":true,"href":"https:\/\/ucnoqta.az\/index.php?rest_route=%2Fwp%2Fv2%2Ftags&post=172687"}],"curies":[{"name":"wp","href":"https:\/\/api.w.org\/{rel}","templated":true}]}}