{"id":172684,"date":"2023-03-17T12:49:31","date_gmt":"2023-03-17T08:49:31","guid":{"rendered":""},"modified":"-0001-11-30T00:00:00","modified_gmt":"-0001-11-29T20:00:00","slug":"","status":"publish","type":"post","link":"https:\/\/ucnoqta.az\/?p=172684","title":{"rendered":"A\u0130 Ukraynaya 1,5 milyard avro yard\u0131m edir"},"content":{"rendered":"<p><strong>Avropa \u0130ttifaq\u0131 Ukraynaya 1,5 milyard avro m\u0259bl\u0259\u011find\u0259 makromaliyy\u0259 yard\u0131m\u0131n\u0131n ikinci tran\u015f\u0131 ver\u0259c\u0259k.<\/strong><\/p>\n<p>Ucnoqta.az xarici m\u0259tbuata istinad\u0259n x\u0259b\u0259r verir ki, A\u0130 g\u0259l\u0259n h\u0259ft\u0259 Ukraynaya 1,5 milyard avro m\u0259bl\u0259\u011find\u0259 makromaliyy\u0259 yard\u0131m\u0131n\u0131n ikinci tran\u015f\u0131n\u0131 ay\u0131racaq.&nbsp;<\/p>\n<p>Bu bar\u0259d\u0259 Avropa Komissiyas\u0131n\u0131n s\u0259dr m&uuml;avini Valdis Dombrovskis &quot;Twitter&quot;d\u0259 yaz\u0131b.<\/p>\n<p>&quot;Biz bu &ouml;lk\u0259nin t\u0259cili ehtiyaclar\u0131n\u0131 &ouml;d\u0259m\u0259y\u0259 k&ouml;m\u0259k etm\u0259k &uuml;&ccedil;&uuml;n g\u0259l\u0259n h\u0259ft\u0259 1,5 milyard avro h\u0259cmind\u0259 geni\u015fl\u0259ndirilmi\u015f makro-maliyy\u0259 yard\u0131m proqram\u0131m\u0131z\u0131n ikinci tran\u015f\u0131n\u0131 Ukraynaya k&ouml;&ccedil;&uuml;rm\u0259yi s\u0259birsizlikl\u0259 g&ouml;zl\u0259yirik&quot; &#8211; deyib.<\/p>\n","protected":false},"excerpt":{"rendered":"<p>Avropa \u0130ttifaq\u0131 Ukraynaya 1,5 milyard avro m\u0259bl\u0259\u011find\u0259 makromaliyy\u0259 yard\u0131m\u0131n\u0131n ikinci tran\u015f\u0131 ver\u0259c\u0259k. Ucnoqta.az xarici m\u0259tbuata istinad\u0259n x\u0259b\u0259r verir ki, A\u0130 g\u0259l\u0259n h\u0259ft\u0259 Ukraynaya 1,5 milyard avro m\u0259bl\u0259\u011find\u0259 makromaliyy\u0259 yard\u0131m\u0131n\u0131n ikinci&hellip;<\/p>\n","protected":false},"author":1,"featured_media":251278,"comment_status":"open","ping_status":"open","sticky":false,"template":"","format":"standard","meta":{"_lmt_disableupdate":"","_lmt_disable":"","footnotes":""},"categories":[89],"tags":[],"class_list":["post-172684","post","type-post","status-publish","format-standard","has-post-thumbnail","hentry","category-dunya-butun-xeberler"],"_links":{"self":[{"href":"https:\/\/ucnoqta.az\/index.php?rest_route=\/wp\/v2\/posts\/172684","targetHints":{"allow":["GET"]}}],"collection":[{"href":"https:\/\/ucnoqta.az\/index.php?rest_route=\/wp\/v2\/posts"}],"about":[{"href":"https:\/\/ucnoqta.az\/index.php?rest_route=\/wp\/v2\/types\/post"}],"author":[{"embeddable":true,"href":"https:\/\/ucnoqta.az\/index.php?rest_route=\/wp\/v2\/users\/1"}],"replies":[{"embeddable":true,"href":"https:\/\/ucnoqta.az\/index.php?rest_route=%2Fwp%2Fv2%2Fcomments&post=172684"}],"version-history":[{"count":0,"href":"https:\/\/ucnoqta.az\/index.php?rest_route=\/wp\/v2\/posts\/172684\/revisions"}],"wp:featuredmedia":[{"embeddable":true,"href":"https:\/\/ucnoqta.az\/index.php?rest_route=\/wp\/v2\/media\/251278"}],"wp:attachment":[{"href":"https:\/\/ucnoqta.az\/index.php?rest_route=%2Fwp%2Fv2%2Fmedia&parent=172684"}],"wp:term":[{"taxonomy":"category","embeddable":true,"href":"https:\/\/ucnoqta.az\/index.php?rest_route=%2Fwp%2Fv2%2Fcategories&post=172684"},{"taxonomy":"post_tag","embeddable":true,"href":"https:\/\/ucnoqta.az\/index.php?rest_route=%2Fwp%2Fv2%2Ftags&post=172684"}],"curies":[{"name":"wp","href":"https:\/\/api.w.org\/{rel}","templated":true}]}}