{"id":172682,"date":"2023-03-17T12:43:16","date_gmt":"2023-03-17T08:43:16","guid":{"rendered":""},"modified":"-0001-11-30T00:00:00","modified_gmt":"-0001-11-29T20:00:00","slug":"","status":"publish","type":"post","link":"https:\/\/ucnoqta.az\/?p=172682","title":{"rendered":"\u0130smay\u0131ll\u0131da Novruz bayram\u0131 il\u0259 \u0259laq\u0259dar konsert ke\u00e7irilib &#8211;"},"content":{"rendered":"<p><strong>\u0130smay\u0131ll\u0131da Rayon icra hakimiyy\u0259tinin v\u0259 Regional M\u0259d\u0259niyy\u0259t \u0130dar\u0259sinin birg\u0259 t\u0259\u015fkilat&ccedil;\u0131l\u0131\u011f\u0131 il\u0259 Novruz bayram\u0131na h\u0259sr edil\u0259n r\u0259ngar\u0259ng konsert olub.&nbsp;<\/strong><\/p>\n<p>Az\u0259rbaycan xalq\u0131n\u0131n milli-m\u0259n\u0259vi, maddi v\u0259 m\u0259d\u0259ni d\u0259y\u0259rl\u0259rini g\u0259nc n\u0259sl\u0259 daha yax\u0131ndan tan\u0131tmaq v\u0259 t\u0259bli\u011f etm\u0259k m\u0259qs\u0259dil\u0259 t\u0259\u015fkil edil\u0259n t\u0259dbird\u0259 h&uuml;quq-m&uuml;hafiz\u0259 orqanlar\u0131, idar\u0259, t\u0259\u015fkilat v\u0259 m&uuml;\u0259ssis\u0259 r\u0259hb\u0259rl\u0259ri, R\u0130H-nin \u0259m\u0259kda\u015flar\u0131, \u015f\u0259hid ail\u0259l\u0259ri, V\u0259t\u0259n m&uuml;harib\u0259si i\u015ftirak&ccedil;\u0131lar\u0131, rayon ictimaiyy\u0259t n&uuml;may\u0259nd\u0259l\u0259ri, m\u0259kt\u0259blil\u0259r v\u0259 \u0130smay\u0131ll\u0131 sakinl\u0259ri i\u015ftirak edib.&nbsp;<\/p>\n<p>R\u0130H-nin ba\u015f&ccedil;\u0131s\u0131 Nahid Ba\u011f\u0131rov Novruz bayram\u0131 m&uuml;nasib\u0259til\u0259 rayon sakinl\u0259rini, \u015f\u0259nlik i\u015ftirak&ccedil;\u0131lar\u0131n\u0131 t\u0259brik edib.&nbsp;<br \/>\nM\u0259rk\u0259zi meydanda bayram tonqal\u0131 qalan\u0131b. T\u0259dbir geni\u015f v\u0259 r\u0259ngar\u0259ng konsert proqram\u0131 il\u0259 davam etdirilib. Az\u0259rbaycan\u0131n tan\u0131nm\u0131\u015f m&uuml;\u011f\u0259nnil\u0259ri Nigar \u015eabanova, Ayt\u0259n M\u0259h\u0259rr\u0259mova, Lah\u0131c v\u0259 \u0130vanovka folklor quruplar\u0131, A\u015f\u0131qlar ansamb\u0131l\u0131 bir-birind\u0259n f\u0259rqli ifalarla bayram i\u015ftirak&ccedil;\u0131lar\u0131na xo\u015f anlar b\u0259x\u015f edibl\u0259r.<\/p>\n","protected":false},"excerpt":{"rendered":"<p>\u0130smay\u0131ll\u0131da Rayon icra hakimiyy\u0259tinin v\u0259 Regional M\u0259d\u0259niyy\u0259t \u0130dar\u0259sinin birg\u0259 t\u0259\u015fkilat&ccedil;\u0131l\u0131\u011f\u0131 il\u0259 Novruz bayram\u0131na h\u0259sr edil\u0259n r\u0259ngar\u0259ng konsert olub.&nbsp; Az\u0259rbaycan xalq\u0131n\u0131n milli-m\u0259n\u0259vi, maddi v\u0259 m\u0259d\u0259ni d\u0259y\u0259rl\u0259rini g\u0259nc n\u0259sl\u0259 daha yax\u0131ndan tan\u0131tmaq&hellip;<\/p>\n","protected":false},"author":1,"featured_media":251278,"comment_status":"open","ping_status":"open","sticky":false,"template":"","format":"standard","meta":{"_lmt_disableupdate":"","_lmt_disable":"","footnotes":""},"categories":[91],"tags":[],"class_list":["post-172682","post","type-post","status-publish","format-standard","has-post-thumbnail","hentry","category-olkeici"],"_links":{"self":[{"href":"https:\/\/ucnoqta.az\/index.php?rest_route=\/wp\/v2\/posts\/172682","targetHints":{"allow":["GET"]}}],"collection":[{"href":"https:\/\/ucnoqta.az\/index.php?rest_route=\/wp\/v2\/posts"}],"about":[{"href":"https:\/\/ucnoqta.az\/index.php?rest_route=\/wp\/v2\/types\/post"}],"author":[{"embeddable":true,"href":"https:\/\/ucnoqta.az\/index.php?rest_route=\/wp\/v2\/users\/1"}],"replies":[{"embeddable":true,"href":"https:\/\/ucnoqta.az\/index.php?rest_route=%2Fwp%2Fv2%2Fcomments&post=172682"}],"version-history":[{"count":0,"href":"https:\/\/ucnoqta.az\/index.php?rest_route=\/wp\/v2\/posts\/172682\/revisions"}],"wp:featuredmedia":[{"embeddable":true,"href":"https:\/\/ucnoqta.az\/index.php?rest_route=\/wp\/v2\/media\/251278"}],"wp:attachment":[{"href":"https:\/\/ucnoqta.az\/index.php?rest_route=%2Fwp%2Fv2%2Fmedia&parent=172682"}],"wp:term":[{"taxonomy":"category","embeddable":true,"href":"https:\/\/ucnoqta.az\/index.php?rest_route=%2Fwp%2Fv2%2Fcategories&post=172682"},{"taxonomy":"post_tag","embeddable":true,"href":"https:\/\/ucnoqta.az\/index.php?rest_route=%2Fwp%2Fv2%2Ftags&post=172682"}],"curies":[{"name":"wp","href":"https:\/\/api.w.org\/{rel}","templated":true}]}}