{"id":172674,"date":"2023-03-17T11:52:05","date_gmt":"2023-03-17T07:52:05","guid":{"rendered":""},"modified":"-0001-11-30T00:00:00","modified_gmt":"-0001-11-29T20:00:00","slug":"","status":"publish","type":"post","link":"https:\/\/ucnoqta.az\/?p=172674","title":{"rendered":"\u0130taliyada d\u00fcnyan\u0131n \u0259n uzun asma k\u00f6rp\u00fcs\u00fc tikil\u0259c\u0259k"},"content":{"rendered":"<p><strong>\u0130taliya d&uuml;nyan\u0131n \u0259n uzun asma k&ouml;rp&uuml;s&uuml;n&uuml; tik\u0259c\u0259k<\/strong><\/p>\n<p>Ucnoqta.az Bloomberg-\u0259 istinad\u0259n x\u0259b\u0259r verir ki, o, Siciliya adas\u0131 il\u0259 &ouml;lk\u0259nin materik hiss\u0259si aras\u0131nda tikil\u0259c\u0259k.<\/p>\n<p>K&ouml;rp&uuml;n&uuml;n dizayn\u0131 q\u0259dim romal\u0131lar t\u0259r\u0259find\u0259n haz\u0131rlan\u0131b v\u0259 \u0130taliyan\u0131n m&uuml;asir h&ouml;kum\u0259ti t\u0259r\u0259find\u0259n d\u0259f\u0259l\u0259rl\u0259 m&uuml;zakir\u0259 olunub. Planlara g&ouml;r\u0259, strukturun uzunlu\u011fu 3,2 kilometr olacaq. C&uuml;m\u0259 ax\u015fam\u0131, mart\u0131n 16-da \u0130taliya hakimiyy\u0259ti layih\u0259nin inki\u015faf\u0131n\u0131n b\u0259rpas\u0131na icaz\u0259 ver\u0259n f\u0259rman\u0131 t\u0259sdiql\u0259yib. Bir a\u015f\u0131r\u0131ml\u0131 k&ouml;rp&uuml;n&uuml;n tikintisin\u0259 2024-c&uuml; ild\u0259 ba\u015flanmal\u0131d\u0131r.<\/p>\n<p>\u018fvv\u0259ll\u0259r ideyan\u0131n h\u0259yata ke&ccedil;irilm\u0259sin\u0259 maliyy\u0259 v\u0259 geoloji probleml\u0259r mane olurdu.&nbsp;<\/p>\n<p>\u0130nfrastruktur naziri Matteo Salvini deyib ki, k&ouml;rp&uuml; karbon emissiyalar\u0131n\u0131 azaltma\u011fa k&ouml;m\u0259k ed\u0259c\u0259k. Bundan \u0259lav\u0259, tikinti bo\u011fazdan ke&ccedil;m\u0259yi daha s&uuml;r\u0259tli v\u0259 ucuz ed\u0259c\u0259k, h\u0259m&ccedil;inin turistl\u0259ri c\u0259lb ed\u0259c\u0259k.<\/p>\n","protected":false},"excerpt":{"rendered":"<p>\u0130taliya d&uuml;nyan\u0131n \u0259n uzun asma k&ouml;rp&uuml;s&uuml;n&uuml; tik\u0259c\u0259k Ucnoqta.az Bloomberg-\u0259 istinad\u0259n x\u0259b\u0259r verir ki, o, Siciliya adas\u0131 il\u0259 &ouml;lk\u0259nin materik hiss\u0259si aras\u0131nda tikil\u0259c\u0259k. K&ouml;rp&uuml;n&uuml;n dizayn\u0131 q\u0259dim romal\u0131lar t\u0259r\u0259find\u0259n haz\u0131rlan\u0131b v\u0259 \u0130taliyan\u0131n&hellip;<\/p>\n","protected":false},"author":1,"featured_media":251278,"comment_status":"open","ping_status":"open","sticky":false,"template":"","format":"standard","meta":{"_lmt_disableupdate":"","_lmt_disable":"","footnotes":""},"categories":[89],"tags":[],"class_list":["post-172674","post","type-post","status-publish","format-standard","has-post-thumbnail","hentry","category-dunya-butun-xeberler"],"_links":{"self":[{"href":"https:\/\/ucnoqta.az\/index.php?rest_route=\/wp\/v2\/posts\/172674","targetHints":{"allow":["GET"]}}],"collection":[{"href":"https:\/\/ucnoqta.az\/index.php?rest_route=\/wp\/v2\/posts"}],"about":[{"href":"https:\/\/ucnoqta.az\/index.php?rest_route=\/wp\/v2\/types\/post"}],"author":[{"embeddable":true,"href":"https:\/\/ucnoqta.az\/index.php?rest_route=\/wp\/v2\/users\/1"}],"replies":[{"embeddable":true,"href":"https:\/\/ucnoqta.az\/index.php?rest_route=%2Fwp%2Fv2%2Fcomments&post=172674"}],"version-history":[{"count":0,"href":"https:\/\/ucnoqta.az\/index.php?rest_route=\/wp\/v2\/posts\/172674\/revisions"}],"wp:featuredmedia":[{"embeddable":true,"href":"https:\/\/ucnoqta.az\/index.php?rest_route=\/wp\/v2\/media\/251278"}],"wp:attachment":[{"href":"https:\/\/ucnoqta.az\/index.php?rest_route=%2Fwp%2Fv2%2Fmedia&parent=172674"}],"wp:term":[{"taxonomy":"category","embeddable":true,"href":"https:\/\/ucnoqta.az\/index.php?rest_route=%2Fwp%2Fv2%2Fcategories&post=172674"},{"taxonomy":"post_tag","embeddable":true,"href":"https:\/\/ucnoqta.az\/index.php?rest_route=%2Fwp%2Fv2%2Ftags&post=172674"}],"curies":[{"name":"wp","href":"https:\/\/api.w.org\/{rel}","templated":true}]}}