{"id":172672,"date":"2023-03-17T11:38:50","date_gmt":"2023-03-17T07:38:50","guid":{"rendered":""},"modified":"-0001-11-30T00:00:00","modified_gmt":"-0001-11-29T20:00:00","slug":"","status":"publish","type":"post","link":"https:\/\/ucnoqta.az\/?p=172672","title":{"rendered":"Parisd\u0259 pensiya ya\u015f\u0131n\u0131n art\u0131r\u0131lmas\u0131na qar\u015f\u0131 etiraz aksiyalar\u0131 ke\u00e7irilib"},"content":{"rendered":"<p><strong>Parisd\u0259 pensiya ya\u015f\u0131n\u0131n art\u0131r\u0131lmas\u0131na qar\u015f\u0131 etiraz aksiyalar\u0131 ke&ccedil;irilib<\/strong><\/p>\n<p>Ucnoqta.az x\u0259b\u0259r verir ki, &ouml;t\u0259n g&uuml;n&nbsp;&ouml;lk\u0259 h&ouml;kum\u0259ti s\u0259sverm\u0259 olmadan pensiya ya\u015f\u0131n\u0131n 62-d\u0259n 64-\u0259 qald\u0131r\u0131lmas\u0131 il\u0259 ba\u011fl\u0131 qanun q\u0259bul edib. Bu is\u0259 naraz\u0131l\u0131\u011fa s\u0259b\u0259b olub,&nbsp;k&uuml;&ccedil;\u0259l\u0259rd\u0259 mitinql\u0259r ba\u015flay\u0131b.&nbsp;\u0130nsanlar ba\u015f nazirin istefas\u0131n\u0131 t\u0259l\u0259b etdil\u0259r.<\/p>\n<p>Polis etiraz&ccedil;\u0131lara qar\u015f\u0131 g&ouml;zya\u015fard\u0131c\u0131 qaz v\u0259 su \u015f\u0131rnaqlar\u0131ndan istifad\u0259 edib,&nbsp;217 n\u0259f\u0259r saxlan\u0131l\u0131b.<\/p>\n","protected":false},"excerpt":{"rendered":"<p>Parisd\u0259 pensiya ya\u015f\u0131n\u0131n art\u0131r\u0131lmas\u0131na qar\u015f\u0131 etiraz aksiyalar\u0131 ke&ccedil;irilib Ucnoqta.az x\u0259b\u0259r verir ki, &ouml;t\u0259n g&uuml;n&nbsp;&ouml;lk\u0259 h&ouml;kum\u0259ti s\u0259sverm\u0259 olmadan pensiya ya\u015f\u0131n\u0131n 62-d\u0259n 64-\u0259 qald\u0131r\u0131lmas\u0131 il\u0259 ba\u011fl\u0131 qanun q\u0259bul edib. Bu is\u0259 naraz\u0131l\u0131\u011fa&hellip;<\/p>\n","protected":false},"author":1,"featured_media":251278,"comment_status":"open","ping_status":"open","sticky":false,"template":"","format":"standard","meta":{"_lmt_disableupdate":"","_lmt_disable":"","footnotes":""},"categories":[89],"tags":[],"class_list":["post-172672","post","type-post","status-publish","format-standard","has-post-thumbnail","hentry","category-dunya-butun-xeberler"],"_links":{"self":[{"href":"https:\/\/ucnoqta.az\/index.php?rest_route=\/wp\/v2\/posts\/172672","targetHints":{"allow":["GET"]}}],"collection":[{"href":"https:\/\/ucnoqta.az\/index.php?rest_route=\/wp\/v2\/posts"}],"about":[{"href":"https:\/\/ucnoqta.az\/index.php?rest_route=\/wp\/v2\/types\/post"}],"author":[{"embeddable":true,"href":"https:\/\/ucnoqta.az\/index.php?rest_route=\/wp\/v2\/users\/1"}],"replies":[{"embeddable":true,"href":"https:\/\/ucnoqta.az\/index.php?rest_route=%2Fwp%2Fv2%2Fcomments&post=172672"}],"version-history":[{"count":0,"href":"https:\/\/ucnoqta.az\/index.php?rest_route=\/wp\/v2\/posts\/172672\/revisions"}],"wp:featuredmedia":[{"embeddable":true,"href":"https:\/\/ucnoqta.az\/index.php?rest_route=\/wp\/v2\/media\/251278"}],"wp:attachment":[{"href":"https:\/\/ucnoqta.az\/index.php?rest_route=%2Fwp%2Fv2%2Fmedia&parent=172672"}],"wp:term":[{"taxonomy":"category","embeddable":true,"href":"https:\/\/ucnoqta.az\/index.php?rest_route=%2Fwp%2Fv2%2Fcategories&post=172672"},{"taxonomy":"post_tag","embeddable":true,"href":"https:\/\/ucnoqta.az\/index.php?rest_route=%2Fwp%2Fv2%2Ftags&post=172672"}],"curies":[{"name":"wp","href":"https:\/\/api.w.org\/{rel}","templated":true}]}}