{"id":172669,"date":"2023-03-17T11:12:51","date_gmt":"2023-03-17T07:12:51","guid":{"rendered":""},"modified":"-0001-11-30T00:00:00","modified_gmt":"-0001-11-29T20:00:00","slug":"","status":"publish","type":"post","link":"https:\/\/ucnoqta.az\/?p=172669","title":{"rendered":"D\u0130M s\u0259dri burax\u0131l\u0131\u015f imtahanlar\u0131n\u0131n m\u0259zmunu v\u0259 m\u00fcr\u0259kk\u0259blik d\u0259r\u0259c\u0259sin\u0259 ayd\u0131nl\u0131q g\u0259tirib"},"content":{"rendered":"<p><strong>Son g&uuml;nl\u0259r ictimaiyy\u0259t aras\u0131nda m&uuml;zakir\u0259 olunan burax\u0131l\u0131\u015f imtahanlar\u0131n\u0131n m\u0259zmunu v\u0259 m&uuml;r\u0259kk\u0259blik d\u0259r\u0259c\u0259sin\u0259 ayd\u0131nl\u0131q g\u0259tirilib.<\/strong><\/p>\n<p>APA&nbsp;x\u0259b\u0259r verir ki, bu bar\u0259d\u0259 D&ouml;vl\u0259t \u0130mtahan M\u0259rk\u0259zinin Direktorlar \u015euras\u0131n\u0131n s\u0259dri M\u0259leyk\u0259 Abbaszad\u0259 ali t\u0259hsil m&uuml;\u0259ssis\u0259l\u0259rin\u0259 s\u0259n\u0259d q\u0259bulunun ba\u015fa &ccedil;atmas\u0131 v\u0259 burax\u0131l\u0131\u015f imtahanlar\u0131na h\u0259sr olunmu\u015f m\u0259tbuat konfrans\u0131nda m\u0259lumat verib.<\/p>\n<p>O bildirib ki, burax\u0131l\u0131\u015f imtahanlar\u0131nda istifad\u0259 edil\u0259n b&uuml;t&uuml;n test tap\u015f\u0131r\u0131qlar\u0131n\u0131n &uuml;mumt\u0259hsil m&uuml;\u0259ssis\u0259l\u0259rind\u0259 q&uuml;vv\u0259d\u0259 olan d\u0259rslikl\u0259r \u0259sas\u0131nda haz\u0131rlan\u0131b v\u0259 m&uuml;vafiq f\u0259nl\u0259r &uuml;zr\u0259 t\u0259hsil proqram\u0131 &ndash; kurikulumun t\u0259lim n\u0259tic\u0259l\u0259rin\u0259 uy\u011fun bilik v\u0259 bacar\u0131qlar\u0131 yoxlama\u011fa xidm\u0259t edir.<\/p>\n<p>&ldquo;\u0130mtahanda istifad\u0259 olunan h\u0259r bir tap\u015f\u0131r\u0131\u011f\u0131n, h\u0259r bir sual\u0131n m\u0259qs\u0259di var. B&uuml;t&uuml;n bunlar b\u0259lli standartlar &uuml;zr\u0259 bilik v\u0259 bacar\u0131qlar\u0131 yoxlamaq &uuml;&ccedil;&uuml;nd&uuml;r. H\u0259r bir tap\u015f\u0131r\u0131\u011f\u0131n konkret olaraq hans\u0131 standart\u0131 yoxlama\u011fa xidm\u0259t etdiyini d\u0259 g&ouml;st\u0259r\u0259 bil\u0259rik&rdquo;.<\/p>\n<p>M\u0259leyk\u0259 Abbaszad\u0259 qeyd edib ki, b\u0259z\u0259n oxuyub-anlama bacar\u0131\u011f\u0131n\u0131 yoxlamaq &uuml;&ccedil;&uuml;n imtahanda istifad\u0259 olunan hans\u0131sa bir m\u0259tnin h\u0259cminin b&ouml;y&uuml;k olmas\u0131, m\u0259zmununun &ccedil;\u0259tin v\u0259 ya proqramdan k\u0259nar olmas\u0131 il\u0259 ba\u011fl\u0131 iddialar s\u0259sl\u0259ndirilir.<\/p>\n<p>Bu il imtahanda istifad\u0259 olunan &ldquo;Telekinez&rdquo; l\u0259 ba\u011fl\u0131 m\u0259tn daha &ccedil;ox m&uuml;zakir\u0259l\u0259r\u0259 s\u0259b\u0259b olub. Halbuki h\u0259min m\u0259tnin h\u0259cmi \u0259vv\u0259lc\u0259d\u0259n veril\u0259n imtahan modelind\u0259ki m\u0259tnl\u0259, h\u0259m&ccedil;inin daha \u0259vv\u0259l imtahanlarda istifad\u0259 olunan m\u0259tnl\u0259rin h\u0259cmi il\u0259 eynidir. S\u0259sl\u0259ndiril\u0259n fikirl\u0259rd\u0259 m\u0259tnin m\u0259zmununun da 11-ci sinif \u015fagirdl\u0259ri &uuml;&ccedil;&uuml;n &ccedil;\u0259tin oldu\u011fu bildirilir.<\/p>\n<p>&ldquo;4-c&uuml; sinif Az\u0259rbaycan dili metodik v\u0259saitin\u0259 bax\u0131n (s\u0259h.226, 2015-ci il, e-derslik.edu.az). G&ouml;r&uuml;n telekinez haqq\u0131nda n\u0259 q\u0259d\u0259r m\u0259lumat var. T\u0259\u0259ss&uuml;f ki, insanlar 4-c&uuml; sinifd\u0259 veril\u0259n m&ouml;vzular\u0131n 11-ci sinif \u015fagirdi &uuml;&ccedil;&uuml;n &ccedil;\u0259tinlik yaratd\u0131\u011f\u0131n\u0131 iddia edirl\u0259r. Ancaq builki m\u0259zunlar 2015-2016-c\u0131 t\u0259dris ilind\u0259 h\u0259min d\u0259rsi ke&ccedil;ibl\u0259r v\u0259 tan\u0131\u015f olmal\u0131 idil\u0259r&rdquo;.<\/p>\n","protected":false},"excerpt":{"rendered":"<p>Son g&uuml;nl\u0259r ictimaiyy\u0259t aras\u0131nda m&uuml;zakir\u0259 olunan burax\u0131l\u0131\u015f imtahanlar\u0131n\u0131n m\u0259zmunu v\u0259 m&uuml;r\u0259kk\u0259blik d\u0259r\u0259c\u0259sin\u0259 ayd\u0131nl\u0131q g\u0259tirilib. APA&nbsp;x\u0259b\u0259r verir ki, bu bar\u0259d\u0259 D&ouml;vl\u0259t \u0130mtahan M\u0259rk\u0259zinin Direktorlar \u015euras\u0131n\u0131n s\u0259dri M\u0259leyk\u0259 Abbaszad\u0259 ali t\u0259hsil m&uuml;\u0259ssis\u0259l\u0259rin\u0259&hellip;<\/p>\n","protected":false},"author":1,"featured_media":251278,"comment_status":"open","ping_status":"open","sticky":false,"template":"","format":"standard","meta":{"_lmt_disableupdate":"","_lmt_disable":"","footnotes":""},"categories":[],"tags":[],"class_list":["post-172669","post","type-post","status-publish","format-standard","has-post-thumbnail","hentry"],"_links":{"self":[{"href":"https:\/\/ucnoqta.az\/index.php?rest_route=\/wp\/v2\/posts\/172669","targetHints":{"allow":["GET"]}}],"collection":[{"href":"https:\/\/ucnoqta.az\/index.php?rest_route=\/wp\/v2\/posts"}],"about":[{"href":"https:\/\/ucnoqta.az\/index.php?rest_route=\/wp\/v2\/types\/post"}],"author":[{"embeddable":true,"href":"https:\/\/ucnoqta.az\/index.php?rest_route=\/wp\/v2\/users\/1"}],"replies":[{"embeddable":true,"href":"https:\/\/ucnoqta.az\/index.php?rest_route=%2Fwp%2Fv2%2Fcomments&post=172669"}],"version-history":[{"count":0,"href":"https:\/\/ucnoqta.az\/index.php?rest_route=\/wp\/v2\/posts\/172669\/revisions"}],"wp:featuredmedia":[{"embeddable":true,"href":"https:\/\/ucnoqta.az\/index.php?rest_route=\/wp\/v2\/media\/251278"}],"wp:attachment":[{"href":"https:\/\/ucnoqta.az\/index.php?rest_route=%2Fwp%2Fv2%2Fmedia&parent=172669"}],"wp:term":[{"taxonomy":"category","embeddable":true,"href":"https:\/\/ucnoqta.az\/index.php?rest_route=%2Fwp%2Fv2%2Fcategories&post=172669"},{"taxonomy":"post_tag","embeddable":true,"href":"https:\/\/ucnoqta.az\/index.php?rest_route=%2Fwp%2Fv2%2Ftags&post=172669"}],"curies":[{"name":"wp","href":"https:\/\/api.w.org\/{rel}","templated":true}]}}