{"id":163523,"date":"2022-11-25T12:43:05","date_gmt":"2022-11-25T08:43:05","guid":{"rendered":""},"modified":"-0001-11-30T00:00:00","modified_gmt":"-0001-11-29T20:00:00","slug":"","status":"publish","type":"post","link":"https:\/\/ucnoqta.az\/?p=163523","title":{"rendered":"T\u00fcrkiy\u0259 Silahl\u0131 Q\u00fcvv\u0259l\u0259ri AB\u015e-\u0131n m\u00fc\u015fahid\u0259 n\u00f6qt\u0259sini vurub? &#8211; <font color=red><b>A\u00c7IQLAMA<\/b><\/font>"},"content":{"rendered":"<p><strong>T&uuml;rkiy\u0259nin m&uuml;dafi\u0259 naziri Hulusi Akar &ldquo;P\u0259nc\u0259-Q\u0131l\u0131nc&rdquo; \u0259m\u0259liyyat\u0131 il\u0259 ba\u011fl\u0131 son v\u0259ziyy\u0259ti a&ccedil;\u0131qlay\u0131b.<\/strong><\/p>\n<p>Ucnoqta.az x\u0259b\u0259r verir ki, o,&nbsp;deyib:&nbsp;<br \/>\n&quot;Terrora son qoymaq, &ouml;lk\u0259mizin, mill\u0259timizin v\u0259 s\u0259rh\u0259dl\u0259rimizin t\u0259hl&uuml;k\u0259sizliyini t\u0259min etm\u0259k &uuml;&ccedil;&uuml;n \u0259limizd\u0259n g\u0259l\u0259ni etdik v\u0259 etm\u0259y\u0259 davam ed\u0259c\u0259yik. \u018fm\u0259liyyatda 326 terror&ccedil;u z\u0259r\u0259rsizl\u0259\u015fdirilib&rdquo;.<\/p>\n<p>Hulusi Akar TSK-n\u0131n Suriyan\u0131n \u015fimal\u0131nda AB\u015e-\u0131n m&uuml;\u015fahid\u0259 n&ouml;qt\u0259sini vurdu\u011fu iddias\u0131na da cavab verib. &quot;Koalisiya q&uuml;vv\u0259l\u0259rin\u0259 v\u0259 ya m&uuml;lki \u015f\u0259xsl\u0259r\u0259 z\u0259r\u0259r verm\u0259k bizim &uuml;&ccedil;&uuml;n s&ouml;z m&ouml;vzusu deyil. Bizim yaln\u0131z bir h\u0259d\u0259fimiz var, o da terror&ccedil;ulard\u0131r. Onlar haradad\u0131rsa, h\u0259d\u0259fimiz d\u0259 orad\u0131r. Bizim \u0259n m&uuml;h&uuml;m prinsipimiz \u0259traf m&uuml;hit\u0259, m&uuml;lki \u015f\u0259xsl\u0259r\u0259 z\u0259r\u0259r verm\u0259m\u0259kdir&rdquo;.<\/p>\n","protected":false},"excerpt":{"rendered":"<p>T&uuml;rkiy\u0259nin m&uuml;dafi\u0259 naziri Hulusi Akar &ldquo;P\u0259nc\u0259-Q\u0131l\u0131nc&rdquo; \u0259m\u0259liyyat\u0131 il\u0259 ba\u011fl\u0131 son v\u0259ziyy\u0259ti a&ccedil;\u0131qlay\u0131b. Ucnoqta.az x\u0259b\u0259r verir ki, o,&nbsp;deyib:&nbsp; &quot;Terrora son qoymaq, &ouml;lk\u0259mizin, mill\u0259timizin v\u0259 s\u0259rh\u0259dl\u0259rimizin t\u0259hl&uuml;k\u0259sizliyini t\u0259min etm\u0259k &uuml;&ccedil;&uuml;n \u0259limizd\u0259n g\u0259l\u0259ni&hellip;<\/p>\n","protected":false},"author":1,"featured_media":251278,"comment_status":"open","ping_status":"open","sticky":false,"template":"","format":"standard","meta":{"_lmt_disableupdate":"","_lmt_disable":"","footnotes":""},"categories":[89],"tags":[],"class_list":["post-163523","post","type-post","status-publish","format-standard","has-post-thumbnail","hentry","category-dunya-butun-xeberler"],"_links":{"self":[{"href":"https:\/\/ucnoqta.az\/index.php?rest_route=\/wp\/v2\/posts\/163523","targetHints":{"allow":["GET"]}}],"collection":[{"href":"https:\/\/ucnoqta.az\/index.php?rest_route=\/wp\/v2\/posts"}],"about":[{"href":"https:\/\/ucnoqta.az\/index.php?rest_route=\/wp\/v2\/types\/post"}],"author":[{"embeddable":true,"href":"https:\/\/ucnoqta.az\/index.php?rest_route=\/wp\/v2\/users\/1"}],"replies":[{"embeddable":true,"href":"https:\/\/ucnoqta.az\/index.php?rest_route=%2Fwp%2Fv2%2Fcomments&post=163523"}],"version-history":[{"count":0,"href":"https:\/\/ucnoqta.az\/index.php?rest_route=\/wp\/v2\/posts\/163523\/revisions"}],"wp:featuredmedia":[{"embeddable":true,"href":"https:\/\/ucnoqta.az\/index.php?rest_route=\/wp\/v2\/media\/251278"}],"wp:attachment":[{"href":"https:\/\/ucnoqta.az\/index.php?rest_route=%2Fwp%2Fv2%2Fmedia&parent=163523"}],"wp:term":[{"taxonomy":"category","embeddable":true,"href":"https:\/\/ucnoqta.az\/index.php?rest_route=%2Fwp%2Fv2%2Fcategories&post=163523"},{"taxonomy":"post_tag","embeddable":true,"href":"https:\/\/ucnoqta.az\/index.php?rest_route=%2Fwp%2Fv2%2Ftags&post=163523"}],"curies":[{"name":"wp","href":"https:\/\/api.w.org\/{rel}","templated":true}]}}