{"id":163518,"date":"2022-11-25T11:56:40","date_gmt":"2022-11-25T07:56:40","guid":{"rendered":""},"modified":"-0001-11-30T00:00:00","modified_gmt":"-0001-11-29T20:00:00","slug":"","status":"publish","type":"post","link":"https:\/\/ucnoqta.az\/?p=163518","title":{"rendered":"<font color=red><b>X\u018fB\u018fRDARLIQ:<\/b><\/font> Hava \u015f\u0259raiti d\u0259yi\u015f\u0259c\u0259k &#8230;"},"content":{"rendered":"<p><strong>Ekologiya v\u0259 T\u0259bii S\u0259rv\u0259tl\u0259r Nazirliyinin Milli Hidrometeorologiya Xidm\u0259ti<\/strong>&nbsp;h<strong>ava \u015f\u0259raitinin k\u0259skin d\u0259yi\u015f\u0259c\u0259yi il\u0259 ba\u011fl\u0131 x\u0259b\u0259rdarl\u0131q edib<\/strong><\/p>\n<p>Ucnoqta.az Xidm\u0259t\u0259 istinad\u0259n x\u0259b\u0259r verir ki, Bak\u0131da v\u0259 Ab\u015feron yar\u0131madas\u0131nda bir ne&ccedil;\u0259 g&uuml;n davam ed\u0259n noyabr ay\u0131 &uuml;&ccedil;&uuml;n s\u0259ciyy\u0259vi olmayan nisb\u0259t\u0259n m&uuml;layim hava \u015f\u0259raitind\u0259n sonra 27-si g&uuml;nd&uuml;zd\u0259n hava \u015f\u0259raitinin d\u0259yi\u015f\u0259c\u0259yi, 28-i g&uuml;nd&uuml;z\u0259d\u0259k \u015fimal k&uuml;l\u0259yinin arabir 20-23 m\/s-d\u0259k g&uuml;cl\u0259n\u0259c\u0259yi, fasil\u0259l\u0259rl\u0259 ya\u011f\u0131\u015f ya\u011faca\u011f\u0131 g&ouml;zl\u0259nilir.<\/p>\n<p>Noyabr\u0131n 29-dan dekabr\u0131n 2-d\u0259k is\u0259 hava \u015f\u0259raitinin daha da pisl\u0259\u015f\u0259c\u0259yi, bu m&uuml;dd\u0259t \u0259rzind\u0259 ya\u011f\u0131nt\u0131lar\u0131n intensivl\u0259\u015f\u0259c\u0259yi ehtimal\u0131 var. Havan\u0131n temperaturunun g&uuml;nd\u0259n-g&uuml;n\u0259 a\u015fa\u011f\u0131 en\u0259r\u0259k g&uuml;nd&uuml;z saatlar\u0131nda 7-9&deg; isti olaca\u011f\u0131 g&ouml;zl\u0259nilir. Qeyd ed\u0259k ki, havan\u0131n temperaturu iqlim normas\u0131ndan 7&deg; y&uuml;ks\u0259kdir.<\/p>\n<p>Az\u0259rbaycan\u0131n rayonlar\u0131nda noyabr\u0131n 26-s\u0131 \u015fimal v\u0259 q\u0259rb rayonlar\u0131ndan ba\u015flayaraq &ouml;lk\u0259 \u0259razisind\u0259 hava \u015f\u0259raitinin qeyri-sabit ke&ccedil;\u0259c\u0259yi, arabir ya\u011f\u0131\u015f ya\u011faca\u011f\u0131 g&ouml;zl\u0259nilir. Ayr\u0131-ayr\u0131 yerl\u0259rd\u0259 intensiv olaca\u011f\u0131, da\u011fl\u0131q \u0259razil\u0259rd\u0259 qar ya\u011faca\u011f\u0131 ehtimal\u0131 var. Noyabr\u0131n 28-i ax\u015famdan dekabr\u0131n ilk g&uuml;nl\u0259rind\u0259 prosesin daha da k\u0259skinl\u0259\u015f\u0259c\u0259yi, ya\u011f\u0131nt\u0131lar\u0131n intensivliyinin artaca\u011f\u0131 ehtimal\u0131 var. \u015eimal k&uuml;l\u0259yi 27-28-d\u0259 ayr\u0131-ayr\u0131 yerl\u0259rd\u0259 arabir 20-25 m\/s-d\u0259k g&uuml;cl\u0259n\u0259c\u0259k. Noyabr\u0131n 28-d\u0259n ba\u015flayaraq havan\u0131n temperaturunun g&uuml;n&uuml;-g&uuml;nd\u0259n a\u015fa\u011f\u0131 en\u0259r\u0259k aran rayonlar\u0131nda 6-11&deg; isti, da\u011fl\u0131q rayonlarda is\u0259 0-5&deg; \u015faxta olaca\u011f\u0131 g&ouml;zl\u0259nilir.<\/p>\n<p>&Ccedil;aylarda sululu\u011fun artaca\u011f\u0131 ehtimal olunur.<\/p>\n","protected":false},"excerpt":{"rendered":"<p>Ekologiya v\u0259 T\u0259bii S\u0259rv\u0259tl\u0259r Nazirliyinin Milli Hidrometeorologiya Xidm\u0259ti&nbsp;hava \u015f\u0259raitinin k\u0259skin d\u0259yi\u015f\u0259c\u0259yi il\u0259 ba\u011fl\u0131 x\u0259b\u0259rdarl\u0131q edib Ucnoqta.az Xidm\u0259t\u0259 istinad\u0259n x\u0259b\u0259r verir ki, Bak\u0131da v\u0259 Ab\u015feron yar\u0131madas\u0131nda bir ne&ccedil;\u0259 g&uuml;n davam ed\u0259n&hellip;<\/p>\n","protected":false},"author":1,"featured_media":251278,"comment_status":"open","ping_status":"open","sticky":false,"template":"","format":"standard","meta":{"_lmt_disableupdate":"","_lmt_disable":"","footnotes":""},"categories":[91],"tags":[],"class_list":["post-163518","post","type-post","status-publish","format-standard","has-post-thumbnail","hentry","category-olkeici"],"_links":{"self":[{"href":"https:\/\/ucnoqta.az\/index.php?rest_route=\/wp\/v2\/posts\/163518","targetHints":{"allow":["GET"]}}],"collection":[{"href":"https:\/\/ucnoqta.az\/index.php?rest_route=\/wp\/v2\/posts"}],"about":[{"href":"https:\/\/ucnoqta.az\/index.php?rest_route=\/wp\/v2\/types\/post"}],"author":[{"embeddable":true,"href":"https:\/\/ucnoqta.az\/index.php?rest_route=\/wp\/v2\/users\/1"}],"replies":[{"embeddable":true,"href":"https:\/\/ucnoqta.az\/index.php?rest_route=%2Fwp%2Fv2%2Fcomments&post=163518"}],"version-history":[{"count":0,"href":"https:\/\/ucnoqta.az\/index.php?rest_route=\/wp\/v2\/posts\/163518\/revisions"}],"wp:featuredmedia":[{"embeddable":true,"href":"https:\/\/ucnoqta.az\/index.php?rest_route=\/wp\/v2\/media\/251278"}],"wp:attachment":[{"href":"https:\/\/ucnoqta.az\/index.php?rest_route=%2Fwp%2Fv2%2Fmedia&parent=163518"}],"wp:term":[{"taxonomy":"category","embeddable":true,"href":"https:\/\/ucnoqta.az\/index.php?rest_route=%2Fwp%2Fv2%2Fcategories&post=163518"},{"taxonomy":"post_tag","embeddable":true,"href":"https:\/\/ucnoqta.az\/index.php?rest_route=%2Fwp%2Fv2%2Ftags&post=163518"}],"curies":[{"name":"wp","href":"https:\/\/api.w.org\/{rel}","templated":true}]}}