{"id":163516,"date":"2022-11-25T11:38:15","date_gmt":"2022-11-25T07:38:15","guid":{"rendered":""},"modified":"-0001-11-30T00:00:00","modified_gmt":"-0001-11-29T20:00:00","slug":"","status":"publish","type":"post","link":"https:\/\/ucnoqta.az\/?p=163516","title":{"rendered":"Vilay\u0259t Eyvazov Sumqay\u0131tda q\u0259bul ke\u00e7irib"},"content":{"rendered":"<p><strong>Az\u0259rbaycan Respublikas\u0131n\u0131n Prezidenti \u0130lham \u018fliyevin tap\u015f\u0131r\u0131\u011f\u0131na \u0259sas\u0259n, daxili i\u015fl\u0259r naziri, general-polkovnik Vilay\u0259t Eyvazov noyabr\u0131n 24-d\u0259 Sumqay\u0131t \u015e\u0259h\u0259r Polis \u0130dar\u0259sind\u0259 n&ouml;vb\u0259ti v\u0259t\u0259nda\u015f q\u0259bulu ke&ccedil;irib.<\/strong><\/p>\n<p>Daxili \u0130\u015fl\u0259r Nazirliyinin m\u0259tbuat xidm\u0259tind\u0259n&nbsp;Ucnoqta.az-a&nbsp;veril\u0259n x\u0259b\u0259r\u0259 g&ouml;r\u0259, daxili i\u015fl\u0259r naziri \u0259vv\u0259lc\u0259 \u015f\u0259h\u0259rin m\u0259rk\u0259zind\u0259ki &uuml;mummilli lider Heyd\u0259r \u018fliyevin abid\u0259sini ziyar\u0259t ed\u0259r\u0259k xatir\u0259sini b&ouml;y&uuml;k h&ouml;rm\u0259t v\u0259 ehtiramla yad edib, &ouml;n&uuml;n\u0259 g&uuml;l d\u0259st\u0259si qoyub.<\/p>\n<p>Sonra \u015e\u0259h\u0259r Polis \u0130dar\u0259sinin inzibati binas\u0131nda Sumqay\u0131t, Ab\u015feron, Qobustan, Qubadl\u0131, Z\u0259ngilan \u015f\u0259h\u0259r v\u0259 rayonlar\u0131ndan, eyni zamanda, h\u0259min b&ouml;lg\u0259d\u0259 m\u0259skunla\u015fm\u0131\u015f qa&ccedil;q\u0131n v\u0259 m\u0259cburi k&ouml;&ccedil;k&uuml;nl\u0259rd\u0259n q\u0259bula g\u0259l\u0259n 208 n\u0259f\u0259r v\u0259t\u0259nda\u015f\u0131 dinl\u0259y\u0259n nazir onlar\u0131n probleml\u0259rinin h\u0259lli &uuml;&ccedil;&uuml;n Nazirliyin aidiyy\u0259ti ba\u015f idar\u0259 v\u0259 idar\u0259 r\u0259isl\u0259rin\u0259 tap\u015f\u0131r\u0131qlar verib.<\/p>\n<p>M&uuml;raci\u0259tl\u0259rin \u0259ks\u0259riyy\u0259ti yerind\u0259c\u0259 h\u0259llini tap\u0131b.<\/p>\n<p>&Ouml;lk\u0259 r\u0259hb\u0259rinin apard\u0131\u011f\u0131 m\u0259qs\u0259dy&ouml;nl&uuml; siyas\u0259t n\u0259tic\u0259sind\u0259 qazan\u0131lan u\u011furlardan m\u0259mnun olduqlar\u0131n\u0131, qalib &ouml;lk\u0259nin v\u0259t\u0259nda\u015flar\u0131 olmaqdan q&uuml;rur duyduqlar\u0131n\u0131 bildir\u0259n sakinl\u0259r onlar\u0131n \u0259riz\u0259 v\u0259 m&uuml;raci\u0259tl\u0259rin\u0259 operativ yana\u015f\u0131lmas\u0131na, o c&uuml;ml\u0259d\u0259n g&ouml;st\u0259ril\u0259n diqq\u0259t\u0259 v\u0259 h\u0259ssas m&uuml;nasib\u0259t\u0259 g&ouml;r\u0259 d&ouml;vl\u0259t ba\u015f&ccedil;\u0131s\u0131na minn\u0259tdar olduqlar\u0131n\u0131 bildiribl\u0259r.<\/p>\n<p>H\u0259min g&uuml;n general-polkovnik V.Eyvazov ad\u0131&ccedil;\u0259kil\u0259n \u015f\u0259h\u0259r v\u0259 rayonlar\u0131n polis orqanlar\u0131nda vakant olan s\u0131ravi v\u0259 ki&ccedil;ik r\u0259is hey\u0259ti v\u0259zif\u0259l\u0259rind\u0259 xidm\u0259t\u0259 q\u0259bulla ba\u011fl\u0131 s\u0131ra bax\u0131\u015f\u0131 ke&ccedil;irib.<\/p>\n<p>Polis orqanlar\u0131nda i\u015fl\u0259m\u0259k arzusunda olan g\u0259ncl\u0259rd\u0259n q\u0259bulun \u015f\u0259rtl\u0259rin\u0259 uy\u011fun g\u0259l\u0259n 262 n\u0259f\u0259r se&ccedil;im turunun n&ouml;vb\u0259ti m\u0259rh\u0259l\u0259sin\u0259 burax\u0131l\u0131b ki, onlar\u0131n da 47-si V\u0259t\u0259n m&uuml;harib\u0259si i\u015ftirak&ccedil;\u0131s\u0131 olub.<\/p>\n<p>Qeyd edilib ki, V\u0259t\u0259n m&uuml;harib\u0259si ba\u015fa &ccedil;atd\u0131qdan sonra xidm\u0259t\u0259 q\u0259bulla ba\u011fl\u0131 q&uuml;vv\u0259d\u0259 olan t\u0259l\u0259bl\u0259r\u0259 uy\u011fun g\u0259l\u0259n 1000 n\u0259f\u0259r\u0259 yax\u0131n m&uuml;harib\u0259 i\u015ftirak&ccedil;\u0131s\u0131 v\u0259 \u015f\u0259hid ail\u0259l\u0259rinin &uuml;zvl\u0259ri daxili i\u015fl\u0259r orqanlar\u0131nda i\u015fl\u0259 t\u0259min olunublar.<\/p>\n","protected":false},"excerpt":{"rendered":"<p>Az\u0259rbaycan Respublikas\u0131n\u0131n Prezidenti \u0130lham \u018fliyevin tap\u015f\u0131r\u0131\u011f\u0131na \u0259sas\u0259n, daxili i\u015fl\u0259r naziri, general-polkovnik Vilay\u0259t Eyvazov noyabr\u0131n 24-d\u0259 Sumqay\u0131t \u015e\u0259h\u0259r Polis \u0130dar\u0259sind\u0259 n&ouml;vb\u0259ti v\u0259t\u0259nda\u015f q\u0259bulu ke&ccedil;irib. Daxili \u0130\u015fl\u0259r Nazirliyinin m\u0259tbuat xidm\u0259tind\u0259n&nbsp;Ucnoqta.az-a&nbsp;veril\u0259n x\u0259b\u0259r\u0259 g&ouml;r\u0259,&hellip;<\/p>\n","protected":false},"author":1,"featured_media":251278,"comment_status":"open","ping_status":"open","sticky":false,"template":"","format":"standard","meta":{"_lmt_disableupdate":"","_lmt_disable":"","footnotes":""},"categories":[],"tags":[],"class_list":["post-163516","post","type-post","status-publish","format-standard","has-post-thumbnail","hentry"],"_links":{"self":[{"href":"https:\/\/ucnoqta.az\/index.php?rest_route=\/wp\/v2\/posts\/163516","targetHints":{"allow":["GET"]}}],"collection":[{"href":"https:\/\/ucnoqta.az\/index.php?rest_route=\/wp\/v2\/posts"}],"about":[{"href":"https:\/\/ucnoqta.az\/index.php?rest_route=\/wp\/v2\/types\/post"}],"author":[{"embeddable":true,"href":"https:\/\/ucnoqta.az\/index.php?rest_route=\/wp\/v2\/users\/1"}],"replies":[{"embeddable":true,"href":"https:\/\/ucnoqta.az\/index.php?rest_route=%2Fwp%2Fv2%2Fcomments&post=163516"}],"version-history":[{"count":0,"href":"https:\/\/ucnoqta.az\/index.php?rest_route=\/wp\/v2\/posts\/163516\/revisions"}],"wp:featuredmedia":[{"embeddable":true,"href":"https:\/\/ucnoqta.az\/index.php?rest_route=\/wp\/v2\/media\/251278"}],"wp:attachment":[{"href":"https:\/\/ucnoqta.az\/index.php?rest_route=%2Fwp%2Fv2%2Fmedia&parent=163516"}],"wp:term":[{"taxonomy":"category","embeddable":true,"href":"https:\/\/ucnoqta.az\/index.php?rest_route=%2Fwp%2Fv2%2Fcategories&post=163516"},{"taxonomy":"post_tag","embeddable":true,"href":"https:\/\/ucnoqta.az\/index.php?rest_route=%2Fwp%2Fv2%2Ftags&post=163516"}],"curies":[{"name":"wp","href":"https:\/\/api.w.org\/{rel}","templated":true}]}}