{"id":163512,"date":"2022-11-25T11:14:17","date_gmt":"2022-11-25T07:14:17","guid":{"rendered":""},"modified":"-0001-11-30T00:00:00","modified_gmt":"-0001-11-29T20:00:00","slug":"","status":"publish","type":"post","link":"https:\/\/ucnoqta.az\/?p=163512","title":{"rendered":"&#8220;\u018fl\u0259td\u0259ki d\u0259niz liman\u0131nda T\u00fcrkm\u0259nistandan g\u00f6nd\u0259ril\u0259n y\u00fckl\u0259r \u00fc\u00e7\u00fcn x\u00fcsusi yer ayr\u0131l\u0131b&#8221; &#8211; <font color=red><b>Prezident<\/b><\/font>"},"content":{"rendered":"<p><strong>Hesab edir\u0259m ki, karbohidrogen ehtiyatlar\u0131n\u0131n n\u0259qli &uuml;&ccedil;&uuml;n istismarda olan mar\u015frutlar X\u0259z\u0259r regionunun b&uuml;t&uuml;n &ouml;lk\u0259l\u0259rin\u0259 daha inteqrasiya edilmi\u015f v\u0259ziyy\u0259td\u0259 olma\u011fa imkan ver\u0259c\u0259k.<\/strong><\/p>\n<p>Ucnoqta.az x\u0259b\u0259r verir ki, bu fikirl\u0259ri Prezident \u0130lham \u018fliyev &ldquo;Orta d\u0259hliz boyunca: geosiyas\u0259t, t\u0259hl&uuml;k\u0259sizlik v\u0259 iqtisadiyyat&rdquo; adl\u0131 beyn\u0259lxalq konfrans\u0131n a&ccedil;\u0131l\u0131\u015f\u0131ndak\u0131 &ccedil;\u0131x\u0131\u015f\u0131nda deyib.<\/p>\n<p>Az\u0259rbaycan\u0131n T&uuml;rkm\u0259nistan il\u0259 \u0259m\u0259kda\u015fl\u0131\u011f\u0131n\u0131n uzun tarixi oldu\u011funu vur\u011fulayan d&ouml;vl\u0259t ba\u015f&ccedil;\u0131s\u0131 qeyd edib: &ldquo;Bu g&uuml;n Az\u0259rbaycan T&uuml;rkm\u0259nistandan y&uuml;kl\u0259rin tranziti &uuml;&ccedil;&uuml;n geni\u015f imkanlar t\u0259qdim edir. \u018fl\u0259td\u0259ki d\u0259niz liman\u0131n\u0131n \u0259razisind\u0259 T&uuml;rkm\u0259nistandan g&ouml;nd\u0259ril\u0259n y&uuml;kl\u0259r &uuml;&ccedil;&uuml;n x&uuml;susi yer ayr\u0131l\u0131b&rdquo;.<\/p>\n","protected":false},"excerpt":{"rendered":"<p>Hesab edir\u0259m ki, karbohidrogen ehtiyatlar\u0131n\u0131n n\u0259qli &uuml;&ccedil;&uuml;n istismarda olan mar\u015frutlar X\u0259z\u0259r regionunun b&uuml;t&uuml;n &ouml;lk\u0259l\u0259rin\u0259 daha inteqrasiya edilmi\u015f v\u0259ziyy\u0259td\u0259 olma\u011fa imkan ver\u0259c\u0259k. Ucnoqta.az x\u0259b\u0259r verir ki, bu fikirl\u0259ri Prezident \u0130lham \u018fliyev&hellip;<\/p>\n","protected":false},"author":1,"featured_media":251278,"comment_status":"open","ping_status":"open","sticky":false,"template":"","format":"standard","meta":{"_lmt_disableupdate":"","_lmt_disable":"","footnotes":""},"categories":[86],"tags":[],"class_list":["post-163512","post","type-post","status-publish","format-standard","has-post-thumbnail","hentry","category-siyaset"],"_links":{"self":[{"href":"https:\/\/ucnoqta.az\/index.php?rest_route=\/wp\/v2\/posts\/163512","targetHints":{"allow":["GET"]}}],"collection":[{"href":"https:\/\/ucnoqta.az\/index.php?rest_route=\/wp\/v2\/posts"}],"about":[{"href":"https:\/\/ucnoqta.az\/index.php?rest_route=\/wp\/v2\/types\/post"}],"author":[{"embeddable":true,"href":"https:\/\/ucnoqta.az\/index.php?rest_route=\/wp\/v2\/users\/1"}],"replies":[{"embeddable":true,"href":"https:\/\/ucnoqta.az\/index.php?rest_route=%2Fwp%2Fv2%2Fcomments&post=163512"}],"version-history":[{"count":0,"href":"https:\/\/ucnoqta.az\/index.php?rest_route=\/wp\/v2\/posts\/163512\/revisions"}],"wp:featuredmedia":[{"embeddable":true,"href":"https:\/\/ucnoqta.az\/index.php?rest_route=\/wp\/v2\/media\/251278"}],"wp:attachment":[{"href":"https:\/\/ucnoqta.az\/index.php?rest_route=%2Fwp%2Fv2%2Fmedia&parent=163512"}],"wp:term":[{"taxonomy":"category","embeddable":true,"href":"https:\/\/ucnoqta.az\/index.php?rest_route=%2Fwp%2Fv2%2Fcategories&post=163512"},{"taxonomy":"post_tag","embeddable":true,"href":"https:\/\/ucnoqta.az\/index.php?rest_route=%2Fwp%2Fv2%2Ftags&post=163512"}],"curies":[{"name":"wp","href":"https:\/\/api.w.org\/{rel}","templated":true}]}}