{"id":163510,"date":"2022-11-25T11:06:31","date_gmt":"2022-11-25T07:06:31","guid":{"rendered":""},"modified":"-0001-11-30T00:00:00","modified_gmt":"-0001-11-29T20:00:00","slug":"","status":"publish","type":"post","link":"https:\/\/ucnoqta.az\/?p=163510","title":{"rendered":"Milli M\u0259clisin n\u00f6vb\u0259ti plenar iclas\u0131 ba\u015flay\u0131b"},"content":{"rendered":"<p><strong>Milli M\u0259clisin pay\u0131z sessiyas\u0131n\u0131n n&ouml;vb\u0259ti plenar iclas\u0131 spiker Sahib\u0259 Qafarovan\u0131n s\u0259drliyi il\u0259 ba\u015flay\u0131b.<\/strong><\/p>\n<p>Ucnoqta.az x\u0259b\u0259r verir ki, iclas\u0131n g&uuml;nd\u0259liyin\u0259 19 m\u0259s\u0259l\u0259 daxil edilib:<\/p>\n<p>1. &ldquo;Az\u0259rbaycan Respublikas\u0131n\u0131n 2023-c&uuml; il d&ouml;vl\u0259t b&uuml;dc\u0259si haqq\u0131nda&rdquo; qanun layih\u0259si&nbsp;(ikinci oxunu\u015f).<\/p>\n<p>2. &ldquo;D&ouml;vl\u0259t sosial m&uuml;dafi\u0259 fondunun 2023-c&uuml; il b&uuml;dc\u0259si haqq\u0131nda&rdquo;qanun layih\u0259si&nbsp;(ikinci oxunu\u015f).<\/p>\n<p>3. &ldquo;\u0130\u015fsizlikd\u0259n s\u0131\u011forta fondunun 2023-c&uuml; il b&uuml;dc\u0259si haqq\u0131nda&rdquo; qanun layih\u0259si&nbsp;(ikinci oxunu\u015f).<\/p>\n<p>4. &ldquo;Az\u0259rbaycan Respublikas\u0131nda 2023-c&uuml; il &uuml;&ccedil;&uuml;n ya\u015fay\u0131\u015f minimumu haqq\u0131nda&rdquo; qanun layih\u0259si&nbsp;(ikinci oxunu\u015f).<\/p>\n<p>5. &ldquo;Az\u0259rbaycan Respublikas\u0131nda 2023-c&uuml; il &uuml;&ccedil;&uuml;n ehtiyac meyar\u0131n\u0131n h\u0259ddi haqq\u0131nda&rdquo; qanun layih\u0259si&nbsp;(ikinci oxunu\u015f).<\/p>\n<p>6. Vergi M\u0259c\u0259ll\u0259sin\u0259 d\u0259yi\u015fiklik layih\u0259si&nbsp;(ikinci oxunu\u015f).<\/p>\n<p>7. G&ouml;mr&uuml;k M\u0259c\u0259ll\u0259sin\u0259 d\u0259yi\u015fiklik layih\u0259si&nbsp;(ikinci oxunu\u015f).<\/p>\n<p>8. &ldquo;\u018fm\u0259k pensiyalar\u0131 haqq\u0131nda&rdquo; qanuna d\u0259yi\u015fiklik layih\u0259si&nbsp;(ikinci oxunu\u015f).<\/p>\n<p>9. &ldquo;Sosial s\u0131\u011forta haqq\u0131nda&rdquo; qanuna d\u0259yi\u015fiklik layih\u0259si&nbsp;(ikinci oxunu\u015f).<\/p>\n<p>10. &ldquo;D&ouml;vl\u0259t r&uuml;sumu haqq\u0131nda&rdquo; qanuna d\u0259yi\u015fiklik layih\u0259si&nbsp;(ikinci oxunu\u015f).<\/p>\n<p>11. Miqrasiya M\u0259c\u0259ll\u0259sin\u0259 d\u0259yi\u015fiklik layih\u0259si&nbsp;(ikinci oxunu\u015f).<\/p>\n<p>12. &ldquo;Sosial m&uuml;avin\u0259tl\u0259r haqq\u0131nda&rdquo; qanuna d\u0259yi\u015fiklik layih\u0259si&nbsp;(ikinci oxunu\u015f).<\/p>\n<p>13. \u018fm\u0259k M\u0259c\u0259ll\u0259sin\u0259 d\u0259yi\u015fiklik layih\u0259si&nbsp;(ikinci oxunu\u015f).<\/p>\n<p>14. &ldquo;Tibbi s\u0131\u011forta haqq\u0131nda&rdquo; qanuna d\u0259yi\u015fiklik layih\u0259si&nbsp;(ikinci oxunu\u015f).<\/p>\n<p>15. &ldquo;B&uuml;dc\u0259 sistemi haqq\u0131nda&rdquo; qanuna d\u0259yi\u015fiklik layih\u0259si&nbsp;(ikinci oxunu\u015f).<\/p>\n<p>16. &ldquo;Na\u011fds\u0131z hesabla\u015fmalar haqq\u0131nda&rdquo; qanuna d\u0259yi\u015fiklik layih\u0259si&nbsp;(ikinci oxunu\u015f).<\/p>\n<p>17. &ldquo;Az\u0259rbaycan Respublikas\u0131 H&ouml;kum\u0259ti il\u0259 Birl\u0259\u015fmi\u015f Mill\u0259tl\u0259r T\u0259\u015fkilat\u0131n\u0131n T\u0259hsil, Elm v\u0259 M\u0259d\u0259niyy\u0259t T\u0259\u015fkilat\u0131 aras\u0131nda 2023-c&uuml; il 14&minus;17 mart tarixl\u0259rind\u0259 B\u0259d\u0259n T\u0259rbiy\u0259si v\u0259 \u0130dman &uuml;zr\u0259 Nazirl\u0259rin v\u0259 Y&uuml;ks\u0259k V\u0259zif\u0259li \u015e\u0259xsl\u0259rin VII Beyn\u0259lxalq Konfrans\u0131n\u0131n (M\u0130NEPS VII), el\u0259c\u0259 d\u0259 \u0259laq\u0259dar y\u0131\u011f\u0131ncaqlar\u0131n t\u0259\u015fkilin\u0259 dair Ev Sahibliyi haqq\u0131nda&rdquo; Sazi\u015fin t\u0259sdiq edilm\u0259si bar\u0259d\u0259 qanun layih\u0259si.<\/p>\n<p>18. &ldquo;Az\u0259rbaycan Respublikas\u0131 H&ouml;kum\u0259ti il\u0259 Q\u0131r\u011f\u0131z Respublikas\u0131 Nazirl\u0259r Kabineti aras\u0131nda Az\u0259rbaycan-Q\u0131r\u011f\u0131z \u0130nki\u015faf Fondunun yarad\u0131lmas\u0131 haqq\u0131nda&rdquo; Sazi\u015fin t\u0259sdiq edilm\u0259si bar\u0259d\u0259 qanun layih\u0259si.<\/p>\n<p>19. &ldquo;Az\u0259rbaycan Respublikas\u0131 H&ouml;kum\u0259ti il\u0259 Q\u0131r\u011f\u0131z Respublikas\u0131n\u0131n Nazirl\u0259r Kabineti aras\u0131nda bitki karantini sah\u0259sind\u0259 \u0259m\u0259kda\u015fl\u0131q haqq\u0131nda&rdquo; Sazi\u015fin t\u0259sdiq edilm\u0259si bar\u0259d\u0259 qanun layih\u0259si.<\/p>\n","protected":false},"excerpt":{"rendered":"<p>Milli M\u0259clisin pay\u0131z sessiyas\u0131n\u0131n n&ouml;vb\u0259ti plenar iclas\u0131 spiker Sahib\u0259 Qafarovan\u0131n s\u0259drliyi il\u0259 ba\u015flay\u0131b. Ucnoqta.az x\u0259b\u0259r verir ki, iclas\u0131n g&uuml;nd\u0259liyin\u0259 19 m\u0259s\u0259l\u0259 daxil edilib: 1. &ldquo;Az\u0259rbaycan Respublikas\u0131n\u0131n 2023-c&uuml; il d&ouml;vl\u0259t b&uuml;dc\u0259si&hellip;<\/p>\n","protected":false},"author":1,"featured_media":251278,"comment_status":"open","ping_status":"open","sticky":false,"template":"","format":"standard","meta":{"_lmt_disableupdate":"","_lmt_disable":"","footnotes":""},"categories":[],"tags":[],"class_list":["post-163510","post","type-post","status-publish","format-standard","has-post-thumbnail","hentry"],"_links":{"self":[{"href":"https:\/\/ucnoqta.az\/index.php?rest_route=\/wp\/v2\/posts\/163510","targetHints":{"allow":["GET"]}}],"collection":[{"href":"https:\/\/ucnoqta.az\/index.php?rest_route=\/wp\/v2\/posts"}],"about":[{"href":"https:\/\/ucnoqta.az\/index.php?rest_route=\/wp\/v2\/types\/post"}],"author":[{"embeddable":true,"href":"https:\/\/ucnoqta.az\/index.php?rest_route=\/wp\/v2\/users\/1"}],"replies":[{"embeddable":true,"href":"https:\/\/ucnoqta.az\/index.php?rest_route=%2Fwp%2Fv2%2Fcomments&post=163510"}],"version-history":[{"count":0,"href":"https:\/\/ucnoqta.az\/index.php?rest_route=\/wp\/v2\/posts\/163510\/revisions"}],"wp:featuredmedia":[{"embeddable":true,"href":"https:\/\/ucnoqta.az\/index.php?rest_route=\/wp\/v2\/media\/251278"}],"wp:attachment":[{"href":"https:\/\/ucnoqta.az\/index.php?rest_route=%2Fwp%2Fv2%2Fmedia&parent=163510"}],"wp:term":[{"taxonomy":"category","embeddable":true,"href":"https:\/\/ucnoqta.az\/index.php?rest_route=%2Fwp%2Fv2%2Fcategories&post=163510"},{"taxonomy":"post_tag","embeddable":true,"href":"https:\/\/ucnoqta.az\/index.php?rest_route=%2Fwp%2Fv2%2Ftags&post=163510"}],"curies":[{"name":"wp","href":"https:\/\/api.w.org\/{rel}","templated":true}]}}