{"id":163486,"date":"2022-11-25T00:51:25","date_gmt":"2022-11-24T20:51:25","guid":{"rendered":""},"modified":"-0001-11-30T00:00:00","modified_gmt":"-0001-11-29T20:00:00","slug":"","status":"publish","type":"post","link":"https:\/\/ucnoqta.az\/?p=163486","title":{"rendered":"General Bak\u0131da tikil\u0259n yol qov\u015faqlar\u0131n\u0131 <font color=red><b>T\u018fNQ\u0130D ETD\u0130: Ya s\u00f6k\u00fclm\u0259li, ya da &#8230;<\/b><\/font>"},"content":{"rendered":"<p style=\"color: rgb(0, 0, 0); outline: 0px; margin: 0px 0px 5px; padding: 0px; border: 0px; font-variant-numeric: inherit; font-variant-east-asian: inherit; font-stretch: inherit; font-size: 15px; line-height: inherit; font-family: Arial; vertical-align: baseline;\"><strong style=\"outline: 0px; margin: 0px; padding: 0px; border: 0px; font-style: inherit; font-variant: inherit; font-stretch: inherit; font-size: inherit; line-height: inherit; font-family: inherit; vertical-align: baseline;\">Bak\u0131 \u015e\u0259h\u0259r Ba\u015f Polis \u0130dar\u0259sinin ke&ccedil;mi\u015f r\u0259is m&uuml;avini, polis general-mayoru H\u0259s\u0259n \u015eirinov Bak\u0131n\u0131n t\u0131xac problemi il\u0259 ba\u011fl\u0131 t\u0259nqidi yaz\u0131 il\u0259 &ccedil;\u0131x\u0131\u015f edib.<\/strong><\/p>\n<p><a href=\"https:\/\/avtosfer.az\/az\" style=\"font-family: inherit; font-size: inherit; text-decoration-line: none; color: rgb(5, 110, 153); outline: 0px; margin: 0px; padding: 0px; border: 0px; font-style: inherit; font-variant: inherit; font-weight: bold; font-stretch: inherit; line-height: inherit; vertical-align: baseline;\">Ucnoqta.az<\/a>&nbsp;x\u0259b\u0259r verir ki, ikisahil.az-da yay\u0131mlanan yaz\u0131da&nbsp;o, t\u0131xac probleminin k&ouml;rp&uuml;l\u0259rin d&uuml;z sal\u0131nmamas\u0131, yol qov\u015faqlar\u0131nda h\u0259r\u0259k\u0259tin d&uuml;zg&uuml;n nizamlanmamas\u0131 v\u0259 b\u0259zi tikilil\u0259rl\u0259 ba\u011fl\u0131 oldu\u011funu yaz\u0131b. Uzun fasil\u0259d\u0259n sonra m\u0259\u015fhur general\u0131n bu m\u0259s\u0259l\u0259y\u0259 emosional reaksiyas\u0131 \u0259lb\u0259tt\u0259 maraq do\u011furur.<\/p>\n<p style=\"color: rgb(0, 0, 0); outline: 0px; margin: 0px 0px 5px; padding: 0px; border: 0px; font-variant-numeric: inherit; font-variant-east-asian: inherit; font-stretch: inherit; font-size: 15px; line-height: inherit; font-family: Arial; vertical-align: baseline;\">Onun &ldquo;Bitm\u0259y\u0259n t\u0131xac d\u0259rdimiz&rdquo; yaz\u0131s\u0131n\u0131 oldu\u011fu kimi t\u0259qdim edirik:<\/p>\n<p><strong style=\"font-family: inherit; font-size: inherit; outline: 0px; margin: 0px; padding: 0px; border: 0px; font-style: inherit; font-variant: inherit; font-stretch: inherit; line-height: inherit; vertical-align: baseline;\">Bak\u0131n\u0131n yollar\u0131ndak\u0131 s\u0131xl\u0131qlar\u0131n s\u0259b\u0259bl\u0259ri haqq\u0131nda<\/strong><\/p>\n<p>Son vaxtlar Bak\u0131n\u0131n k&uuml;&ccedil;\u0259 v\u0259 prospektl\u0259rind\u0259 yaranan v\u0259 onun f&uuml;sunkar g&ouml;z\u0259lliyin\u0259 x\u0259l\u0259l g\u0259tir\u0259n t\u0131xaclarla ba\u011fl\u0131 sosial \u015f\u0259b\u0259k\u0259l\u0259rd\u0259 tez-tez m\u0259lumat xarakterli yaz\u0131lar d\u0259rc olunur. Lakin t\u0131xaclar\u0131n yaranma s\u0259b\u0259bl\u0259ri v\u0259 onlar\u0131n aradan qald\u0131r\u0131lmas\u0131 yollar\u0131 g&ouml;st\u0259rilmir. Ona g&ouml;r\u0259 d\u0259 m\u0259n bu i\u015fd\u0259 40 illik t\u0259cr&uuml;b\u0259 toplayan ali r&uuml;tb\u0259li bir zabit kimi m&uuml;hafiz\u0259si il\u0259 \u0259laq\u0259dar \u0259traf\u0131ndak\u0131 yollar\u0131n ba\u011flanmas\u0131 t\u0259l\u0259b olunan d&ouml;vl\u0259t t\u0259dbirl\u0259ri zaman\u0131 bel\u0259, t\u0131xaclara yol verm\u0259d\u0259n, x&uuml;susi qorunan obyektl\u0259rin t\u0259hl&uuml;k\u0259siz m&uuml;\u015fayi\u0259tini t\u0259min ed\u0259n v\u0259 n\u0259hay\u0259t, yol h\u0259r\u0259k\u0259tinin t\u0259\u015fkili &uuml;zr\u0259 diplom alm\u0131\u015f pe\u015f\u0259kar bir yol polisi \u0259m\u0259kda\u015f\u0131 kimi, xalq\u0131 narahat ed\u0259n bu aktual m&ouml;vzuya m&uuml;nasib\u0259timi bildirm\u0259y\u0259 bilm\u0259r\u0259m.<\/p>\n<p style=\"color: rgb(0, 0, 0); outline: 0px; margin: 0px 0px 5px; padding: 0px; border: 0px; font-variant-numeric: inherit; font-variant-east-asian: inherit; font-stretch: inherit; font-size: 15px; line-height: inherit; font-family: Arial; vertical-align: baseline;\"><strong style=\"outline: 0px; margin: 0px; padding: 0px; border: 0px; font-style: inherit; font-variant: inherit; font-stretch: inherit; font-size: inherit; line-height: inherit; font-family: inherit; vertical-align: baseline;\">Ola bilsin ki, bu kimins\u0259 xo\u015funa g\u0259lm\u0259sin. H\u0259qiq\u0259t ac\u0131 olur. Lakin, &uuml;mumxalq m\u0259nafeyini &ouml;z m\u0259nafeyind\u0259n &uuml;st&uuml;n tutan v\u0259 etmi\u015f oldu\u011fu s\u0259hvl\u0259rind\u0259n d&uuml;zg&uuml;n n\u0259tic\u0259 &ccedil;\u0131xara bil\u0259n hikm\u0259t v\u0259 qabiliyy\u0259t sahibl\u0259ri &uuml;&ccedil;&uuml;n bu&nbsp;ac\u0131 m\u0259lh\u0259m kimi q\u0259bul edilm\u0259lidir. Bu, vicdand\u0131r! H\u0259r insanda bir z\u0259rr\u0259dir, kainat\u0131 yaradan\u0131n &ouml;z&uuml;nd\u0259n bir ni\u015fan\u0259dir&hellip; odur ki, insan\u0131n vicdan\u0131 il\u0259 n\u0259fsi aras\u0131nda Allahla \u015feytan aras\u0131nda oldu\u011fu kimi, sonu bitm\u0259y\u0259n bir sava\u015f gedir! Xalq\u0131n\u0131 sev\u0259n, \u0259lind\u0259n g\u0259l\u0259n i\u015fd\u0259n yap\u0131\u015far, y\u0259ni bacard\u0131\u011f\u0131n\u0131 xalq\u0131ndan \u0259sirg\u0259m\u0259z!<\/strong><\/p>\n<p style=\"color: rgb(0, 0, 0); outline: 0px; margin: 0px 0px 5px; padding: 0px; border: 0px; font-variant-numeric: inherit; font-variant-east-asian: inherit; font-stretch: inherit; font-size: 15px; line-height: inherit; font-family: Arial; vertical-align: baseline;\">G&ouml;z\u0259lliyi il\u0259 d&uuml;nyan\u0131 heyran ed\u0259n Bak\u0131n\u0131n yollar\u0131nda yaranan t\u0131xaclar\u0131n aradan qald\u0131r\u0131lmas\u0131 &uuml;&ccedil;&uuml;n, h\u0259r \u015feyd\u0259n \u0259vv\u0259l qanunvericilikd\u0259 n\u0259z\u0259rd\u0259 tutulan t\u0259l\u0259bl\u0259r\u0259 v\u0259 yol h\u0259r\u0259k\u0259t qaydalar\u0131na zidd olaraq tikil\u0259n bir &ccedil;ox yol qov\u015faqlar\u0131 t\u0259fti\u015f edilm\u0259li, m&ouml;vcud n&ouml;qsanlar a\u015fkara &ccedil;\u0131xar\u0131lmal\u0131 v\u0259 aradan qald\u0131r\u0131lmal\u0131d\u0131r.<\/p>\n<p style=\"color: rgb(0, 0, 0); outline: 0px; margin: 0px 0px 5px; padding: 0px; border: 0px; font-variant-numeric: inherit; font-variant-east-asian: inherit; font-stretch: inherit; font-size: 15px; line-height: inherit; font-family: Arial; vertical-align: baseline;\">Bel\u0259 ki, \u015f\u0259h\u0259rin daxilind\u0259, giri\u015find\u0259 v\u0259 &ccedil;\u0131x\u0131\u015f\u0131nda n\u0259qliyyat\u0131n h\u0259r\u0259k\u0259tini iflic ed\u0259n el\u0259 yol qov\u015faqlar\u0131 m&ouml;vcuddur ki, onlar ya s&ouml;k&uuml;l&uuml;b yenid\u0259n tikilm\u0259li, ya da b\u0259rpa olunmal\u0131d\u0131r.<\/p>\n<p style=\"color: rgb(0, 0, 0); outline: 0px; margin: 0px 0px 5px; padding: 0px; border: 0px; font-variant-numeric: inherit; font-variant-east-asian: inherit; font-stretch: inherit; font-size: 15px; line-height: inherit; font-family: Arial; vertical-align: baseline;\">M\u0259s\u0259l\u0259n, el\u0259 g&ouml;t&uuml;r\u0259k &ldquo;Ekselsior hotel&rdquo;l\u0259 &ldquo;Yelk\u0259n hotel&rdquo; aras\u0131ndak\u0131, nec\u0259 dey\u0259rl\u0259r, &ldquo;Ba\u011f\u0131rov k&ouml;rp&uuml;s&uuml;&ldquo;nd\u0259n ba\u015flam\u0131\u015f, Heyd\u0259r \u018fliyev M\u0259rk\u0259zind\u0259n v\u0259 ETN-d\u0259n tutmu\u015f, Neft&ccedil;il\u0259r prospekti, Cavan\u015fir k&ouml;rp&uuml;s&uuml;, &ldquo;Port Baku&rdquo;ya q\u0259d\u0259r v\u0259 Yusif S\u0259f\u0259rovla Heyd\u0259r \u018fliyev prospektind\u0259 yaranan t\u0131xac &ldquo;d\u0259nizinin&rdquo; &ldquo;Dardanel&rdquo; bo\u011faz\u0131 olan d\u0259mir yol k&ouml;rp&uuml;s&uuml;n&uuml;n \u0259traf\u0131nda qeyri- pe\u015f\u0259karcas\u0131na qondar\u0131lm\u0131\u015f yol qov\u015fa\u011f\u0131 m\u0259nc\u0259, ilkin layih\u0259y\u0259 uy\u011fun tikilm\u0259mi\u015fdir. Ona g&ouml;r\u0259 ki, Yusif S\u0259f\u0259rov k&uuml;&ccedil;\u0259si il\u0259 Heyd\u0259r \u018fliyev prospektinin birl\u0259\u015fm\u0259sind\u0259n al\u0131nacaq \u0259sas yolun rabit\u0259si q\u0131r\u0131lm\u0131\u015f, h\u0259r\u0259k\u0259t ax\u0131n\u0131 ikinci d\u0259r\u0259c\u0259li yollara paylanm\u0131\u015fd\u0131r. Bel\u0259 ki, Heyd\u0259r \u018fliyev prospekti alt\u0131 zolaqla &#8211; d&uuml;z&uuml;n\u0259 v\u0259 \u0259ksin\u0259, d\u0259mir yol k&ouml;rp&uuml;s&uuml;n&uuml;n &uuml;z\u0259rind\u0259n ke&ccedil;ib, hardasa, Bak\u0131 \u015f\u0259h\u0259r Ba\u015f Polis \u0130dar\u0259si qar\u015f\u0131s\u0131nda Yusif S\u0259f\u0259rov k&uuml;&ccedil;\u0259sil\u0259 birl\u0259\u015fm\u0259li idi. \u0130kinci d\u0259r\u0259c\u0259li yollar v\u0259 yol &ouml;t&uuml;r&uuml;c&uuml;l\u0259ri is\u0259 \u0259sas k&ouml;rp&uuml;y\u0259 uy\u011fun &ccedil;\u0259kilm\u0259li idi.<\/p>\n<p style=\"color: rgb(0, 0, 0); outline: 0px; margin: 0px 0px 5px; padding: 0px; border: 0px; font-variant-numeric: inherit; font-variant-east-asian: inherit; font-stretch: inherit; font-size: 15px; line-height: inherit; font-family: Arial; vertical-align: baseline;\">&nbsp;<\/p>\n<p style=\"color: rgb(0, 0, 0); outline: 0px; margin: 0px 0px 5px; padding: 0px; border: 0px; font-variant-numeric: inherit; font-variant-east-asian: inherit; font-stretch: inherit; font-size: 15px; line-height: inherit; font-family: Arial; vertical-align: baseline;\"><img decoding=\"async\" data-filename=\"\" src=\"https:\/\/www.bakupost.az\/uploads\/images\/2022-11-24-13-44-507s4KdzNrSQsYgBce7VN2_file.jpg\" style=\"outline: 0px; border: 0px; font: inherit; vertical-align: baseline; width: 685px; max-width: 100%; min-width: 100%; margin: 10px 0px !important; padding: 0px !important; height: auto !important;\" \/><\/p>\n<p style=\"color: rgb(0, 0, 0); outline: 0px; margin: 0px 0px 5px; padding: 0px; border: 0px; font-variant-numeric: inherit; font-variant-east-asian: inherit; font-stretch: inherit; font-size: 15px; line-height: inherit; font-family: Arial; vertical-align: baseline;\">&nbsp;<\/p>\n<p style=\"color: rgb(0, 0, 0); outline: 0px; margin: 0px 0px 5px; padding: 0px; border: 0px; font-variant-numeric: inherit; font-variant-east-asian: inherit; font-stretch: inherit; font-size: 15px; line-height: inherit; font-family: Arial; vertical-align: baseline;\">Ac\u0131nacaql\u0131 hald\u0131r ki, d\u0259miryol k&ouml;rp&uuml;s&uuml;n&uuml;n h\u0259r\u0259k\u0259t buraxma qabiliyy\u0259ti n\u0259z\u0259r\u0259 al\u0131nmadan Yusif S\u0259f\u0259rov v\u0259 Bab\u0259k prospektl\u0259ri il\u0259 g\u0259l\u0259n intensiv n\u0259qliyyat ax\u0131n\u0131, h\u0259min k&ouml;rp&uuml;n&uuml;n alt\u0131na burax\u0131lm\u0131\u015fd\u0131r. Sanki 500-l&uuml;k su borusunu 50-lik boruya birl\u0259\u015fdirmi\u015fl\u0259r. Bu, azm\u0131\u015f kimi k&ouml;rp&uuml;n&uuml;n alt\u0131ndan &#8211; Heyd\u0259r \u018fliyev prospektind\u0259n Yusif S\u0259f\u0259rov k&uuml;&ccedil;\u0259sin\u0259 &ccedil;\u0131xan n\u0259qliyyat ax\u0131n\u0131n\u0131n h\u0259r\u0259k\u0259tin\u0259 mane olan, Bak\u0131 \u018fyl\u0259nc\u0259 M\u0259rk\u0259zi v\u0259 Bab\u0259k prospekti istiqam\u0259tin\u0259 l&uuml;zumsuz olaraq uzununa bir k&ouml;rp&uuml; d\u0259 sal\u0131blar&hellip; \u018fg\u0259r alt\u0131ndan istifad\u0259 olunmursa, yol uzununa k&ouml;rp&uuml; sal\u0131narm\u0131?<\/p>\n<p style=\"color: rgb(0, 0, 0); outline: 0px; margin: 0px 0px 5px; padding: 0px; border: 0px; font-variant-numeric: inherit; font-variant-east-asian: inherit; font-stretch: inherit; font-size: 15px; line-height: inherit; font-family: Arial; vertical-align: baseline;\">\u0130ndi Prezident kortejini labrintl\u0259rd\u0259n ke&ccedil;irib ikinci d\u0259r\u0259c\u0259li yolla Heyd\u0259r \u018fliyev prospektin\u0259 &ccedil;\u0131xarmaq m\u0259cburiyy\u0259tind\u0259 qalm\u0131\u015f\u0131q&#8230;<\/p>\n<p style=\"color: rgb(0, 0, 0); outline: 0px; margin: 0px 0px 5px; padding: 0px; border: 0px; font-variant-numeric: inherit; font-variant-east-asian: inherit; font-stretch: inherit; font-size: 15px; line-height: inherit; font-family: Arial; vertical-align: baseline;\">T\u0259\u0259ss&uuml;fl\u0259r olsun ki, vaxtil\u0259 bu bar\u0259d\u0259 ir\u0259li s&uuml;rd&uuml;y&uuml;m t\u0259klifl\u0259r n\u0259z\u0259r\u0259 al\u0131nmad\u0131. Bel\u0259 faktlar &ccedil;oxdur&hellip; &ldquo;20 yanvar&rdquo; dair\u0259s\u0131nd\u0259ki k&ouml;rp&uuml; bundan da ac\u0131nacaql\u0131d\u0131r.<\/p>\n<p style=\"color: rgb(0, 0, 0); outline: 0px; margin: 0px 0px 5px; padding: 0px; border: 0px; font-variant-numeric: inherit; font-variant-east-asian: inherit; font-stretch: inherit; font-size: 15px; line-height: inherit; font-family: Arial; vertical-align: baseline;\">Maraql\u0131d\u0131r, hans\u0131 \u0259sasla M\u0259rd\u0259kandan ba\u015flayaraq n\u0259 q\u0259d\u0259r v\u0259sait hesab\u0131na tikil\u0259n yol &ouml;t&uuml;r&uuml;c&uuml;l\u0259ri il\u0259 y\u0131\u011f\u0131lan intensiv n\u0259qliyyat ax\u0131n\u0131 &ldquo;20 Yanvar&rdquo; k&ouml;rp&uuml;s&uuml;n&uuml;n alt\u0131ndan h\u0259r\u0259k\u0259t zola\u011f\u0131n\u0131n d&uuml;z ortas\u0131ndan ke&ccedil;\u0259r\u0259k M\u0259tbuat prospekti il\u0259 \u015f\u0259h\u0259rd\u0259n &ccedil;\u0131x\u0131\u015fa &#8211; c\u0259nub istiqam\u0259tin\u0259 hesabland\u0131\u011f\u0131 halda, &ldquo;20 Yanvar&rdquo; k&ouml;rp&uuml;s&uuml;n\u0259 &ccedil;atmam\u0131\u015f h\u0259r\u0259k\u0259t ax\u0131n\u0131n\u0131n qar\u015f\u0131s\u0131 betonla tam ba\u011flanm\u0131\u015f, h\u0259r\u0259k\u0259t sa\u011fa d&ouml;nd\u0259rilmi\u015f, n\u0259qliyyatburaxma qabiliyy\u0259ti qat-qat a\u015fa\u011f\u0131 olan ikinci d\u0259r\u0259c\u0259li yolla Quba istiqam\u0259tin\u0259 y&ouml;n\u0259ldilmi\u015fdir. B\u0259s, sual olunur, &ldquo;20 Yanvar&rdquo; k&ouml;rp&uuml;s&uuml; n\u0259 &uuml;&ccedil;&uuml;n tikilmi\u015fdir? Eyni zamanda, m\u0259nas\u0131z tikil\u0259n 3-c&uuml; mikrorayon k&ouml;rp&uuml;s&uuml;nd\u0259n dem\u0259k olar ki, he&ccedil; istifad\u0259 olunmur. H\u0259tta insanlar ondan dayanacaq kimi istifad\u0259 edirl\u0259r.<\/p>\n<p style=\"color: rgb(0, 0, 0); outline: 0px; margin: 0px 0px 5px; padding: 0px; border: 0px; font-variant-numeric: inherit; font-variant-east-asian: inherit; font-stretch: inherit; font-size: 15px; line-height: inherit; font-family: Arial; vertical-align: baseline;\">V\u0259 yaxud da ke&ccedil;mi\u015f Komsomol dair\u0259sind\u0259 tikilmi\u015f yol qov\u015fa\u011f\u0131 ist\u0259r ist\u0259m\u0259z n\u0259inki m&uuml;t\u0259x\u0259ssisl\u0259ri, eyb\u0259c\u0259rliyi il\u0259 h\u0259r bir insan\u0131 d&uuml;\u015f&uuml;nd&uuml;rm\u0259y\u0259 bilmir. Bel\u0259 ki, h\u0259min k&ouml;rp&uuml; yol&uuml;st&uuml; ke&ccedil;id\u0259 &ccedil;atmam\u0131\u015f tamamlanm\u0131\u015fd\u0131r. \u018fksin\u0259, h\u0259min k&ouml;rp&uuml;, bir ne&ccedil;\u0259 dir\u0259k d\u0259 \u0259lav\u0259 edilm\u0259kl\u0259 uzad\u0131l\u0131b indiki ucad\u0131lm\u0131\u015f betot saat\u0131n yan\u0131nda tamamlanmal\u0131 idi. Razin-Raman\u0131, \u018fmircan v\u0259 B&uuml;lb&uuml;l\u0259 q\u0259s\u0259b\u0259l\u0259rini birl\u0259\u015fdir\u0259n yollar is\u0259 \u0259vv\u0259lki v\u0259ziyy\u0259tind\u0259 qalmal\u0131 idi. \u0130ndiki v\u0259ziyy\u0259td\u0259 is\u0259 bu q\u0259s\u0259b\u0259l\u0259r aras\u0131nda sanki &Ccedil;in s\u0259ddi &ccedil;\u0259kilib. Yer&uuml;st&uuml; ke&ccedil;id is\u0259 be\u015fm\u0259rt\u0259b\u0259li binaya qalx\u0131b enm\u0259kd\u0259n &ccedil;\u0259tin olub. Bel\u0259 t\u0131xac yarada bil\u0259c\u0259k faktlar v\u0259 n&ouml;qsanlar\u0131 &ccedil;ox sadalamaq olar.<\/p>\n<p style=\"color: rgb(0, 0, 0); outline: 0px; margin: 0px 0px 5px; padding: 0px; border: 0px; font-variant-numeric: inherit; font-variant-east-asian: inherit; font-stretch: inherit; font-size: 15px; line-height: inherit; font-family: Arial; vertical-align: baseline;\">&nbsp;<\/p>\n<p style=\"color: rgb(0, 0, 0); outline: 0px; margin: 0px 0px 5px; padding: 0px; border: 0px; font-variant-numeric: inherit; font-variant-east-asian: inherit; font-stretch: inherit; font-size: 15px; line-height: inherit; font-family: Arial; vertical-align: baseline;\"><img decoding=\"async\" data-filename=\"\" src=\"https:\/\/www.bakupost.az\/uploads\/images\/2022-11-24-13-48-28b1xTtyZ6I4QHrrRvekDe_file.jpg\" style=\"outline: 0px; border: 0px; font: inherit; vertical-align: baseline; width: 685px; max-width: 100%; min-width: 100%; margin: 10px 0px !important; padding: 0px !important; height: auto !important;\" \/><\/p>\n<p style=\"color: rgb(0, 0, 0); outline: 0px; margin: 0px 0px 5px; padding: 0px; border: 0px; font-variant-numeric: inherit; font-variant-east-asian: inherit; font-stretch: inherit; font-size: 15px; line-height: inherit; font-family: Arial; vertical-align: baseline;\">Yeri g\u0259lmi\u015fk\u0259n, tikil\u0259n &ldquo;Yelk\u0259n hotel&rdquo;i n\u0259 q\u0259d\u0259r g&ouml;z\u0259l olsa da, arxitektura n&ouml;qteyi-n\u0259z\u0259rind\u0259n Heyd\u0259r \u018fliyev M\u0259rk\u0259zinin m&ouml;ht\u0259\u015f\u0259mliyin\u0259 x\u0259l\u0259l g\u0259tirir. Fikir vermisinizmi ki, Amerikada A\u011f Evin \u0259traf\u0131nda ondan h&uuml;nd&uuml;r he&ccedil; bir tikinti apar\u0131lmay\u0131b. G&ouml;r&uuml;n&uuml;r, t\u0259k insanlar aras\u0131nda yox, el\u0259 \u015f\u0259h\u0259rsalma sah\u0259sind\u0259 d\u0259 etik qaydalara riay\u0259t etm\u0259k arxitektura s\u0259n\u0259tinin &ouml;z&uuml;n\u0259m\u0259xsus inc\u0259likl\u0259rind\u0259dir. T\u0131xacla \u0259laq\u0259dar m&ouml;vcud n&ouml;qsanlar\u0131n aradan qald\u0131r\u0131lmas\u0131 il\u0259 ba\u011fl\u0131 yarana bil\u0259c\u0259k qaranl\u0131q suallara, laz\u0131m g\u0259l\u0259rs\u0259, a&ccedil;\u0131qlama verm\u0259y\u0259 haz\u0131ram&#8230;<\/p>\n<p style=\"color: rgb(0, 0, 0); outline: 0px; margin: 0px 0px 5px; padding: 0px; border: 0px; font-variant-numeric: inherit; font-variant-east-asian: inherit; font-stretch: inherit; font-size: 15px; line-height: inherit; font-family: Arial; vertical-align: baseline;\">Yekun olaraq bir daha t\u0259krar edir\u0259m ki, t\u0131xaclar\u0131n aradan qald\u0131r\u0131lmas\u0131n\u0131n yegan\u0259 yolu, yollarda v\u0259 yolqov\u015faqlar\u0131ndak\u0131 m&ouml;vcud n&ouml;qsanlar\u0131 aradan qald\u0131rmaqd\u0131r.<\/p>\n","protected":false},"excerpt":{"rendered":"<p>Bak\u0131 \u015e\u0259h\u0259r Ba\u015f Polis \u0130dar\u0259sinin ke&ccedil;mi\u015f r\u0259is m&uuml;avini, polis general-mayoru H\u0259s\u0259n \u015eirinov Bak\u0131n\u0131n t\u0131xac problemi il\u0259 ba\u011fl\u0131 t\u0259nqidi yaz\u0131 il\u0259 &ccedil;\u0131x\u0131\u015f edib. Ucnoqta.az&nbsp;x\u0259b\u0259r verir ki, ikisahil.az-da yay\u0131mlanan yaz\u0131da&nbsp;o, t\u0131xac probleminin&hellip;<\/p>\n","protected":false},"author":1,"featured_media":251278,"comment_status":"open","ping_status":"open","sticky":false,"template":"","format":"standard","meta":{"_lmt_disableupdate":"","_lmt_disable":"","footnotes":""},"categories":[101],"tags":[],"class_list":["post-163486","post","type-post","status-publish","format-standard","has-post-thumbnail","hentry","category-cemiyyet"],"_links":{"self":[{"href":"https:\/\/ucnoqta.az\/index.php?rest_route=\/wp\/v2\/posts\/163486","targetHints":{"allow":["GET"]}}],"collection":[{"href":"https:\/\/ucnoqta.az\/index.php?rest_route=\/wp\/v2\/posts"}],"about":[{"href":"https:\/\/ucnoqta.az\/index.php?rest_route=\/wp\/v2\/types\/post"}],"author":[{"embeddable":true,"href":"https:\/\/ucnoqta.az\/index.php?rest_route=\/wp\/v2\/users\/1"}],"replies":[{"embeddable":true,"href":"https:\/\/ucnoqta.az\/index.php?rest_route=%2Fwp%2Fv2%2Fcomments&post=163486"}],"version-history":[{"count":0,"href":"https:\/\/ucnoqta.az\/index.php?rest_route=\/wp\/v2\/posts\/163486\/revisions"}],"wp:featuredmedia":[{"embeddable":true,"href":"https:\/\/ucnoqta.az\/index.php?rest_route=\/wp\/v2\/media\/251278"}],"wp:attachment":[{"href":"https:\/\/ucnoqta.az\/index.php?rest_route=%2Fwp%2Fv2%2Fmedia&parent=163486"}],"wp:term":[{"taxonomy":"category","embeddable":true,"href":"https:\/\/ucnoqta.az\/index.php?rest_route=%2Fwp%2Fv2%2Fcategories&post=163486"},{"taxonomy":"post_tag","embeddable":true,"href":"https:\/\/ucnoqta.az\/index.php?rest_route=%2Fwp%2Fv2%2Ftags&post=163486"}],"curies":[{"name":"wp","href":"https:\/\/api.w.org\/{rel}","templated":true}]}}