{"id":163484,"date":"2022-11-25T00:00:20","date_gmt":"2022-11-24T20:00:20","guid":{"rendered":""},"modified":"-0001-11-30T00:00:00","modified_gmt":"-0001-11-29T20:00:00","slug":"","status":"publish","type":"post","link":"https:\/\/ucnoqta.az\/?p=163484","title":{"rendered":"K\u0259lb\u0259c\u0259rin i\u015f\u011faldan azad edilm\u0259sind\u0259n 2 il \u00f6t\u00fcr"},"content":{"rendered":"<p><strong>K\u0259lb\u0259c\u0259rin i\u015f\u011faldan azad edilm\u0259sind\u0259n 2 il &ouml;t&uuml;r.<\/strong><\/p>\n<p>Ucnoqta.az x\u0259b\u0259r verir ki, Az\u0259rbaycan Ordusunun Erm\u0259nistan\u0131n 2020-ci il sentyabr\u0131n 27-d\u0259 t\u0259cav&uuml;z&uuml;n\u0259 qar\u015f\u0131 ba\u015flad\u0131\u011f\u0131 \u0259ks-h&uuml;cum \u0259m\u0259liyyat\u0131 2020-ci il noyabr\u0131n 9-da Z\u0259f\u0259rl\u0259 ba\u015fa &ccedil;at\u0131b.<\/p>\n<p>Az\u0259rbaycan Ordusu 44 g&uuml;nl&uuml;k V\u0259t\u0259n m&uuml;harib\u0259sind\u0259 &uuml;mumilikd\u0259 300-d\u0259n &ccedil;ox ya\u015fay\u0131\u015f m\u0259nt\u0259q\u0259sini, h\u0259m&ccedil;inin A\u011fd\u0259r\u0259, Murovda\u011f v\u0259 Z\u0259ngilan istiqam\u0259tl\u0259rind\u0259 m&uuml;h&uuml;m strateji y&uuml;ks\u0259klikl\u0259ri i\u015f\u011faldan azad edib.<br \/>\nNoyabr\u0131n 8-d\u0259 \u015eu\u015fan\u0131n i\u015f\u011faldan azad edilm\u0259si il\u0259 m&uuml;harib\u0259d\u0259 m\u0259\u011flub oldu\u011funu anlayan Erm\u0259nistan m\u0259cburiyy\u0259t qar\u015f\u0131s\u0131nda qalaraq kapitulyasiya akt\u0131na imza at\u0131b.<\/p>\n<p>Noyabr\u0131n 10-da Az\u0259rbaycan Prezidenti \u0130lham \u018fliyev, Rusiya Prezidenti Vladimir Putin v\u0259 Erm\u0259nistan\u0131n Ba\u015f naziri Nikol Pa\u015finyan aras\u0131nda B\u0259yanat imzalan\u0131b.<br \/>\nB\u0259yanat\u0131n 6-c\u0131 b\u0259ndin\u0259 \u0259sas\u0259n, K\u0259lb\u0259c\u0259r rayonu Az\u0259rbaycana qaytar\u0131l\u0131b. B\u0259yanatda K\u0259lb\u0259c\u0259rin noyabr\u0131n 15-d\u0259k qaytar\u0131lmas\u0131 n\u0259z\u0259rd\u0259 tutulsa da, erm\u0259nil\u0259r rayonu bo\u015faltmaq &uuml;&ccedil;&uuml;n Rusiya vasit\u0259sil\u0259 Az\u0259rbaycandan 10 g&uuml;n vaxt ist\u0259yib. Az\u0259rbaycan humanizm prinsipl\u0259rini \u0259sas g&ouml;t&uuml;r\u0259r\u0259k, g&uuml;z\u0259\u015ft\u0259 gedib, erm\u0259nil\u0259r\u0259 10 g&uuml;n vaxt verib. 2020-ci il noyabr\u0131n 25-d\u0259 K\u0259lb\u0259c\u0259r rayonu Az\u0259rbaycana qaytar\u0131l\u0131b.<\/p>\n<p>Bel\u0259likl\u0259, K\u0259lb\u0259c\u0259rin 27 illik i\u015f\u011fal\u0131na son qoyulub.<br \/>\nLakin verilmi\u015f 10 g&uuml;n m&ouml;hl\u0259t m&uuml;dd\u0259tind\u0259 d\u0259 erm\u0259nil\u0259r xisl\u0259tl\u0259rin\u0259 uy\u011fun davranaraq, K\u0259lb\u0259c\u0259rd\u0259 da\u011f\u0131nt\u0131lar t&ouml;r\u0259dib, 27 il i\u015f\u011falda saxlad\u0131qlar\u0131 rayonu t\u0259rk ed\u0259rk\u0259n evl\u0259ri, binalar\u0131, tikilil\u0259ri talan edib, yand\u0131r\u0131b, a\u011faclar\u0131 q\u0131r\u0131b, ekoloji terrora \u0259l at\u0131b. Bundan ba\u015fqa, onlar K\u0259lb\u0259c\u0259ri t\u0259rk etm\u0259zd\u0259n \u0259vv\u0259l rayonunun m&uuml;xt\u0259lif \u0259razil\u0259rind\u0259, yol ke&ccedil;idl\u0259rind\u0259 piyada v\u0259 tank \u0259leyhin\u0259 minalar basd\u0131r\u0131blar. Bunun n\u0259tic\u0259sind\u0259 2021-ci il iyunun 4-d\u0259 K\u0259lb\u0259c\u0259r rayonunun Susuzluq k\u0259ndi \u0259razisind\u0259 jurnalistl\u0259ri da\u015f\u0131yan n\u0259qliyyat vasit\u0259si tank \u0259leyhin\u0259 minaya d&uuml;\u015f&uuml;b, partlay\u0131\u015fda &ldquo;Az\u0259rtac&rdquo;\u0131n m&uuml;xbiri M\u0259h\u0259rr\u0259m \u0130brahimov, AzTV-nin operatoru Sirac Ab\u0131\u015fov v\u0259 K\u0259lb\u0259c\u0259r R\u0130H ba\u015f&ccedil;\u0131s\u0131n\u0131n Susuzluq k\u0259nd inzibati \u0259razi dair\u0259si &uuml;zr\u0259 n&uuml;may\u0259nd\u0259sinin m&uuml;avini Arif \u018fliyev h\u0259lak olub, 4 n\u0259f\u0259r yaralan\u0131b.<\/p>\n<p>Qeyd ed\u0259k ki, &uuml;&ccedil;t\u0259r\u0259fli B\u0259yanat\u0131n 2-ci b\u0259ndin\u0259 \u0259sas\u0259n, 2020-ci il noyabr\u0131n 20-d\u0259 A\u011fdam rayonu, 6-c\u0131 b\u0259ndin\u0259 \u0259sas\u0259n, dekabr\u0131n 1-d\u0259 is\u0259 La&ccedil;\u0131n rayonu da Az\u0259rbaycana qaytar\u0131l\u0131b.<\/p>\n<p>Az\u0259rbaycan A\u011fdam, K\u0259lb\u0259c\u0259r v\u0259 La&ccedil;\u0131n rayonlar\u0131n\u0131n i\u015f\u011faldan azad edilm\u0259sin\u0259 he&ccedil; bir itki verm\u0259d\u0259n nail olub.<\/p>\n<p>Az\u0259rbaycan Prezidenti \u0130lham \u018fliyev 25 noyabr 2020-ci ild\u0259 televiziya il\u0259 m&uuml;raci\u0259tind\u0259 K\u0259lb\u0259c\u0259r rayonunun i\u015f\u011faldan azad edilm\u0259si m&uuml;nasib\u0259til\u0259 Az\u0259rbaycan xalq\u0131n\u0131 t\u0259brik edib.<\/p>\n<p>K\u0259lb\u0259c\u0259rin i\u015f\u011faldan azad edilm\u0259si \u015f\u0259r\u0259fin\u0259 Az\u0259rbaycan Respublikas\u0131nda &ldquo;K\u0259lb\u0259c\u0259rin azad olunmas\u0131na g&ouml;r\u0259&rdquo; medal\u0131 t\u0259sis olunub.<\/p>\n<p>Prezident \u0130lham \u018fliyevin S\u0259r\u0259ncam\u0131 il\u0259 K\u0259lb\u0259c\u0259rin i\u015f\u011faldan azad edilm\u0259si u\u011frunda d&ouml;y&uuml;\u015f \u0259m\u0259liyyatlar\u0131nda i\u015ftirak ed\u0259r\u0259k \u015f\u0259xsi igidlik v\u0259 \u015f&uuml;ca\u0259t g&ouml;st\u0259rmi\u015f h\u0259rbi qulluq&ccedil;ular &ldquo;K\u0259lb\u0259c\u0259rin azad olunmas\u0131na g&ouml;r\u0259&rdquo; medal\u0131 il\u0259 t\u0259ltif edilib.<\/p>\n<p>Qeyd ed\u0259k ki, K\u0259lb\u0259c\u0259r rayonu 1993-c&uuml; il aprelin 2-d\u0259 Erm\u0259nistan Silahl\u0131 Q&uuml;vv\u0259l\u0259ri t\u0259r\u0259find\u0259n i\u015f\u011fal edilmi\u015fdi.<\/p>\n<p>Erm\u0259nistan i\u015f\u011fal m&uuml;dd\u0259tind\u0259 K\u0259lb\u0259c\u0259r \u015f\u0259h\u0259rini v\u0259 rayonun ya\u015fay\u0131\u015f m\u0259nt\u0259q\u0259l\u0259rini talay\u0131b, darmada\u011f\u0131n edib, tarixi, m\u0259d\u0259ni, dini abid\u0259l\u0259r, q\u0259biristanl\u0131qlar yer &uuml;z&uuml;nd\u0259n silinib.\/\/\/apa<\/p>\n","protected":false},"excerpt":{"rendered":"<p>K\u0259lb\u0259c\u0259rin i\u015f\u011faldan azad edilm\u0259sind\u0259n 2 il &ouml;t&uuml;r. Ucnoqta.az x\u0259b\u0259r verir ki, Az\u0259rbaycan Ordusunun Erm\u0259nistan\u0131n 2020-ci il sentyabr\u0131n 27-d\u0259 t\u0259cav&uuml;z&uuml;n\u0259 qar\u015f\u0131 ba\u015flad\u0131\u011f\u0131 \u0259ks-h&uuml;cum \u0259m\u0259liyyat\u0131 2020-ci il noyabr\u0131n 9-da Z\u0259f\u0259rl\u0259 ba\u015fa &ccedil;at\u0131b.&hellip;<\/p>\n","protected":false},"author":1,"featured_media":251278,"comment_status":"open","ping_status":"open","sticky":false,"template":"","format":"standard","meta":{"_lmt_disableupdate":"","_lmt_disable":"","footnotes":""},"categories":[91],"tags":[],"class_list":["post-163484","post","type-post","status-publish","format-standard","has-post-thumbnail","hentry","category-olkeici"],"_links":{"self":[{"href":"https:\/\/ucnoqta.az\/index.php?rest_route=\/wp\/v2\/posts\/163484","targetHints":{"allow":["GET"]}}],"collection":[{"href":"https:\/\/ucnoqta.az\/index.php?rest_route=\/wp\/v2\/posts"}],"about":[{"href":"https:\/\/ucnoqta.az\/index.php?rest_route=\/wp\/v2\/types\/post"}],"author":[{"embeddable":true,"href":"https:\/\/ucnoqta.az\/index.php?rest_route=\/wp\/v2\/users\/1"}],"replies":[{"embeddable":true,"href":"https:\/\/ucnoqta.az\/index.php?rest_route=%2Fwp%2Fv2%2Fcomments&post=163484"}],"version-history":[{"count":0,"href":"https:\/\/ucnoqta.az\/index.php?rest_route=\/wp\/v2\/posts\/163484\/revisions"}],"wp:featuredmedia":[{"embeddable":true,"href":"https:\/\/ucnoqta.az\/index.php?rest_route=\/wp\/v2\/media\/251278"}],"wp:attachment":[{"href":"https:\/\/ucnoqta.az\/index.php?rest_route=%2Fwp%2Fv2%2Fmedia&parent=163484"}],"wp:term":[{"taxonomy":"category","embeddable":true,"href":"https:\/\/ucnoqta.az\/index.php?rest_route=%2Fwp%2Fv2%2Fcategories&post=163484"},{"taxonomy":"post_tag","embeddable":true,"href":"https:\/\/ucnoqta.az\/index.php?rest_route=%2Fwp%2Fv2%2Ftags&post=163484"}],"curies":[{"name":"wp","href":"https:\/\/api.w.org\/{rel}","templated":true}]}}