{"id":163475,"date":"2022-11-24T21:28:09","date_gmt":"2022-11-24T17:28:09","guid":{"rendered":""},"modified":"-0001-11-30T00:00:00","modified_gmt":"-0001-11-29T20:00:00","slug":"","status":"publish","type":"post","link":"https:\/\/ucnoqta.az\/?p=163475","title":{"rendered":"Ronaldu rekordu yenil\u0259di"},"content":{"rendered":"<p><strong>H&uuml;cum&ccedil;u Kri\u015ftianu Ronaldu 2022-ci il d&uuml;nya &ccedil;empionat\u0131nda &ccedil;\u0131x\u0131\u015f ed\u0259r\u0259k Avropa rekorduna imza at\u0131b.<\/strong><\/p>\n<p>Forvard Qana il\u0259 mat&ccedil;da meydana &ccedil;\u0131xaraq onuncu b&ouml;y&uuml;k beyn\u0259lxalq turnird\u0259 Portuqaliya y\u0131\u011fmas\u0131nda &ccedil;\u0131x\u0131\u015f edib. \u0130ndiy\u0259d\u0259k he&ccedil; bir avropal\u0131 bunu ed\u0259 bilm\u0259yib.<\/p>\n<p>Daha \u0259vv\u0259l Ronaldu Avro 2004, D&Ccedil; 2006, Avro 2008, D&Ccedil; 2010, Avro 2012, D&Ccedil; 2014, Avro 2016, D&Ccedil; 2018 v\u0259 Avro 2020-y\u0259 qat\u0131l\u0131b.<\/p>\n<p>H\u0259m&ccedil;inin, Ronaldu 5-ci d&uuml;nya &ccedil;empionat\u0131nda oynamaqla m&ouml;vcud rekordu t\u0259krarlay\u0131b. 37 ya\u015fl\u0131 futbol&ccedil;u be\u015f turnird\u0259 i\u015ftirak ed\u0259n alt\u0131nc\u0131 oyun&ccedil;u olub.<\/p>\n<p>O, Meksika y\u0131\u011fmas\u0131n\u0131n sabiq qap\u0131&ccedil;\u0131s\u0131 Antonio Karbaxal, ke&ccedil;mi\u015f alman m&uuml;dafi\u0259&ccedil;isi Lotar Matteus, Meksika y\u0131\u011fmas\u0131n\u0131n sabiq m&uuml;dafi\u0259&ccedil;isi Rafael Markes, \u0130taliya y\u0131\u011fmas\u0131n\u0131n sabiq qap\u0131&ccedil;\u0131s\u0131 Canluici Buffon v\u0259 Argentina millisinin h&uuml;cum&ccedil;usu Lionel Messinin nailiyy\u0259tl\u0259rini t\u0259krarlay\u0131b.<\/p>\n<p>Ronaldo bundan \u0259vv\u0259l 2006, 2010, 2014 v\u0259 2018-ci ill\u0259rd\u0259ki d&uuml;nya &ccedil;empionatlar\u0131nda &ccedil;\u0131x\u0131\u015f edib.<\/p>\n","protected":false},"excerpt":{"rendered":"<p>H&uuml;cum&ccedil;u Kri\u015ftianu Ronaldu 2022-ci il d&uuml;nya &ccedil;empionat\u0131nda &ccedil;\u0131x\u0131\u015f ed\u0259r\u0259k Avropa rekorduna imza at\u0131b. Forvard Qana il\u0259 mat&ccedil;da meydana &ccedil;\u0131xaraq onuncu b&ouml;y&uuml;k beyn\u0259lxalq turnird\u0259 Portuqaliya y\u0131\u011fmas\u0131nda &ccedil;\u0131x\u0131\u015f edib. \u0130ndiy\u0259d\u0259k he&ccedil; bir&hellip;<\/p>\n","protected":false},"author":1,"featured_media":251278,"comment_status":"open","ping_status":"open","sticky":false,"template":"","format":"standard","meta":{"_lmt_disableupdate":"","_lmt_disable":"","footnotes":""},"categories":[90],"tags":[],"class_list":["post-163475","post","type-post","status-publish","format-standard","has-post-thumbnail","hentry","category-idman-butun-xeberler"],"_links":{"self":[{"href":"https:\/\/ucnoqta.az\/index.php?rest_route=\/wp\/v2\/posts\/163475","targetHints":{"allow":["GET"]}}],"collection":[{"href":"https:\/\/ucnoqta.az\/index.php?rest_route=\/wp\/v2\/posts"}],"about":[{"href":"https:\/\/ucnoqta.az\/index.php?rest_route=\/wp\/v2\/types\/post"}],"author":[{"embeddable":true,"href":"https:\/\/ucnoqta.az\/index.php?rest_route=\/wp\/v2\/users\/1"}],"replies":[{"embeddable":true,"href":"https:\/\/ucnoqta.az\/index.php?rest_route=%2Fwp%2Fv2%2Fcomments&post=163475"}],"version-history":[{"count":0,"href":"https:\/\/ucnoqta.az\/index.php?rest_route=\/wp\/v2\/posts\/163475\/revisions"}],"wp:featuredmedia":[{"embeddable":true,"href":"https:\/\/ucnoqta.az\/index.php?rest_route=\/wp\/v2\/media\/251278"}],"wp:attachment":[{"href":"https:\/\/ucnoqta.az\/index.php?rest_route=%2Fwp%2Fv2%2Fmedia&parent=163475"}],"wp:term":[{"taxonomy":"category","embeddable":true,"href":"https:\/\/ucnoqta.az\/index.php?rest_route=%2Fwp%2Fv2%2Fcategories&post=163475"},{"taxonomy":"post_tag","embeddable":true,"href":"https:\/\/ucnoqta.az\/index.php?rest_route=%2Fwp%2Fv2%2Ftags&post=163475"}],"curies":[{"name":"wp","href":"https:\/\/api.w.org\/{rel}","templated":true}]}}