{"id":163451,"date":"2022-11-24T17:22:32","date_gmt":"2022-11-24T13:22:32","guid":{"rendered":""},"modified":"-0001-11-30T00:00:00","modified_gmt":"-0001-11-29T20:00:00","slug":"","status":"publish","type":"post","link":"https:\/\/ucnoqta.az\/?p=163451","title":{"rendered":"Kamran \u018fliyevd\u0259n i\u015fg\u0259nc\u0259 iddialar\u0131 il\u0259 ba\u011fl\u0131 a\u00e7\u0131qlama"},"content":{"rendered":"<p><strong>Ba\u015f prokuror Kamran \u018fliyev saxlan\u0131lan \u015f\u0259xsl\u0259r\u0259 i\u015fg\u0259nc\u0259 verilm\u0259si bar\u0259d\u0259 iddialara m&uuml;nasib\u0259t bildirib.<\/strong><\/p>\n<p>Ucnoqta.az x\u0259b\u0259r verir ki, Ba\u015f prokuror Elmi M\u0259sl\u0259h\u0259t \u015euras\u0131n\u0131n iclas\u0131nda bildirib ki, i\u015fg\u0259nc\u0259 faktlar\u0131 il\u0259 ba\u011fl\u0131 \u0259sas\u0259n t\u0259qsirl\u0259ndiril\u0259n \u015f\u0259xsl\u0259r m\u0259hk\u0259m\u0259 istintaq\u0131 zaman\u0131 ifad\u0259 verir.<\/p>\n<p>&quot;Ad\u0259t\u0259n narkotik i\u015fl\u0259rind\u0259 saxlan\u0131lan \u015f\u0259xsl\u0259r saxlan\u0131ld\u0131\u011f\u0131 v\u0259 istintaq d&ouml;vr&uuml;nd\u0259 i\u015fg\u0259nc\u0259l\u0259r ald\u0131\u011f\u0131 il\u0259 ba\u011fl\u0131 ifad\u0259l\u0259r verir. Bu m\u0259s\u0259l\u0259l\u0259rd\u0259 prokurorluq orqanlar\u0131 &ccedil;ox diqq\u0259tli olmal\u0131d\u0131r. &Ccedil;&uuml;nki b\u0259z\u0259n t\u0259qsirl\u0259ndiril\u0259n \u015f\u0259xsl\u0259r m\u0259suliyy\u0259td\u0259n &ouml;z&uuml;n&uuml; k\u0259narda saxlamaq niyy\u0259ti il\u0259 bu yola \u0259l at\u0131rlar. Bu m\u0259s\u0259l\u0259l\u0259r &ccedil;ox ciddi \u015f\u0259kild\u0259 ara\u015fd\u0131rmal\u0131d\u0131r&quot;, &#8211; Ba\u015f prokuror qeyd edib.<\/p>\n<p>&nbsp;<\/p>\n","protected":false},"excerpt":{"rendered":"<p>Ba\u015f prokuror Kamran \u018fliyev saxlan\u0131lan \u015f\u0259xsl\u0259r\u0259 i\u015fg\u0259nc\u0259 verilm\u0259si bar\u0259d\u0259 iddialara m&uuml;nasib\u0259t bildirib. Ucnoqta.az x\u0259b\u0259r verir ki, Ba\u015f prokuror Elmi M\u0259sl\u0259h\u0259t \u015euras\u0131n\u0131n iclas\u0131nda bildirib ki, i\u015fg\u0259nc\u0259 faktlar\u0131 il\u0259 ba\u011fl\u0131 \u0259sas\u0259n t\u0259qsirl\u0259ndiril\u0259n&hellip;<\/p>\n","protected":false},"author":1,"featured_media":251278,"comment_status":"open","ping_status":"open","sticky":false,"template":"","format":"standard","meta":{"_lmt_disableupdate":"","_lmt_disable":"","footnotes":""},"categories":[],"tags":[],"class_list":["post-163451","post","type-post","status-publish","format-standard","has-post-thumbnail","hentry"],"_links":{"self":[{"href":"https:\/\/ucnoqta.az\/index.php?rest_route=\/wp\/v2\/posts\/163451","targetHints":{"allow":["GET"]}}],"collection":[{"href":"https:\/\/ucnoqta.az\/index.php?rest_route=\/wp\/v2\/posts"}],"about":[{"href":"https:\/\/ucnoqta.az\/index.php?rest_route=\/wp\/v2\/types\/post"}],"author":[{"embeddable":true,"href":"https:\/\/ucnoqta.az\/index.php?rest_route=\/wp\/v2\/users\/1"}],"replies":[{"embeddable":true,"href":"https:\/\/ucnoqta.az\/index.php?rest_route=%2Fwp%2Fv2%2Fcomments&post=163451"}],"version-history":[{"count":0,"href":"https:\/\/ucnoqta.az\/index.php?rest_route=\/wp\/v2\/posts\/163451\/revisions"}],"wp:featuredmedia":[{"embeddable":true,"href":"https:\/\/ucnoqta.az\/index.php?rest_route=\/wp\/v2\/media\/251278"}],"wp:attachment":[{"href":"https:\/\/ucnoqta.az\/index.php?rest_route=%2Fwp%2Fv2%2Fmedia&parent=163451"}],"wp:term":[{"taxonomy":"category","embeddable":true,"href":"https:\/\/ucnoqta.az\/index.php?rest_route=%2Fwp%2Fv2%2Fcategories&post=163451"},{"taxonomy":"post_tag","embeddable":true,"href":"https:\/\/ucnoqta.az\/index.php?rest_route=%2Fwp%2Fv2%2Ftags&post=163451"}],"curies":[{"name":"wp","href":"https:\/\/api.w.org\/{rel}","templated":true}]}}