{"id":163448,"date":"2022-11-24T17:00:58","date_gmt":"2022-11-24T13:00:58","guid":{"rendered":""},"modified":"-0001-11-30T00:00:00","modified_gmt":"-0001-11-29T20:00:00","slug":"","status":"publish","type":"post","link":"https:\/\/ucnoqta.az\/?p=163448","title":{"rendered":"Azya\u015fl\u0131 q\u0131z\u0131 il\u0259 birg\u0259 axtar\u0131lan qad\u0131n ail\u0259 qurmaq \u00fc\u00e7\u00fcn evd\u0259n gedib"},"content":{"rendered":"<p><strong>A\u011fdamda 5 ya\u015fl\u0131 &ouml;vlad\u0131 il\u0259 birg\u0259 itkin d&uuml;\u015fd&uuml;y&uuml; bildiril\u0259n 25 ya\u015fl\u0131 qad\u0131n ail\u0259 h\u0259yat\u0131 qurmaq &uuml;&ccedil;&uuml;n evd\u0259n gedib.<\/strong><\/p>\n<p>Bu bar\u0259d\u0259&nbsp;APA-ya polis vasit\u0259sil\u0259 axtar\u0131\u015fa veril\u0259n T\u0259hmin\u0259 A\u011fayeva &ouml;z&uuml; m\u0259lumat verib.<\/p>\n<p>T\u0259hmin\u0259 A\u011fayevan\u0131n s&ouml;zl\u0259rin\u0259 g&ouml;r\u0259, onun evd\u0259n getm\u0259sind\u0259n ail\u0259si m\u0259lumatl\u0131d\u0131r: &ldquo;\u0130ki il \u0259vv\u0259l birinci h\u0259yat yolda\u015f\u0131mdan ayr\u0131lm\u0131\u015fam. 5-6 g&uuml;n \u0259vv\u0259l is\u0259 yeni m&uuml;nasib\u0259t qurdu\u011fum \u015f\u0259xsl\u0259 birg\u0259 evd\u0259n &ccedil;\u0131xm\u0131\u015fam. Atam\u0131n, qarda\u015f\u0131m\u0131n da bundan x\u0259b\u0259ri var. M\u0259n itkin deyil\u0259m, haz\u0131rda sevdiyim \u015f\u0259xsl\u0259 birg\u0259 xo\u015fb\u0259xt ail\u0259 h\u0259yat\u0131 ya\u015fay\u0131ram&rdquo;.<\/p>\n<p>Qeyd ed\u0259k ki, A\u011fdam rayonu, Mir\u0259\u015felli k\u0259nd sakini, 1997-ci il t\u0259v\u0259ll&uuml;dl&uuml; T\u0259hmin\u0259 A\u011fayevan\u0131n 5 ya\u015fl\u0131 q\u0131z\u0131 il\u0259 birg\u0259 itkin d&uuml;\u015fm\u0259si bar\u0259d\u0259 polis\u0259 m\u0259lumat daxil olmu\u015fdu.<\/p>\n<p>&nbsp;<\/p>\n","protected":false},"excerpt":{"rendered":"<p>A\u011fdamda 5 ya\u015fl\u0131 &ouml;vlad\u0131 il\u0259 birg\u0259 itkin d&uuml;\u015fd&uuml;y&uuml; bildiril\u0259n 25 ya\u015fl\u0131 qad\u0131n ail\u0259 h\u0259yat\u0131 qurmaq &uuml;&ccedil;&uuml;n evd\u0259n gedib. Bu bar\u0259d\u0259&nbsp;APA-ya polis vasit\u0259sil\u0259 axtar\u0131\u015fa veril\u0259n T\u0259hmin\u0259 A\u011fayeva &ouml;z&uuml; m\u0259lumat verib. T\u0259hmin\u0259&hellip;<\/p>\n","protected":false},"author":1,"featured_media":251278,"comment_status":"open","ping_status":"open","sticky":false,"template":"","format":"standard","meta":{"_lmt_disableupdate":"","_lmt_disable":"","footnotes":""},"categories":[101],"tags":[],"class_list":["post-163448","post","type-post","status-publish","format-standard","has-post-thumbnail","hentry","category-cemiyyet"],"_links":{"self":[{"href":"https:\/\/ucnoqta.az\/index.php?rest_route=\/wp\/v2\/posts\/163448","targetHints":{"allow":["GET"]}}],"collection":[{"href":"https:\/\/ucnoqta.az\/index.php?rest_route=\/wp\/v2\/posts"}],"about":[{"href":"https:\/\/ucnoqta.az\/index.php?rest_route=\/wp\/v2\/types\/post"}],"author":[{"embeddable":true,"href":"https:\/\/ucnoqta.az\/index.php?rest_route=\/wp\/v2\/users\/1"}],"replies":[{"embeddable":true,"href":"https:\/\/ucnoqta.az\/index.php?rest_route=%2Fwp%2Fv2%2Fcomments&post=163448"}],"version-history":[{"count":0,"href":"https:\/\/ucnoqta.az\/index.php?rest_route=\/wp\/v2\/posts\/163448\/revisions"}],"wp:featuredmedia":[{"embeddable":true,"href":"https:\/\/ucnoqta.az\/index.php?rest_route=\/wp\/v2\/media\/251278"}],"wp:attachment":[{"href":"https:\/\/ucnoqta.az\/index.php?rest_route=%2Fwp%2Fv2%2Fmedia&parent=163448"}],"wp:term":[{"taxonomy":"category","embeddable":true,"href":"https:\/\/ucnoqta.az\/index.php?rest_route=%2Fwp%2Fv2%2Fcategories&post=163448"},{"taxonomy":"post_tag","embeddable":true,"href":"https:\/\/ucnoqta.az\/index.php?rest_route=%2Fwp%2Fv2%2Ftags&post=163448"}],"curies":[{"name":"wp","href":"https:\/\/api.w.org\/{rel}","templated":true}]}}