{"id":163444,"date":"2022-11-24T16:30:37","date_gmt":"2022-11-24T12:30:37","guid":{"rendered":""},"modified":"-0001-11-30T00:00:00","modified_gmt":"-0001-11-29T20:00:00","slug":"","status":"publish","type":"post","link":"https:\/\/ucnoqta.az\/?p=163444","title":{"rendered":"M\u0259\u015fhur t\u00fcrk m\u00fc\u011f\u0259nni azadl\u0131qdan m\u0259hrum edildi"},"content":{"rendered":"<p><strong>T&uuml;rkiy\u0259nin tan\u0131nm\u0131\u015f m&uuml;\u011f\u0259nnisi v\u0259 aktyoru Halil Sezai 4 ay 25 g&uuml;n m&uuml;dd\u0259tin\u0259 azadl\u0131qdan m\u0259hrum edilib. M\u0259hk\u0259m\u0259 onu qon\u015fusu H&uuml;seyn Meri&ccedil;\u0259 dediyi t\u0259hqiramiz s&ouml;zl\u0259r s\u0259b\u0259bind\u0259n t\u0259qsirli bilib.<\/strong><\/p>\n<p>T\u0259r\u0259fl\u0259r aras\u0131nda insident m&uuml;\u011f\u0259nninin Tuzlada s\u0259hn\u0259y\u0259 &ccedil;\u0131xd\u0131\u011f\u0131 m\u0259kanda ba\u015f verib. Sezai hadis\u0259 zaman\u0131 qon\u015fusunu d&ouml;y\u0259r\u0259k t\u0259hqir edib.<\/p>\n<p>Hakim h&ouml;km&uuml;n&uuml; a&ccedil;\u0131qlamazdan qabaq Sezai &ouml;z&uuml;n&uuml; m&uuml;dafi\u0259 etm\u0259k &uuml;&ccedil;&uuml;n deyib ki, qon\u015fusu il\u0259 \u0259vv\u0259ll\u0259r ba\u015f vermi\u015f daha bir hadis\u0259y\u0259 g&ouml;r\u0259 aralar\u0131nda d&uuml;\u015fm\u0259n&ccedil;ilik var:<\/p>\n<p>&ldquo;T\u0259hqir etm\u0259k fikrind\u0259 deyildim. G&uuml;nahs\u0131zam, b\u0259ra\u0259timi t\u0259l\u0259b edir\u0259m&rdquo;.<\/p>\n<p>Meri&ccedil; is\u0259 s&ouml;z&uuml;ged\u0259n hadis\u0259d\u0259n \u0259vv\u0259l d\u0259 m&uuml;\u011f\u0259nninin ona sosial \u015f\u0259b\u0259k\u0259l\u0259r vasit\u0259sil\u0259 b\u0259zi h\u0259r\u0259k\u0259tl\u0259r etdiyini vur\u011fulay\u0131b: &ldquo;Ondan \u015fikay\u0259t&ccedil;iy\u0259m&rdquo;.<\/p>\n<p>Prokurorluq onun 3 ay 15 g&uuml;nd\u0259n 2 il 4 aya q\u0259d\u0259r h\u0259bs edilm\u0259sini t\u0259l\u0259b edib. M\u0259hk\u0259m\u0259 is\u0259 Sezaiy\u0259 h&ouml;km oxuyaraq onu 4 ay 25 g&uuml;n m&uuml;dd\u0259tin\u0259 azadl\u0131qdan m\u0259hrum edib.\/\/\/oxu.az<\/p>\n","protected":false},"excerpt":{"rendered":"<p>T&uuml;rkiy\u0259nin tan\u0131nm\u0131\u015f m&uuml;\u011f\u0259nnisi v\u0259 aktyoru Halil Sezai 4 ay 25 g&uuml;n m&uuml;dd\u0259tin\u0259 azadl\u0131qdan m\u0259hrum edilib. M\u0259hk\u0259m\u0259 onu qon\u015fusu H&uuml;seyn Meri&ccedil;\u0259 dediyi t\u0259hqiramiz s&ouml;zl\u0259r s\u0259b\u0259bind\u0259n t\u0259qsirli bilib. T\u0259r\u0259fl\u0259r aras\u0131nda insident m&uuml;\u011f\u0259nninin&hellip;<\/p>\n","protected":false},"author":1,"featured_media":251278,"comment_status":"open","ping_status":"open","sticky":false,"template":"","format":"standard","meta":{"_lmt_disableupdate":"","_lmt_disable":"","footnotes":""},"categories":[92],"tags":[],"class_list":["post-163444","post","type-post","status-publish","format-standard","has-post-thumbnail","hentry","category-maqazin"],"_links":{"self":[{"href":"https:\/\/ucnoqta.az\/index.php?rest_route=\/wp\/v2\/posts\/163444","targetHints":{"allow":["GET"]}}],"collection":[{"href":"https:\/\/ucnoqta.az\/index.php?rest_route=\/wp\/v2\/posts"}],"about":[{"href":"https:\/\/ucnoqta.az\/index.php?rest_route=\/wp\/v2\/types\/post"}],"author":[{"embeddable":true,"href":"https:\/\/ucnoqta.az\/index.php?rest_route=\/wp\/v2\/users\/1"}],"replies":[{"embeddable":true,"href":"https:\/\/ucnoqta.az\/index.php?rest_route=%2Fwp%2Fv2%2Fcomments&post=163444"}],"version-history":[{"count":0,"href":"https:\/\/ucnoqta.az\/index.php?rest_route=\/wp\/v2\/posts\/163444\/revisions"}],"wp:featuredmedia":[{"embeddable":true,"href":"https:\/\/ucnoqta.az\/index.php?rest_route=\/wp\/v2\/media\/251278"}],"wp:attachment":[{"href":"https:\/\/ucnoqta.az\/index.php?rest_route=%2Fwp%2Fv2%2Fmedia&parent=163444"}],"wp:term":[{"taxonomy":"category","embeddable":true,"href":"https:\/\/ucnoqta.az\/index.php?rest_route=%2Fwp%2Fv2%2Fcategories&post=163444"},{"taxonomy":"post_tag","embeddable":true,"href":"https:\/\/ucnoqta.az\/index.php?rest_route=%2Fwp%2Fv2%2Ftags&post=163444"}],"curies":[{"name":"wp","href":"https:\/\/api.w.org\/{rel}","templated":true}]}}