{"id":163443,"date":"2022-11-24T17:35:14","date_gmt":"2022-11-24T13:35:14","guid":{"rendered":""},"modified":"-0001-11-30T00:00:00","modified_gmt":"-0001-11-29T20:00:00","slug":"","status":"publish","type":"post","link":"https:\/\/ucnoqta.az\/?p=163443","title":{"rendered":"Alimpa\u015fa M\u0259mm\u0259dov m\u0259hk\u0259m\u0259d\u0259 \u00f6z\u00fcn\u00fc t\u0259qsirli bilib &#8211; <font color=red><b>FOTO\/V\u0130DEO (YEN\u0130L\u018fN\u0130B)<\/b><\/font>"},"content":{"rendered":"<p><strong>\u015e\u0259mkirin sabiq icra ba\u015f&ccedil;\u0131s\u0131 Alimpa\u015fa M\u0259mm\u0259dovun cinay\u0259t i\u015fi &uuml;zr\u0259 m\u0259hk\u0259m\u0259 istintaq\u0131 ba\u015flay\u0131b.<\/strong><\/p>\n<p>APA&nbsp;x\u0259b\u0259r verir ki, G\u0259nc\u0259 A\u011f\u0131r Cinay\u0259tl\u0259r M\u0259hk\u0259m\u0259sind\u0259 hakim Nural \u018fliyevin s\u0259drliyi il\u0259 ke&ccedil;iril\u0259n iclasda ittiham akt\u0131 elan olunub.<\/p>\n<p>\u0130ttihamda g&ouml;st\u0259rilib ki, Alimpa\u015fa M\u0259mm\u0259dov rayon \u0130cra Hakimiyy\u0259tinin ba\u015f&ccedil;\u0131s\u0131 oldu\u011fu m&uuml;dd\u0259td\u0259 xidm\u0259t &uuml;zr\u0259 &uuml;mumi himay\u0259darl\u0131q v\u0259 laqeydlik m&uuml;qabilind\u0259 birba\u015fa &ouml;z&uuml; &uuml;&ccedil;&uuml;n \u015f\u0259xs\u0259n v\u0259 vasit\u0259&ccedil;id\u0259n istifad\u0259 ed\u0259r\u0259k pul v\u0259saitl\u0259rini v\u0259 \u0259mlak qismind\u0259 maddi \u0259\u015fyalar\u0131 ist\u0259y\u0259r\u0259k q\u0259bul etm\u0259kl\u0259 t\u0259krar k&uuml;lli miqdarda r&uuml;\u015fv\u0259t al\u0131b.<\/p>\n<p>O, v\u0259zif\u0259 s\u0259lahiyy\u0259tl\u0259rind\u0259n sui-istifad\u0259 ed\u0259r\u0259k fiziki v\u0259 h&uuml;quqi \u015f\u0259xsl\u0259rin h&uuml;quqlar\u0131na v\u0259 qanuni m\u0259nafel\u0259rin\u0259, el\u0259c\u0259 d\u0259 c\u0259miyy\u0259tin v\u0259 d&ouml;vl\u0259tin qanunla qorunan m\u0259nafel\u0259rin\u0259 a\u011f\u0131r n\u0259tic\u0259l\u0259r\u0259 s\u0259b\u0259b olan ziyan vurub.<\/p>\n<p>Bel\u0259 ki, Alimpa\u015fa M\u0259mm\u0259dov \u015e\u0259mkir \u015f\u0259h\u0259r b\u0259l\u0259diyy\u0259si t\u0259r\u0259find\u0259n t\u0259sis edilmi\u015f \u015e\u0259mkir \u015f\u0259h\u0259rind\u0259 yerl\u0259\u015f\u0259n 1 milyon 335 min manat d\u0259y\u0259rind\u0259 &ldquo;Natural&rdquo; su v\u0259 cem istehsal\u0131 zavodu olan &ldquo;Abad \u015e\u0259mkir&rdquo; MMC-nin \u015f\u0259h\u0259r b\u0259l\u0259diyy\u0259sin\u0259 m\u0259xsus b&uuml;t&uuml;n paylar\u0131n\u0131n 2018-ci ild\u0259 o\u011flu Adil M\u0259mm\u0259dova, 2020-ci ild\u0259 is\u0259 F\u0259rid \u0130slamzad\u0259y\u0259 c\u0259mi 180 manata sat\u0131lmas\u0131n\u0131 t\u0259min edib.<\/p>\n<p>H\u0259m&ccedil;inin Alimpa\u015fa M\u0259mm\u0259dov d\u0259y\u0259ri 3 milyon 344 min manat olan &ldquo;&Ccedil;inarl\u0131 q\u0259s\u0259b\u0259&rdquo; MMC-nin \u015e\u0259mkir rayonu, &Ccedil;inarl\u0131 b\u0259l\u0259diyy\u0259sin\u0259 m\u0259xsus b&uuml;t&uuml;n paylar\u0131n\u0131 t\u0259sis&ccedil;il\u0259ri-o\u011flu Adil M\u0259mm\u0259dov, k&ouml;m\u0259k&ccedil;isi Mahir \u018fliyev v\u0259 Orxan M\u0259mm\u0259dli olan &ldquo;\u015e\u0259mkir s\u0259b\u0259ti&rdquo; MMC-y\u0259 c\u0259mi 40 manata sat\u0131lmas\u0131n\u0131 t\u0259min edib.<\/p>\n<p>Bundan ba\u015fqa, o, v\u0259zif\u0259li \u015f\u0259xs kimi r\u0259smi s\u0259n\u0259dl\u0259r\u0259 v\u0259 informasiya resurslar\u0131na bil\u0259-bil\u0259 yalan m\u0259lumatlar daxil etm\u0259kl\u0259 v\u0259zif\u0259 saxtakarl\u0131\u011f\u0131 t&ouml;r\u0259d\u0259r\u0259k k&uuml;lli miqdarda &ouml;zg\u0259 \u0259mlak\u0131n\u0131 t\u0259krar m\u0259nims\u0259m\u0259 v\u0259 israfetm\u0259 yolu il\u0259 talay\u0131b, qulluq m\u0259nafeyind\u0259n istifad\u0259 etm\u0259kl\u0259 cinay\u0259t yolu il\u0259 \u0259ld\u0259 etdiyi x&uuml;susil\u0259 k&uuml;lli miqdarda pul v\u0259saitl\u0259rini t\u0259krar leqalla\u015fd\u0131r\u0131b.<\/p>\n<p>\u0130ttihamda qeyd olunub ki, Alimpa\u015fa M\u0259mm\u0259dov rayon \u0130cra Hakimiyy\u0259tinin ba\u015f&ccedil;\u0131s\u0131 oldu\u011fu m&uuml;dd\u0259td\u0259 m&uuml;xt\u0259lif \u015f\u0259xsl\u0259rd\u0259n r&uuml;\u015fv\u0259t qismind\u0259 ald\u0131\u011f\u0131 pullar\u0131n b&ouml;y&uuml;k qismini k&ouml;m\u0259k&ccedil;isi Mahir \u018fliyevin, dig\u0259r qismini is\u0259 birinci m&uuml;avini v\u0259 \u015f\u0259h\u0259r memarl\u0131q \u015f&ouml;b\u0259sinin r\u0259isi vasit\u0259sil\u0259 &ouml;z xidm\u0259ti ota\u011f\u0131nda al\u0131b.<\/p>\n<p>O, \u0259ld\u0259 etdiyi pul v\u0259saitl\u0259rinin h\u0259qiqi m\u0259nb\u0259yini gizl\u0259tm\u0259k m\u0259qs\u0259dil\u0259 h\u0259min pulu o\u011flu Adil M\u0259mm\u0259dovun ad\u0131na t\u0259sis olunmu\u015f &quot;Az Farel&quot; MMC-nin tikinti x\u0259rcl\u0259rin\u0259 y&ouml;n\u0259ltm\u0259kl\u0259 cinay\u0259t yolu il\u0259 \u0259ld\u0259 etdiyi pul v\u0259saitl\u0259rini t\u0259krar leqalla\u015fd\u0131r\u0131b.<\/p>\n<p>Qeyd olunan \u0259m\u0259ll\u0259r\u0259 g&ouml;r\u0259 Alimpa\u015fa M\u0259mm\u0259dova Cinay\u0259t M\u0259c\u0259ll\u0259sinin 179.4 (m\u0259nims\u0259m\u0259), 193-1.3.2 (cinay\u0259t yolu il\u0259 \u0259ld\u0259 edilmi\u015f pul v\u0259saitl\u0259rini leqalla\u015fd\u0131rma), 308.2 (v\u0259zif\u0259 s\u0259lahiyy\u0259tl\u0259rind\u0259n sui-istifad\u0259), 311.3.2 v\u0259 311.3.3-c&uuml; (t\u0259krar, k&uuml;lli miqdarda r&uuml;\u015fv\u0259t alma) madd\u0259l\u0259ri il\u0259 ittiham elan olunub. Cinay\u0259t i\u015fi il\u0259 ba\u011fl\u0131 sabiq icra ba\u015f&ccedil;\u0131s\u0131n\u0131n 10 milyonluq \u0259mlak\u0131 &uuml;z\u0259rin\u0259 h\u0259bs qoyulub.<\/p>\n<p>M\u0259hk\u0259m\u0259d\u0259 Alimpa\u015fa M\u0259mm\u0259dov ittihama m&uuml;nasib\u0259t bildir\u0259r\u0259k &ouml;z&uuml;n&uuml; t\u0259qsirli bilib.<\/p>\n<p>O, ilk olaraq r&uuml;\u015fv\u0259t almaqla ba\u011fl\u0131 ittihama m&uuml;nasib\u0259t bildir\u0259r\u0259k bu epizod &uuml;zr\u0259 ittihamda qeyd olunanlarla tamamil\u0259 raz\u0131 oldu\u011funu deyib: &quot;Tamamil\u0259 raz\u0131yam, he&ccedil; bir problem yoxdur&quot;.<\/p>\n<p>Sabiq icra ba\u015f&ccedil;\u0131s\u0131 m\u0259nims\u0259m\u0259 v\u0259 israfetm\u0259 il\u0259 ba\u011fl\u0131 ittiham\u0131 q\u0259bul edib. Lakin b&uuml;t&uuml;n epizodlar &uuml;zr\u0259 \u0259ld\u0259 etdiyi g&ouml;st\u0259ril\u0259n v\u0259saitl\u0259ri \u015f\u0259xsi m\u0259nafeyi &uuml;&ccedil;&uuml;n istifad\u0259 etm\u0259diyini bildirib: &quot;M\u0259n v\u0259t\u0259nda\u015flar\u0131 i\u015f yeri il\u0259 t\u0259min etmi\u015f\u0259m, onlar\u0131n dolanmas\u0131 &uuml;&ccedil;&uuml;n &ccedil;al\u0131\u015fm\u0131\u015fam. Bu, israfetm\u0259 say\u0131l\u0131rsa, raz\u0131yam. \u0130ttihamda cinay\u0259t yolu il\u0259 \u0259ld\u0259 olundu\u011fu g&ouml;st\u0259ril\u0259n b&uuml;t&uuml;n v\u0259saitl\u0259r rayon idar\u0259&ccedil;iliyi &uuml;&ccedil;&uuml;n istifad\u0259 olunub. Y\u0259ni niyy\u0259t ba\u015fqa olub&quot;.<\/p>\n<p>Proses dekabr\u0131n 8-d\u0259 davam etdiril\u0259c\u0259k.<\/p>\n<p><strong>16:13<\/strong><\/p>\n<p>\u015e\u0259mkirin sabiq icra ba\u015f&ccedil;\u0131s\u0131 Alimpa\u015fa M\u0259mm\u0259dovun cinay\u0259t i\u015fi &uuml;zr\u0259 m\u0259hk\u0259m\u0259 istintaq\u0131 ba\u015flay\u0131b.<\/p>\n<p>\nUcnoqta.az APA-ya istinad\u0259n x\u0259b\u0259r verir ki, G\u0259nc\u0259 A\u011f\u0131r Cinay\u0259tl\u0259r M\u0259hk\u0259m\u0259sind\u0259 hakim Nural \u018fliyevin s\u0259drliyi il\u0259 ke&ccedil;iril\u0259n iclasda ittiham akt\u0131 elan olunur.<\/p>\n<p>Qeyd ed\u0259k ki, Alimpa\u015fa M\u0259mm\u0259dov 2021-ci ilin aprel ay\u0131nda D&ouml;vl\u0259t T\u0259hl&uuml;k\u0259sizliyi Xidm\u0259ti (DTX) t\u0259r\u0259find\u0259n ke&ccedil;iril\u0259n \u0259m\u0259liyyatla h\u0259bs olunub.<\/p>\n<p>&nbsp;<\/p>\n<p><iframe allow=\"accelerometer; autoplay; clipboard-write; encrypted-media; gyroscope; picture-in-picture\" allowfullscreen=\"\" frameborder=\"0\" height=\"315\" src=\"https:\/\/www.youtube.com\/embed\/Q4BuacOteqk\" title=\"YouTube video player\" width=\"560\"><\/iframe><\/p>\n","protected":false},"excerpt":{"rendered":"<p>\u015e\u0259mkirin sabiq icra ba\u015f&ccedil;\u0131s\u0131 Alimpa\u015fa M\u0259mm\u0259dovun cinay\u0259t i\u015fi &uuml;zr\u0259 m\u0259hk\u0259m\u0259 istintaq\u0131 ba\u015flay\u0131b. APA&nbsp;x\u0259b\u0259r verir ki, G\u0259nc\u0259 A\u011f\u0131r Cinay\u0259tl\u0259r M\u0259hk\u0259m\u0259sind\u0259 hakim Nural \u018fliyevin s\u0259drliyi il\u0259 ke&ccedil;iril\u0259n iclasda ittiham akt\u0131 elan olunub.&hellip;<\/p>\n","protected":false},"author":1,"featured_media":251278,"comment_status":"open","ping_status":"open","sticky":false,"template":"","format":"standard","meta":{"_lmt_disableupdate":"","_lmt_disable":"","footnotes":""},"categories":[101],"tags":[],"class_list":["post-163443","post","type-post","status-publish","format-standard","has-post-thumbnail","hentry","category-cemiyyet"],"_links":{"self":[{"href":"https:\/\/ucnoqta.az\/index.php?rest_route=\/wp\/v2\/posts\/163443","targetHints":{"allow":["GET"]}}],"collection":[{"href":"https:\/\/ucnoqta.az\/index.php?rest_route=\/wp\/v2\/posts"}],"about":[{"href":"https:\/\/ucnoqta.az\/index.php?rest_route=\/wp\/v2\/types\/post"}],"author":[{"embeddable":true,"href":"https:\/\/ucnoqta.az\/index.php?rest_route=\/wp\/v2\/users\/1"}],"replies":[{"embeddable":true,"href":"https:\/\/ucnoqta.az\/index.php?rest_route=%2Fwp%2Fv2%2Fcomments&post=163443"}],"version-history":[{"count":0,"href":"https:\/\/ucnoqta.az\/index.php?rest_route=\/wp\/v2\/posts\/163443\/revisions"}],"wp:featuredmedia":[{"embeddable":true,"href":"https:\/\/ucnoqta.az\/index.php?rest_route=\/wp\/v2\/media\/251278"}],"wp:attachment":[{"href":"https:\/\/ucnoqta.az\/index.php?rest_route=%2Fwp%2Fv2%2Fmedia&parent=163443"}],"wp:term":[{"taxonomy":"category","embeddable":true,"href":"https:\/\/ucnoqta.az\/index.php?rest_route=%2Fwp%2Fv2%2Fcategories&post=163443"},{"taxonomy":"post_tag","embeddable":true,"href":"https:\/\/ucnoqta.az\/index.php?rest_route=%2Fwp%2Fv2%2Ftags&post=163443"}],"curies":[{"name":"wp","href":"https:\/\/api.w.org\/{rel}","templated":true}]}}