{"id":163442,"date":"2022-11-24T15:57:59","date_gmt":"2022-11-24T11:57:59","guid":{"rendered":""},"modified":"-0001-11-30T00:00:00","modified_gmt":"-0001-11-29T20:00:00","slug":"","status":"publish","type":"post","link":"https:\/\/ucnoqta.az\/?p=163442","title":{"rendered":"&#8220;\u0130ndiy\u0259d\u0259k Sar\u0131baba y\u00fcks\u0259kliyind\u0259 1300-d\u0259n \u00e7ox mina a\u015fkarlan\u0131b&#8221; &#8211; <font color=red><b>General<\/b><\/font>"},"content":{"rendered":"<p><strong>&quot;\u0130ndiy\u0259 q\u0259d\u0259r Sar\u0131baba y&uuml;ks\u0259kliyind\u0259 qeyri-qanuni erm\u0259ni silahl\u0131 d\u0259st\u0259l\u0259ri t\u0259r\u0259find\u0259n basd\u0131r\u0131lan 1300-d\u0259n &ccedil;ox mina a\u015fkarlan\u0131b&quot;.<\/strong><\/p>\n<p>Ucnoqta.az &quot;Report&quot;a istinadla x\u0259b\u0259r verir ki, bunu Az\u0259rbaycan Ordusunun general-mayoru M&uuml;nasib Babayev h\u0259min \u0259razid\u0259 Az\u0259rbaycanda akkredit\u0259 olunan xarici &ouml;lk\u0259l\u0259rin h\u0259rbi atta\u015fel\u0259ri v\u0259 k&uuml;tl\u0259vi informasiya vasit\u0259l\u0259rinin n&uuml;may\u0259nd\u0259l\u0259rini m\u0259lumatland\u0131rark\u0259n deyib.<\/p>\n<p>&quot;Haz\u0131rda Sar\u0131baba y&uuml;ks\u0259kliyind\u0259yik. Burada d&uuml;\u015fm\u0259n t\u0259r\u0259find\u0259n basd\u0131r\u0131lm\u0131\u015f minalar var. H\u0259min minalar 2021-ci ild\u0259 Erm\u0259nistanda istehsal olunub v\u0259 bu &ouml;lk\u0259nin silahl\u0131 q&uuml;vv\u0259l\u0259rin\u0259 aiddir. Burada 350-d\u0259n art\u0131q mina var&quot;, &#8211; o bildirib.<\/p>\n<p>General-mayor s&ouml;yl\u0259yib ki, qanunsuz erm\u0259ni silahl\u0131lar\u0131 Sar\u0131babada h\u0259tta tank \u0259leyhin\u0259 minalar bel\u0259 basd\u0131r\u0131blar: &quot;&Ouml;t\u0259n g&uuml;n Az\u0259rbaycan M&uuml;dafi\u0259 Nazirliyinin d\u0259v\u0259tin\u0259 \u0259sas\u0259n Az\u0259rbaycan \u0259razisind\u0259 m&uuml;v\u0259qq\u0259ti yerl\u0259\u015fdiril\u0259n Rusiya s&uuml;lhm\u0259raml\u0131 q&uuml;vv\u0259l\u0259rinin komandan\u0131 general-mayor Andrey Volkov, T&uuml;rkiy\u0259-Rusiya Birg\u0259 Monitorinq M\u0259rk\u0259zinin T&uuml;rkiy\u0259 kontingentinin r\u0259hb\u0259ri general-mayor Fatih Akp\u0131nar v\u0259 Rusiya kontingentinin r\u0259hb\u0259ri kontr-admiral Oleq Semyonov \u0259razid\u0259 olublar. Onlar\u0131n raz\u0131l\u0131\u011f\u0131 il\u0259 m&uuml;h\u0259ndis qo\u015funlar\u0131n\u0131n qar\u015f\u0131l\u0131ql\u0131 t\u0259mizl\u0259m\u0259 i\u015finin apar\u0131lmas\u0131 m\u0259qs\u0259dil\u0259 sabah da s&uuml;lhm\u0259raml\u0131lar\u0131n n\u0259zar\u0259ti alt\u0131nda dig\u0259r basd\u0131r\u0131lan minalar\u0131n t\u0259mizl\u0259nm\u0259si i\u015fl\u0259ri davam etdiril\u0259c\u0259k&quot;.<\/p>\n<p>Qeyd ed\u0259k ki, Az\u0259rbaycan Ordusunun m&uuml;h\u0259ndis-istehkam b&ouml;lm\u0259l\u0259ri t\u0259r\u0259find\u0259n apar\u0131lan minat\u0259mizl\u0259m\u0259 f\u0259aliyy\u0259ti n\u0259tic\u0259sind\u0259 noyabr\u0131n 21-d\u0259 Sar\u0131baba y&uuml;ks\u0259kliyinin \u015fimal istiqam\u0259tind\u0259 qanunsuz erm\u0259ni silahl\u0131 d\u0259st\u0259l\u0259rinin basd\u0131rd\u0131\u011f\u0131 piyada \u0259leyhin\u0259 mina sah\u0259si a\u015fkar edilib.<\/p>\n<p>\u018frazid\u0259 apar\u0131lan minat\u0259mizl\u0259m\u0259 t\u0259dbirl\u0259ri n\u0259tic\u0259sind\u0259 2021-ci ild\u0259 Erm\u0259nistanda istehsal edilmi\u015f 350 \u0259d\u0259d PMN-\u042d tipli piyada \u0259leyhin\u0259 mina a\u015fkar edil\u0259r\u0259k t\u0259hl&uuml;k\u0259sizlik qaydalar\u0131na riay\u0259t olunmaqla z\u0259r\u0259rsizl\u0259\u015fdirilib.<\/p>\n<p>Az\u0259rbaycanda akkredit\u0259 olunmu\u015f xarici &ouml;lk\u0259l\u0259rin h\u0259rbi atta\u015fel\u0259ri v\u0259 k&uuml;tl\u0259vi informasiya vasit\u0259l\u0259rinin n&uuml;may\u0259nd\u0259l\u0259ri qeyri-qanuni erm\u0259ni silahl\u0131 d\u0259st\u0259l\u0259ri t\u0259r\u0259find\u0259n basd\u0131r\u0131lm\u0131\u015f Az\u0259rbaycan Ordusunun m&uuml;h\u0259ndis-istehkam b&ouml;lm\u0259l\u0259rinin a\u015fkar etdiyi Erm\u0259nistan istehsal\u0131 olan piyada \u0259leyhin\u0259 mina sah\u0259sin\u0259 bax\u0131\u015f ke&ccedil;iririrl\u0259r. M&uuml;dafi\u0259 Nazirliyinin t\u0259\u015fkil etdiyi s\u0259f\u0259r zaman\u0131 h\u0259rbi atta\u015fel\u0259r v\u0259 media n&uuml;may\u0259nd\u0259l\u0259rin\u0259 \u0259razid\u0259 apar\u0131lan minat\u0259mizl\u0259m\u0259 t\u0259dbirl\u0259ri v\u0259 a\u015fkarlanan mina sah\u0259si haqq\u0131nda \u0259trafl\u0131 m\u0259lumat verilib.<\/p>\n","protected":false},"excerpt":{"rendered":"<p>&quot;\u0130ndiy\u0259 q\u0259d\u0259r Sar\u0131baba y&uuml;ks\u0259kliyind\u0259 qeyri-qanuni erm\u0259ni silahl\u0131 d\u0259st\u0259l\u0259ri t\u0259r\u0259find\u0259n basd\u0131r\u0131lan 1300-d\u0259n &ccedil;ox mina a\u015fkarlan\u0131b&quot;. Ucnoqta.az &quot;Report&quot;a istinadla x\u0259b\u0259r verir ki, bunu Az\u0259rbaycan Ordusunun general-mayoru M&uuml;nasib Babayev h\u0259min \u0259razid\u0259 Az\u0259rbaycanda akkredit\u0259&hellip;<\/p>\n","protected":false},"author":1,"featured_media":251278,"comment_status":"open","ping_status":"open","sticky":false,"template":"","format":"standard","meta":{"_lmt_disableupdate":"","_lmt_disable":"","footnotes":""},"categories":[101],"tags":[],"class_list":["post-163442","post","type-post","status-publish","format-standard","has-post-thumbnail","hentry","category-cemiyyet"],"_links":{"self":[{"href":"https:\/\/ucnoqta.az\/index.php?rest_route=\/wp\/v2\/posts\/163442","targetHints":{"allow":["GET"]}}],"collection":[{"href":"https:\/\/ucnoqta.az\/index.php?rest_route=\/wp\/v2\/posts"}],"about":[{"href":"https:\/\/ucnoqta.az\/index.php?rest_route=\/wp\/v2\/types\/post"}],"author":[{"embeddable":true,"href":"https:\/\/ucnoqta.az\/index.php?rest_route=\/wp\/v2\/users\/1"}],"replies":[{"embeddable":true,"href":"https:\/\/ucnoqta.az\/index.php?rest_route=%2Fwp%2Fv2%2Fcomments&post=163442"}],"version-history":[{"count":0,"href":"https:\/\/ucnoqta.az\/index.php?rest_route=\/wp\/v2\/posts\/163442\/revisions"}],"wp:featuredmedia":[{"embeddable":true,"href":"https:\/\/ucnoqta.az\/index.php?rest_route=\/wp\/v2\/media\/251278"}],"wp:attachment":[{"href":"https:\/\/ucnoqta.az\/index.php?rest_route=%2Fwp%2Fv2%2Fmedia&parent=163442"}],"wp:term":[{"taxonomy":"category","embeddable":true,"href":"https:\/\/ucnoqta.az\/index.php?rest_route=%2Fwp%2Fv2%2Fcategories&post=163442"},{"taxonomy":"post_tag","embeddable":true,"href":"https:\/\/ucnoqta.az\/index.php?rest_route=%2Fwp%2Fv2%2Ftags&post=163442"}],"curies":[{"name":"wp","href":"https:\/\/api.w.org\/{rel}","templated":true}]}}