{"id":163438,"date":"2022-11-24T14:49:12","date_gmt":"2022-11-24T10:49:12","guid":{"rendered":""},"modified":"-0001-11-30T00:00:00","modified_gmt":"-0001-11-29T20:00:00","slug":"","status":"publish","type":"post","link":"https:\/\/ucnoqta.az\/?p=163438","title":{"rendered":"Yeni a\u015fkarlanan minalar Erm\u0259nistan\u0131n La\u00e7\u0131n yolundan qeyri-qanuni h\u0259rbi f\u0259aliyy\u0259t \u00fc\u00e7\u00fcn sui-istifad\u0259 etdiyini g\u00f6st\u0259rir"},"content":{"rendered":"<p><em>Az\u0259rbaycan Respublikas\u0131 M&uuml;dafi\u0259 Nazirliyi t\u0259r\u0259find\u0259n m\u0259lumat verildiyi kimi, Sar\u0131baba y&uuml;ks\u0259kliyinin \u015fimal istiqam\u0259tind\u0259 Az\u0259rbaycan \u0259razil\u0259rind\u0259n h\u0259l\u0259 d\u0259 &ccedil;\u0131xar\u0131lmam\u0131\u015f erm\u0259ni silahl\u0131 d\u0259st\u0259l\u0259ri t\u0259r\u0259find\u0259n basd\u0131r\u0131lm\u0131\u015f 2021-ci il Erm\u0259nistan istehsal\u0131 350 \u0259d\u0259d PMN-\u042d tipli piyada \u0259leyhin\u0259 minalar a\u015fkarlan\u0131b. Qeyd ed\u0259k ki, cari ilin avqust ay\u0131ndan etibar\u0259n s&ouml;z&uuml;ged\u0259n minalar daxil, Az\u0259rbaycan-Erm\u0259nistan aras\u0131nda s\u0259rh\u0259din K\u0259lb\u0259c\u0259r v\u0259 La&ccedil;\u0131n sah\u0259sind\u0259 1119, Qaraba\u011f iqtisadi rayonu \u0259razisind\u0259 is\u0259 1609 \u0259d\u0259d 2021-ci il Erm\u0259nistan istehsal\u0131 minalar (&uuml;mumilikd\u0259 2728) a\u015fkarlanaraq z\u0259r\u0259rsizl\u0259\u015fdirilmi\u015fdir.<\/em><\/p>\n<p>Bu bar\u0259d\u0259&nbsp;Ucnoqta.az-a X\u0130N-d\u0259n bildirilib.<br \/>\nAz\u0259rbaycan M&uuml;dafi\u0259 Nazirliyinin d\u0259v\u0259tin\u0259 \u0259sas\u0259n Az\u0259rbaycan \u0259razisind\u0259 m&uuml;v\u0259qq\u0259ti yerl\u0259\u015fdirilmi\u015f Rusiya s&uuml;lhm\u0259raml\u0131 q&uuml;vv\u0259l\u0259rinin komandan\u0131 general-mayor Andrey Volkov, T&uuml;rkiy\u0259-Rusiya Birg\u0259 Monitorinq M\u0259rk\u0259zinin T&uuml;rkiy\u0259 kontingentinin r\u0259hb\u0259ri general-mayor Fatih Akp\u0131nar v\u0259 Rusiya kontingentinin r\u0259hb\u0259ri kontr-admiral Oleq Semyonov noyabr\u0131n 23-d\u0259 minal\u0131 \u0259razil\u0259r\u0259 v\u0259 minalara bax\u0131\u015f ke&ccedil;iribl\u0259r. 24 noyabr tarixind\u0259 \u0259raziy\u0259 Az\u0259rbaycanda akkredit\u0259 olunmu\u015f xarici &ouml;lk\u0259l\u0259rin h\u0259rbi atta\u015fel\u0259ri v\u0259 jurnalistl\u0259r d\u0259 s\u0259f\u0259r edibl\u0259r.<\/p>\n<p>Qeyd olunan hallar Erm\u0259nistan\u0131n 10 noyabr 2020-ci il tarixli &Uuml;&ccedil;t\u0259r\u0259fli b\u0259yanat\u0131n 4-c&uuml; b\u0259ndin\u0259 zidd \u015f\u0259kild\u0259 q&uuml;vv\u0259l\u0259rini Az\u0259rbaycan \u0259razisind\u0259n tam &ccedil;\u0131xarmamaqla yana\u015f\u0131, &Uuml;&ccedil;t\u0259r\u0259fli b\u0259yanat\u0131n 6-c\u0131 b\u0259ndini kobudcas\u0131na pozaraq minalar\u0131n &ouml;t&uuml;r&uuml;lm\u0259si il\u0259 Erm\u0259nistan\u0131n La&ccedil;\u0131n yolundan qeyri-qanuni h\u0259rbi f\u0259aliyy\u0259tl\u0259ri &uuml;&ccedil;&uuml;n sui-istifad\u0259 etdiyini v\u0259 bununla Az\u0259rbaycana qar\u015f\u0131 t\u0259xribatlar t&ouml;r\u0259tdiyini bir daha n&uuml;mayi\u015f etdirir.<\/p>\n<p>Erm\u0259nistan t\u0259r\u0259find\u0259n Az\u0259rbaycan \u0259razil\u0259rind\u0259 h\u0259rbi t\u0259xribatlar\u0131n davam etm\u0259si, q&uuml;vv\u0259l\u0259rini tam \u015f\u0259kild\u0259 \u0259razil\u0259rimizd\u0259n &ccedil;\u0131xarmamas\u0131, \u0259razil\u0259rimizin m\u0259qs\u0259dy&ouml;nl&uuml; \u015f\u0259kild\u0259 minalanmas\u0131n\u0131n davam etm\u0259si post-m&uuml;naqi\u015f\u0259 d&ouml;vr&uuml;nd\u0259 apar\u0131lan geni\u015fmiqyasl\u0131 b\u0259rpa-quruculuq i\u015fl\u0259rin\u0259, bu \u0259razil\u0259rd\u0259 f\u0259aliyy\u0259t g&ouml;st\u0259r\u0259n m&uuml;lki \u0259haliy\u0259, habel\u0259 m\u0259cburi k&ouml;&ccedil;k&uuml;nl\u0259rin geri qay\u0131tmas\u0131na v\u0259 &ouml;z yerl\u0259rind\u0259 dinc ya\u015famas\u0131na mane olan \u0259sas t\u0259hdidl\u0259rd\u0259ndir.<\/p>\n<p>Xat\u0131rlad\u0131r\u0131q ki, 2020-ci il V\u0259t\u0259n m&uuml;harib\u0259sinin ba\u015fa &ccedil;atmas\u0131ndan etibar\u0259n bu g&uuml;n\u0259d\u0259k 268 v\u0259t\u0259nda\u015f\u0131m\u0131z mina partlay\u0131\u015f\u0131ndan z\u0259r\u0259r &ccedil;\u0259kib, onlardan 3 n\u0259f\u0259r jurnalist daxil 45 n\u0259f\u0259r h\u0259lak olub. H\u0259lak olan 45 n\u0259f\u0259rd\u0259n 35 n\u0259f\u0259r m&uuml;lki \u015f\u0259xsdir.<\/p>\n<p>Qeyd edil\u0259nl\u0259r bir daha g&ouml;st\u0259rir ki, Erm\u0259nistan normalla\u015fma prosesin\u0259 v\u0259 b&ouml;lg\u0259d\u0259 s&uuml;lh&uuml;n b\u0259rq\u0259rar olmas\u0131 s\u0259yl\u0259rin\u0259 mane&ccedil;ilik t&ouml;r\u0259dir. Erm\u0259nistan\u0131n bu f\u0259aliyy\u0259ti m&uuml;harib\u0259 cinay\u0259tidir, beyn\u0259lxalq humanitar h&uuml;ququn v\u0259 Erm\u0259nistan\u0131n &Uuml;&ccedil;t\u0259r\u0259fli b\u0259yanat &ccedil;\u0259r&ccedil;iv\u0259sind\u0259 &uuml;z\u0259rin\u0259 g&ouml;t&uuml;rd&uuml;y&uuml; &ouml;hd\u0259likl\u0259rinin ciddi pozuntusudur.<\/p>\n","protected":false},"excerpt":{"rendered":"<p>Az\u0259rbaycan Respublikas\u0131 M&uuml;dafi\u0259 Nazirliyi t\u0259r\u0259find\u0259n m\u0259lumat verildiyi kimi, Sar\u0131baba y&uuml;ks\u0259kliyinin \u015fimal istiqam\u0259tind\u0259 Az\u0259rbaycan \u0259razil\u0259rind\u0259n h\u0259l\u0259 d\u0259 &ccedil;\u0131xar\u0131lmam\u0131\u015f erm\u0259ni silahl\u0131 d\u0259st\u0259l\u0259ri t\u0259r\u0259find\u0259n basd\u0131r\u0131lm\u0131\u015f 2021-ci il Erm\u0259nistan istehsal\u0131 350 \u0259d\u0259d PMN-\u042d tipli&hellip;<\/p>\n","protected":false},"author":1,"featured_media":251278,"comment_status":"open","ping_status":"open","sticky":false,"template":"","format":"standard","meta":{"_lmt_disableupdate":"","_lmt_disable":"","footnotes":""},"categories":[101],"tags":[],"class_list":["post-163438","post","type-post","status-publish","format-standard","has-post-thumbnail","hentry","category-cemiyyet"],"_links":{"self":[{"href":"https:\/\/ucnoqta.az\/index.php?rest_route=\/wp\/v2\/posts\/163438","targetHints":{"allow":["GET"]}}],"collection":[{"href":"https:\/\/ucnoqta.az\/index.php?rest_route=\/wp\/v2\/posts"}],"about":[{"href":"https:\/\/ucnoqta.az\/index.php?rest_route=\/wp\/v2\/types\/post"}],"author":[{"embeddable":true,"href":"https:\/\/ucnoqta.az\/index.php?rest_route=\/wp\/v2\/users\/1"}],"replies":[{"embeddable":true,"href":"https:\/\/ucnoqta.az\/index.php?rest_route=%2Fwp%2Fv2%2Fcomments&post=163438"}],"version-history":[{"count":0,"href":"https:\/\/ucnoqta.az\/index.php?rest_route=\/wp\/v2\/posts\/163438\/revisions"}],"wp:featuredmedia":[{"embeddable":true,"href":"https:\/\/ucnoqta.az\/index.php?rest_route=\/wp\/v2\/media\/251278"}],"wp:attachment":[{"href":"https:\/\/ucnoqta.az\/index.php?rest_route=%2Fwp%2Fv2%2Fmedia&parent=163438"}],"wp:term":[{"taxonomy":"category","embeddable":true,"href":"https:\/\/ucnoqta.az\/index.php?rest_route=%2Fwp%2Fv2%2Fcategories&post=163438"},{"taxonomy":"post_tag","embeddable":true,"href":"https:\/\/ucnoqta.az\/index.php?rest_route=%2Fwp%2Fv2%2Ftags&post=163438"}],"curies":[{"name":"wp","href":"https:\/\/api.w.org\/{rel}","templated":true}]}}