{"id":163435,"date":"2022-11-24T14:34:41","date_gmt":"2022-11-24T10:34:41","guid":{"rendered":""},"modified":"-0001-11-30T00:00:00","modified_gmt":"-0001-11-29T20:00:00","slug":"","status":"publish","type":"post","link":"https:\/\/ucnoqta.az\/?p=163435","title":{"rendered":"\u201cPrezident \u0130lham \u018fliyevin Serbiyaya s\u0259f\u0259ri iki \u00f6lk\u0259 aras\u0131nda \u0259m\u0259kda\u015fl\u0131\u011f\u0131 g\u00fccl\u0259ndir\u0259c\u0259k\u201d &#8211; S\u0259ttar M\u00f6hbal\u0131yev"},"content":{"rendered":"<p><strong>&ldquo;Ulu &Ouml;nd\u0259r Heyd\u0259r \u018fliyevin m&uuml;\u0259yy\u0259n etdiyi Az\u0259rbaycan\u0131n demokrtaik inki\u015faf yolu bu g&uuml;n &ouml;lk\u0259mizd\u0259 &ouml;z&uuml;n&uuml;n \u0259n y&uuml;ks\u0259k m\u0259rh\u0259l\u0259sini ya\u015fay\u0131r. &Ouml;lk\u0259 h\u0259yat\u0131n\u0131n b&uuml;t&uuml;n sah\u0259l\u0259rini \u0259hat\u0259 ed\u0259n dayan\u0131ql\u0131 v\u0259 ard\u0131c\u0131l inki\u015faf x\u0259tdi Az\u0259rbaycan\u0131 regionda lider, d&uuml;nyada is\u0259 son d\u0259r\u0259c\u0259 \u0259h\u0259miyy\u0259tli d&ouml;vl\u0259t\u0259 &ccedil;evirib. D&ouml;vl\u0259timizin ba\u015f&ccedil;\u0131s\u0131 c\u0259nab \u0130lham \u018fliyevin xarizmas\u0131, n&uuml;mun\u0259vi davran\u0131\u015flar\u0131, &ouml;z&uuml;n\u0259m\u0259xsus idar\u0259&ccedil;ilik qabiliyy\u0259ti, siyas\u0259t elmini d\u0259rind\u0259n bilm\u0259si, h\u0259m&ccedil;inin Az\u0259rbaycan\u0131n xarici &ouml;lk\u0259l\u0259rl\u0259 m&uuml;nasib\u0259tl\u0259rinin qurulmas\u0131nda v\u0259 inki\u015faf\u0131nda s\u0259rgil\u0259diyi yana\u015fma, atd\u0131\u011f\u0131 h\u0259r bir imzas\u0131na verdiyi d\u0259y\u0259r &ouml;lk\u0259mizin beyn\u0259lxalq n&uuml;f&uuml;z&uuml;n&uuml; g&uuml;n&uuml;-g&uuml;nd\u0259n y&uuml;ks\u0259ldib, etibarl\u0131 t\u0259r\u0259fda\u015f imicini qazand\u0131r\u0131b. H\u0259m regional v\u0259 beyn\u0259lxalq t\u0259\u015fkilatlar, h\u0259m d\u0259 ayr\u0131-ayr\u0131 d&ouml;vl\u0259tl\u0259r Az\u0259rbaycan haqq\u0131nda dan\u0131\u015fark\u0259n ilk n&ouml;vb\u0259d\u0259 &ouml;lk\u0259mizi sadiq t\u0259r\u0259fda\u015f olaraq t\u0259qdir edir, \u0259m\u0259kda\u015fl\u0131qdan m\u0259mnunluq ifad\u0259 edirl\u0259r. Prezident \u0130lham \u018fliyevin h\u0259yata ke&ccedil;irdiyi u\u011furlu v\u0259 keyfiyy\u0259tli xarici siyas\u0259t d&ouml;vl\u0259timiz\u0259, xalq\u0131m\u0131za beyn\u0259lxalq s\u0259viyy\u0259d\u0259 m&uuml;sb\u0259t imic qazand\u0131r\u0131b. Bu, bilavasit\u0259 c\u0259nab \u0130lham \u018fliyevin daim m&uuml;drik xalq\u0131n\u0131n m\u0259nafeyind\u0259n, d&ouml;vl\u0259t maraqlar\u0131ndan &ccedil;\u0131x\u0131\u015f etm\u0259si il\u0259 s\u0131x ba\u011fl\u0131d\u0131r&rdquo;.<\/strong><\/p>\n<p>Ucnoqta.az x\u0259b\u0259r verir ki, bu fikirl\u0259ri k&uuml;tl\u0259vi informasiya vasit\u0259l\u0259rin\u0259 a&ccedil;\u0131qlamas\u0131nda Az\u0259rbaycan H\u0259mkarlar \u0130ttifaqlar\u0131 Konfederasiyas\u0131n\u0131n (AH\u0130K) s\u0259dri, Milli M\u0259clisin deputat\u0131 S\u0259ttar M&ouml;hbal\u0131yev deyib.<\/p>\n<p>Onun s&ouml;zl\u0259rin\u0259 g&ouml;r\u0259, haz\u0131rda Avropa &ouml;lk\u0259l\u0259ri il\u0259 Az\u0259rbaycan\u0131n \u0259laq\u0259l\u0259ri b&uuml;t&uuml;n sah\u0259l\u0259ri \u0259hat\u0259 etm\u0259kl\u0259 geni\u015fl\u0259nir: &ldquo;Burada enerji siyas\u0259tinin &uuml;st&uuml;nl&uuml;y&uuml;n&uuml; x&uuml;susil\u0259 qeyd etm\u0259k ist\u0259rdim. Ulu &Ouml;nd\u0259r Heyd\u0259r \u018fliyev t\u0259r\u0259find\u0259n haz\u0131rlanan Az\u0259rbaycan\u0131n enerji strategiyas\u0131 onun layiqli davam&ccedil;\u0131s\u0131 c\u0259nab \u0130lham \u018fliyevin bu sah\u0259d\u0259 g&ouml;rd&uuml;y&uuml; i\u015fl\u0259r, realla\u015fd\u0131rd\u0131\u011f\u0131 layih\u0259l\u0259r say\u0259sind\u0259 Avropan\u0131n &uuml;zl\u0259\u015fdiyi b&ouml;hran fonunda xilaskar rolunu oynay\u0131r. Bu da etibarl\u0131 t\u0259r\u0259fda\u015f olan &ouml;lk\u0259mizin dostlar\u0131n\u0131n say\u0131n\u0131 art\u0131rmaqdad\u0131r. M\u0259n Prezident \u0130lham \u018fliyevin noyabr\u0131n 23-d\u0259 Serbiya Respublikas\u0131na r\u0259smi s\u0259f\u0259rini qeyd etm\u0259k ist\u0259rdim. D&ouml;vl\u0259timizin ba\u015f&ccedil;\u0131s\u0131n\u0131n burada y&uuml;ks\u0259k s\u0259viyy\u0259d\u0259 qar\u015f\u0131lanmas\u0131, ona g&ouml;st\u0259ril\u0259n ali m&uuml;nasib\u0259t c\u0259nab \u0130lham \u018fliyevin \u015f\u0259xsi n&uuml;fuzunun v\u0259 onun d&uuml;nya siyas\u0259tin\u0259 verdiyi m&uuml;h&uuml;m t&ouml;hf\u0259l\u0259rin g&ouml;st\u0259ricisidir. Bu &ouml;lk\u0259 il\u0259 Az\u0259rbaycan\u0131n m&uuml;nasib\u0259tl\u0259rinin s\u0259viyy\u0259si h\u0259r zaman y&uuml;ks\u0259k olub, siyasi dialoq, qar\u015f\u0131l\u0131ql\u0131 s\u0259f\u0259rl\u0259r bu m&uuml;nasib\u0259tl\u0259rin daha da d\u0259rinl\u0259\u015fm\u0259sin\u0259 xidm\u0259t edib. H\u0259m&ccedil;in m&uuml;nasib\u0259tl\u0259rimizd\u0259 h&uuml;quqi baza rolunu oynayan m&uuml;xt\u0259lif s\u0259n\u0259dl\u0259r m&ouml;vcuddur. H\u0259r iki d&ouml;vl\u0259t biri-birinin suverenliyin\u0259 v\u0259 \u0259razi b&uuml;t&ouml;vl&uuml;y&uuml;n\u0259 d\u0259st\u0259k verirl\u0259r&rdquo;.<\/p>\n<p>S.M&ouml;hbal\u0131yev \u0259min oldu\u011funu bildirib ki, d&ouml;vl\u0259timizin ba\u015f&ccedil;\u0131s\u0131n\u0131n Serbiyaya s\u0259f\u0259ri, imzalanan s\u0259n\u0259dl\u0259r, apar\u0131lan dan\u0131\u015f\u0131qlar \u0259laq\u0259l\u0259rimizin m&ouml;hk\u0259ml\u0259nm\u0259sin\u0259 v\u0259 geni\u015fl\u0259nm\u0259sin\u0259, qar\u015f\u0131l\u0131ql\u0131 maraq k\u0259sb ed\u0259n sah\u0259l\u0259rd\u0259 \u0259m\u0259kda\u015fl\u0131\u011f\u0131n g&uuml;cl\u0259nm\u0259sin\u0259 \u0259h\u0259miyy\u0259tli t&ouml;hf\u0259l\u0259r ver\u0259c\u0259k.<\/p>\n","protected":false},"excerpt":{"rendered":"<p>&ldquo;Ulu &Ouml;nd\u0259r Heyd\u0259r \u018fliyevin m&uuml;\u0259yy\u0259n etdiyi Az\u0259rbaycan\u0131n demokrtaik inki\u015faf yolu bu g&uuml;n &ouml;lk\u0259mizd\u0259 &ouml;z&uuml;n&uuml;n \u0259n y&uuml;ks\u0259k m\u0259rh\u0259l\u0259sini ya\u015fay\u0131r. &Ouml;lk\u0259 h\u0259yat\u0131n\u0131n b&uuml;t&uuml;n sah\u0259l\u0259rini \u0259hat\u0259 ed\u0259n dayan\u0131ql\u0131 v\u0259 ard\u0131c\u0131l inki\u015faf x\u0259tdi Az\u0259rbaycan\u0131&hellip;<\/p>\n","protected":false},"author":1,"featured_media":251278,"comment_status":"open","ping_status":"open","sticky":false,"template":"","format":"standard","meta":{"_lmt_disableupdate":"","_lmt_disable":"","footnotes":""},"categories":[101],"tags":[],"class_list":["post-163435","post","type-post","status-publish","format-standard","has-post-thumbnail","hentry","category-cemiyyet"],"_links":{"self":[{"href":"https:\/\/ucnoqta.az\/index.php?rest_route=\/wp\/v2\/posts\/163435","targetHints":{"allow":["GET"]}}],"collection":[{"href":"https:\/\/ucnoqta.az\/index.php?rest_route=\/wp\/v2\/posts"}],"about":[{"href":"https:\/\/ucnoqta.az\/index.php?rest_route=\/wp\/v2\/types\/post"}],"author":[{"embeddable":true,"href":"https:\/\/ucnoqta.az\/index.php?rest_route=\/wp\/v2\/users\/1"}],"replies":[{"embeddable":true,"href":"https:\/\/ucnoqta.az\/index.php?rest_route=%2Fwp%2Fv2%2Fcomments&post=163435"}],"version-history":[{"count":0,"href":"https:\/\/ucnoqta.az\/index.php?rest_route=\/wp\/v2\/posts\/163435\/revisions"}],"wp:featuredmedia":[{"embeddable":true,"href":"https:\/\/ucnoqta.az\/index.php?rest_route=\/wp\/v2\/media\/251278"}],"wp:attachment":[{"href":"https:\/\/ucnoqta.az\/index.php?rest_route=%2Fwp%2Fv2%2Fmedia&parent=163435"}],"wp:term":[{"taxonomy":"category","embeddable":true,"href":"https:\/\/ucnoqta.az\/index.php?rest_route=%2Fwp%2Fv2%2Fcategories&post=163435"},{"taxonomy":"post_tag","embeddable":true,"href":"https:\/\/ucnoqta.az\/index.php?rest_route=%2Fwp%2Fv2%2Ftags&post=163435"}],"curies":[{"name":"wp","href":"https:\/\/api.w.org\/{rel}","templated":true}]}}