{"id":163428,"date":"2022-11-24T13:40:58","date_gmt":"2022-11-24T09:40:58","guid":{"rendered":""},"modified":"-0001-11-30T00:00:00","modified_gmt":"-0001-11-29T20:00:00","slug":"","status":"publish","type":"post","link":"https:\/\/ucnoqta.az\/?p=163428","title":{"rendered":"Az\u0259rbaycanda universitet m\u00fc\u0259llimi o\u011flunun q\u0259bri \u00fcst\u00fcnd\u0259 <font color=red><b>V\u018fFAT ETD\u0130 &#8211; FOTO<\/b><\/font>"},"content":{"rendered":"<p><strong>Az\u0259rbaycan D&ouml;vl\u0259t Pedaqoji Universitetinin T\u0259dris departamentinin direktor m&uuml;avini, dosent \u018fnv\u0259r \u0130manov 70 ya\u015f\u0131nda v\u0259fat edib. <\/strong><\/p>\n<p>Ucnoqta.az x\u0259b\u0259r verir ki, \u018fnv\u0259r \u0130manov m&uuml;asir Az\u0259rbaycan pedaqogikas\u0131n\u0131n inki\u015faf\u0131nda v\u0259 t\u0259hsil t\u0259\u015fkilat&ccedil;\u0131l\u0131\u011f\u0131nda b&ouml;y&uuml;k xidm\u0259tl\u0259ri olan g&ouml;rk\u0259mli pedaqoq alim idi.<\/p>\n<p>Az\u0259rbaycan D&ouml;vl\u0259t Pedaqoji Universitetind\u0259n &quot;report&quot;a veril\u0259n m\u0259lumata g&ouml;r\u0259, dosent \u018fnv\u0259r \u0130manov o\u011flunun q\u0259bri &uuml;st\u0259 v\u0259fat edib.<\/p>\n<p>\u018f.\u0130manov noyabr\u0131n 24-d\u0259 o\u011flunun m\u0259zar\u0131n\u0131 ziyar\u0259t\u0259 gedib. Q\u0259biristanl\u0131qda alimin q\u0259fild\u0259n hal\u0131 pisl\u0259\u015fib v\u0259 &uuml;r\u0259ktutmas\u0131ndan d&uuml;nyas\u0131n\u0131 d\u0259yi\u015fib. Qeyd olunub ki, \u0259vv\u0259ll\u0259r onun s\u0259hh\u0259tind\u0259 he&ccedil; bir problem olmay\u0131b. O, &ouml;t\u0259n g&uuml;n universitetd\u0259 t\u0259l\u0259b\u0259l\u0259r\u0259 d\u0259rs deyib.<\/p>\n<p>Xat\u0131rladaq ki, \u018f.\u0130manovun &ouml;vlad\u0131 &ouml;t\u0259n il d&uuml;nyas\u0131n\u0131 d\u0259yi\u015fib.<\/p>\n","protected":false},"excerpt":{"rendered":"<p>Az\u0259rbaycan D&ouml;vl\u0259t Pedaqoji Universitetinin T\u0259dris departamentinin direktor m&uuml;avini, dosent \u018fnv\u0259r \u0130manov 70 ya\u015f\u0131nda v\u0259fat edib. Ucnoqta.az x\u0259b\u0259r verir ki, \u018fnv\u0259r \u0130manov m&uuml;asir Az\u0259rbaycan pedaqogikas\u0131n\u0131n inki\u015faf\u0131nda v\u0259 t\u0259hsil t\u0259\u015fkilat&ccedil;\u0131l\u0131\u011f\u0131nda b&ouml;y&uuml;k xidm\u0259tl\u0259ri&hellip;<\/p>\n","protected":false},"author":1,"featured_media":251278,"comment_status":"open","ping_status":"open","sticky":false,"template":"","format":"standard","meta":{"_lmt_disableupdate":"","_lmt_disable":"","footnotes":""},"categories":[],"tags":[],"class_list":["post-163428","post","type-post","status-publish","format-standard","has-post-thumbnail","hentry"],"_links":{"self":[{"href":"https:\/\/ucnoqta.az\/index.php?rest_route=\/wp\/v2\/posts\/163428","targetHints":{"allow":["GET"]}}],"collection":[{"href":"https:\/\/ucnoqta.az\/index.php?rest_route=\/wp\/v2\/posts"}],"about":[{"href":"https:\/\/ucnoqta.az\/index.php?rest_route=\/wp\/v2\/types\/post"}],"author":[{"embeddable":true,"href":"https:\/\/ucnoqta.az\/index.php?rest_route=\/wp\/v2\/users\/1"}],"replies":[{"embeddable":true,"href":"https:\/\/ucnoqta.az\/index.php?rest_route=%2Fwp%2Fv2%2Fcomments&post=163428"}],"version-history":[{"count":0,"href":"https:\/\/ucnoqta.az\/index.php?rest_route=\/wp\/v2\/posts\/163428\/revisions"}],"wp:featuredmedia":[{"embeddable":true,"href":"https:\/\/ucnoqta.az\/index.php?rest_route=\/wp\/v2\/media\/251278"}],"wp:attachment":[{"href":"https:\/\/ucnoqta.az\/index.php?rest_route=%2Fwp%2Fv2%2Fmedia&parent=163428"}],"wp:term":[{"taxonomy":"category","embeddable":true,"href":"https:\/\/ucnoqta.az\/index.php?rest_route=%2Fwp%2Fv2%2Fcategories&post=163428"},{"taxonomy":"post_tag","embeddable":true,"href":"https:\/\/ucnoqta.az\/index.php?rest_route=%2Fwp%2Fv2%2Ftags&post=163428"}],"curies":[{"name":"wp","href":"https:\/\/api.w.org\/{rel}","templated":true}]}}