{"id":163426,"date":"2022-11-24T15:04:16","date_gmt":"2022-11-24T11:04:16","guid":{"rendered":""},"modified":"-0001-11-30T00:00:00","modified_gmt":"-0001-11-29T20:00:00","slug":"","status":"publish","type":"post","link":"https:\/\/ucnoqta.az\/?p=163426","title":{"rendered":"\u0130lham \u018fliyev Moldovan\u0131n yeni s\u0259firinin etimadnam\u0259sini q\u0259bul edib <font color=red><b>&#8211; FOTO (YEN\u0130L\u018fN\u0130B)<\/b><\/font>"},"content":{"rendered":"<p><strong>Noyabr\u0131n 24-d\u0259 Az\u0259rbaycan Respublikas\u0131n\u0131n Prezidenti \u0130lham \u018fliyev Moldova Respublikas\u0131n\u0131n &ouml;lk\u0259mizd\u0259 yeni t\u0259yin olunan f&ouml;vq\u0259lad\u0259 v\u0259 s\u0259lahiyy\u0259tli s\u0259firi Aleksandr Esaulenkonun etimadnam\u0259sini q\u0259bul edib.<\/strong><\/p>\n<p>Ucnoqta.az x\u0259b\u0259r verir ki, etimadnam\u0259sini d&ouml;vl\u0259timizin ba\u015f&ccedil;\u0131s\u0131na t\u0259qdim ed\u0259n s\u0259fir Aleksandr Esaulenko Az\u0259rbaycan dilind\u0259 dedi:<\/p>\n<p>&#8211; H&ouml;rm\u0259tli c\u0259nab Prezident, icaz\u0259 verin Sizi, burada olanlar\u0131n ham\u0131s\u0131n\u0131 v\u0259 b&uuml;t&uuml;n Az\u0259rbaycan xalq\u0131n\u0131 V\u0259t\u0259n m&uuml;harib\u0259sind\u0259 Z\u0259f\u0259rin ikinci ild&ouml;n&uuml;m&uuml; m&uuml;nasib\u0259til\u0259 \u015f\u0259xs\u0259n Az\u0259rbaycan dilind\u0259 t\u0259brik edim.<\/p>\n<p><strong>Prezident \u0130lham \u018fliyev:<\/strong> T\u0259\u015f\u0259kk&uuml;r edir\u0259m.<\/p>\n<p>Sonra Prezident \u0130lham \u018fliyev s\u0259firl\u0259 s&ouml;hb\u0259t etdi.<\/p>\n<p>&nbsp;<\/p>\n<p>D&ouml;vl\u0259timizin ba\u015f&ccedil;\u0131s\u0131 ikit\u0259r\u0259fli \u0259laq\u0259l\u0259rimizin &ccedil;ox yax\u015f\u0131 s\u0259viyy\u0259d\u0259 oldu\u011funu vur\u011fulad\u0131 v\u0259 konkret sah\u0259l\u0259r &uuml;zr\u0259 \u0259m\u0259kda\u015fl\u0131\u011f\u0131m\u0131z\u0131n bundan sonra da geni\u015fl\u0259n\u0259c\u0259yin\u0259 &uuml;midvar oldu\u011funu bildirdi.<\/p>\n<p>Siyasi sah\u0259d\u0259 yax\u015f\u0131 qar\u015f\u0131l\u0131ql\u0131 f\u0259aliyy\u0259tin oldu\u011funu qeyd ed\u0259n d&ouml;vl\u0259timizin ba\u015f&ccedil;\u0131s\u0131 y&uuml;ks\u0259k s\u0259viyy\u0259d\u0259 t\u0259maslar\u0131n \u0259h\u0259miyy\u0259tini v\u0259 ticar\u0259t m&uuml;badil\u0259sinin art\u0131r\u0131lmas\u0131n\u0131n vacibliyini vur\u011fulad\u0131, n\u0259qliyyat, energetika, investisiya qoyulu\u015fu sah\u0259l\u0259rind\u0259 \u0259laq\u0259l\u0259rin d\u0259rinl\u0259\u015fdirilm\u0259si &uuml;&ccedil;&uuml;n imkanlar\u0131n oldu\u011funu dedi.<\/p>\n<p>Beyn\u0259lxalq s\u0259viyy\u0259d\u0259 &ouml;lk\u0259l\u0259rimizin qar\u015f\u0131l\u0131ql\u0131 d\u0259st\u0259yin\u0259 toxunan Prezident \u0130lham \u018fliyev Az\u0259rbaycan\u0131n v\u0259 Moldovan\u0131n ikit\u0259r\u0259fli formatda da h\u0259mr\u0259ylik n&uuml;mayi\u015f etdirikl\u0259rini vur\u011fulad\u0131.<\/p>\n<p>D&ouml;vl\u0259timizin ba\u015f&ccedil;\u0131s\u0131 s\u0259fir Aleksandr Esaulenkonun f\u0259aliyy\u0259ti d&ouml;vr&uuml;nd\u0259 \u0259laq\u0259l\u0259rimizin m&ouml;hk\u0259ml\u0259nm\u0259sin\u0259 &ouml;z t&ouml;hf\u0259sini ver\u0259c\u0259yin\u0259 &uuml;midvar oldu\u011funu bildirdi.<\/p>\n<p>S\u0259fir Aleksandr Esaulenko Moldova Prezidenti Maya Sandunun d&ouml;vl\u0259timizin ba\u015f&ccedil;\u0131s\u0131na salamlar\u0131n\u0131 v\u0259 Az\u0259rbaycan xalq\u0131na \u0259n xo\u015f arzular\u0131n\u0131 &ccedil;atd\u0131rd\u0131. Qeyd etdi ki, Moldova Respublikas\u0131n\u0131n r\u0259hb\u0259rliyi Moldova-Az\u0259rbaycan d&ouml;vl\u0259tl\u0259raras\u0131 m&uuml;nasib\u0259tl\u0259rinin d\u0259rinl\u0259\u015fdirilm\u0259si v\u0259 geni\u015fl\u0259ndirilm\u0259sin\u0259 &ccedil;ox b&ouml;y&uuml;k diqq\u0259tl\u0259 yana\u015f\u0131r.<\/p>\n<p>Prezident \u0130lham \u018fliyev salamlara g&ouml;r\u0259 minn\u0259tdarl\u0131\u011f\u0131n\u0131 bildirdi, onun da salamlar\u0131n\u0131 Moldovan\u0131n d&ouml;vl\u0259t ba\u015f&ccedil;\u0131s\u0131na &ccedil;atd\u0131rma\u011f\u0131 xahi\u015f etdi.<\/p>\n<p>S\u0259fir \u0259laq\u0259l\u0259rimizin geni\u015fl\u0259ndirilm\u0259si &uuml;&ccedil;&uuml;n yax\u015f\u0131 potensial\u0131n oldu\u011funu dedi, ikit\u0259r\u0259fli \u0259laq\u0259l\u0259rin inki\u015faf\u0131nda qar\u015f\u0131l\u0131ql\u0131 t\u0259maslar\u0131n rolunu vur\u011fulad\u0131. Bu x&uuml;susda, Moldovan\u0131n Ba\u015f naziri, parlament s\u0259dri v\u0259 dig\u0259r r\u0259smi \u015f\u0259xsl\u0259rinin &ouml;lk\u0259miz\u0259 s\u0259f\u0259rl\u0259rinin \u0259h\u0259miyy\u0259tin\u0259 toxundu. Aleksandr Esaulenko vur\u011fulad\u0131 ki, Moldova siyasi, iqtisadi v\u0259 dig\u0259r sah\u0259l\u0259rd\u0259 Az\u0259rbaycanla \u0259laq\u0259l\u0259rin bundan sonra da geni\u015fl\u0259ndirilm\u0259sind\u0259 maraql\u0131d\u0131r.<\/p>\n<p>\n<strong>13:22<\/strong><\/p>\n<p><strong>Noyabr\u0131n 24-d\u0259 Az\u0259rbaycan Respublikas\u0131n\u0131n Prezidenti \u0130lham \u018fliyev Moldova Respublikas\u0131n\u0131n &ouml;lk\u0259mizd\u0259 yeni t\u0259yin olunan f&ouml;vq\u0259lad\u0259 v\u0259 s\u0259lahiyy\u0259tli s\u0259firi Aleksandr Esaulenkonun etimadnam\u0259sini q\u0259bul edib.<\/strong><\/p>\n<p>Ucnoqta.az x\u0259b\u0259r verir ki, bu bar\u0259d\u0259 m\u0259lumat\u0131 Az\u0259rbaycan Prezidentinin M\u0259tbuat Xidm\u0259ti yay\u0131b.<\/p>\n","protected":false},"excerpt":{"rendered":"<p>Noyabr\u0131n 24-d\u0259 Az\u0259rbaycan Respublikas\u0131n\u0131n Prezidenti \u0130lham \u018fliyev Moldova Respublikas\u0131n\u0131n &ouml;lk\u0259mizd\u0259 yeni t\u0259yin olunan f&ouml;vq\u0259lad\u0259 v\u0259 s\u0259lahiyy\u0259tli s\u0259firi Aleksandr Esaulenkonun etimadnam\u0259sini q\u0259bul edib. Ucnoqta.az x\u0259b\u0259r verir ki, etimadnam\u0259sini d&ouml;vl\u0259timizin ba\u015f&ccedil;\u0131s\u0131na t\u0259qdim&hellip;<\/p>\n","protected":false},"author":1,"featured_media":251278,"comment_status":"open","ping_status":"open","sticky":false,"template":"","format":"standard","meta":{"_lmt_disableupdate":"","_lmt_disable":"","footnotes":""},"categories":[86],"tags":[],"class_list":["post-163426","post","type-post","status-publish","format-standard","has-post-thumbnail","hentry","category-siyaset"],"_links":{"self":[{"href":"https:\/\/ucnoqta.az\/index.php?rest_route=\/wp\/v2\/posts\/163426","targetHints":{"allow":["GET"]}}],"collection":[{"href":"https:\/\/ucnoqta.az\/index.php?rest_route=\/wp\/v2\/posts"}],"about":[{"href":"https:\/\/ucnoqta.az\/index.php?rest_route=\/wp\/v2\/types\/post"}],"author":[{"embeddable":true,"href":"https:\/\/ucnoqta.az\/index.php?rest_route=\/wp\/v2\/users\/1"}],"replies":[{"embeddable":true,"href":"https:\/\/ucnoqta.az\/index.php?rest_route=%2Fwp%2Fv2%2Fcomments&post=163426"}],"version-history":[{"count":0,"href":"https:\/\/ucnoqta.az\/index.php?rest_route=\/wp\/v2\/posts\/163426\/revisions"}],"wp:featuredmedia":[{"embeddable":true,"href":"https:\/\/ucnoqta.az\/index.php?rest_route=\/wp\/v2\/media\/251278"}],"wp:attachment":[{"href":"https:\/\/ucnoqta.az\/index.php?rest_route=%2Fwp%2Fv2%2Fmedia&parent=163426"}],"wp:term":[{"taxonomy":"category","embeddable":true,"href":"https:\/\/ucnoqta.az\/index.php?rest_route=%2Fwp%2Fv2%2Fcategories&post=163426"},{"taxonomy":"post_tag","embeddable":true,"href":"https:\/\/ucnoqta.az\/index.php?rest_route=%2Fwp%2Fv2%2Ftags&post=163426"}],"curies":[{"name":"wp","href":"https:\/\/api.w.org\/{rel}","templated":true}]}}