{"id":163424,"date":"2022-11-24T12:57:13","date_gmt":"2022-11-24T08:57:13","guid":{"rendered":""},"modified":"-0001-11-30T00:00:00","modified_gmt":"-0001-11-29T20:00:00","slug":"","status":"publish","type":"post","link":"https:\/\/ucnoqta.az\/?p=163424","title":{"rendered":"Pa\u015finyan KTMT b\u0259yanat\u0131n\u0131 imzalamamas\u0131n\u0131n s\u0259b\u0259bini a\u00e7\u0131qlad\u0131"},"content":{"rendered":"<p><strong>&quot;KTMT sammitind\u0259 t\u0259\u0259ss&uuml;f ki, iki m&uuml;h&uuml;m s\u0259n\u0259dl\u0259 ba\u011fl\u0131 &uuml;mumi q\u0259rara g\u0259lm\u0259k m&uuml;mk&uuml;n olmad\u0131&quot;.<\/strong><\/p>\n<p>Ucnoqta.az x\u0259b\u0259r verir ki, bunu Erm\u0259nistan\u0131n Ba\u015f naziri Nikol Pa\u015finyan KTMT b\u0259yanat\u0131n\u0131n imzalamamas\u0131n\u0131n s\u0259b\u0259bini izah ed\u0259rk\u0259n deyib. Lakin o, \u0130r\u0259vanda KTMT &ccedil;\u0259r&ccedil;iv\u0259sind\u0259 apar\u0131lan dan\u0131\u015f\u0131qlar\u0131 m&uuml;sb\u0259t hesab etdiyini deyib:<\/p>\n<p>&nbsp;&quot;Amma dem\u0259k ist\u0259yir\u0259m ki, &ccedil;ox a&ccedil;\u0131q v\u0259 s\u0259mimi m&uuml;zakir\u0259 oldu v\u0259 bu s\u0259n\u0259dl\u0259r t\u0259fti\u015f &uuml;&ccedil;&uuml;n g&ouml;nd\u0259rildi. &Uuml;mid edir\u0259m ki, biz ortaq m\u0259xr\u0259c\u0259 g\u0259l\u0259 bil\u0259rik&rdquo;, &#8211; dey\u0259 o bildirib.<\/p>\n<p>O qeyd edib ki, sentyabr\u0131n 13-d\u0259 Az\u0259rbaycan\u0131n &quot;t\u0259cav&uuml;z&uuml;&quot; il\u0259 ba\u011fl\u0131 KTMT-nin reaksiyas\u0131 il\u0259 ba\u011fl\u0131 b\u0259yanat q\u0259bul olunmad\u0131\u011f\u0131ndan&nbsp;Erm\u0259nistan bunu imzalamasa da&nbsp;&uuml;mumilikd\u0259 m&uuml;zakir\u0259 m&uuml;sb\u0259t olub.<\/p>\n<p>&ldquo;Rusiya il\u0259 ikit\u0259r\u0259fli dan\u0131\u015f\u0131qlar\u0131 da m&uuml;sb\u0259t hesab edir\u0259m v\u0259 &uuml;mid edir\u0259m ki, \u0259ld\u0259 olunmu\u015f raz\u0131la\u015fmalar \u0259n q\u0131sa zamanda h\u0259yata ke&ccedil;iril\u0259c\u0259k&rdquo;, &#8211; o deyib.<\/p>\n<p>Qeyd ed\u0259k ki, sentyabr\u0131n 13-d\u0259 Erm\u0259nistan Ordusunun Az\u0259rbaycan-Erm\u0259nistan s\u0259rh\u0259dind\u0259 t&ouml;r\u0259tdiyi t\u0259xribata cavab olaraq adekvat cavab verilib.<\/p>\n","protected":false},"excerpt":{"rendered":"<p>&quot;KTMT sammitind\u0259 t\u0259\u0259ss&uuml;f ki, iki m&uuml;h&uuml;m s\u0259n\u0259dl\u0259 ba\u011fl\u0131 &uuml;mumi q\u0259rara g\u0259lm\u0259k m&uuml;mk&uuml;n olmad\u0131&quot;. Ucnoqta.az x\u0259b\u0259r verir ki, bunu Erm\u0259nistan\u0131n Ba\u015f naziri Nikol Pa\u015finyan KTMT b\u0259yanat\u0131n\u0131n imzalamamas\u0131n\u0131n s\u0259b\u0259bini izah ed\u0259rk\u0259n deyib.&hellip;<\/p>\n","protected":false},"author":1,"featured_media":251278,"comment_status":"open","ping_status":"open","sticky":false,"template":"","format":"standard","meta":{"_lmt_disableupdate":"","_lmt_disable":"","footnotes":""},"categories":[89],"tags":[],"class_list":["post-163424","post","type-post","status-publish","format-standard","has-post-thumbnail","hentry","category-dunya-butun-xeberler"],"_links":{"self":[{"href":"https:\/\/ucnoqta.az\/index.php?rest_route=\/wp\/v2\/posts\/163424","targetHints":{"allow":["GET"]}}],"collection":[{"href":"https:\/\/ucnoqta.az\/index.php?rest_route=\/wp\/v2\/posts"}],"about":[{"href":"https:\/\/ucnoqta.az\/index.php?rest_route=\/wp\/v2\/types\/post"}],"author":[{"embeddable":true,"href":"https:\/\/ucnoqta.az\/index.php?rest_route=\/wp\/v2\/users\/1"}],"replies":[{"embeddable":true,"href":"https:\/\/ucnoqta.az\/index.php?rest_route=%2Fwp%2Fv2%2Fcomments&post=163424"}],"version-history":[{"count":0,"href":"https:\/\/ucnoqta.az\/index.php?rest_route=\/wp\/v2\/posts\/163424\/revisions"}],"wp:featuredmedia":[{"embeddable":true,"href":"https:\/\/ucnoqta.az\/index.php?rest_route=\/wp\/v2\/media\/251278"}],"wp:attachment":[{"href":"https:\/\/ucnoqta.az\/index.php?rest_route=%2Fwp%2Fv2%2Fmedia&parent=163424"}],"wp:term":[{"taxonomy":"category","embeddable":true,"href":"https:\/\/ucnoqta.az\/index.php?rest_route=%2Fwp%2Fv2%2Fcategories&post=163424"},{"taxonomy":"post_tag","embeddable":true,"href":"https:\/\/ucnoqta.az\/index.php?rest_route=%2Fwp%2Fv2%2Ftags&post=163424"}],"curies":[{"name":"wp","href":"https:\/\/api.w.org\/{rel}","templated":true}]}}