{"id":163417,"date":"2022-11-24T12:07:37","date_gmt":"2022-11-24T08:07:37","guid":{"rendered":""},"modified":"-0001-11-30T00:00:00","modified_gmt":"-0001-11-29T20:00:00","slug":"","status":"publish","type":"post","link":"https:\/\/ucnoqta.az\/?p=163417","title":{"rendered":"\u018fli Xameneyinin bac\u0131s\u0131 q\u0131z\u0131 <font color=red><b>h\u0259bs edildi<\/b><\/font>"},"content":{"rendered":"<p><strong>\u0130ran \u0130slam Respublikas\u0131n\u0131n r\u0259hb\u0259ri \u018fli Xameneyinin bac\u0131s\u0131 q\u0131z\u0131, h&uuml;quq m&uuml;dafi\u0259&ccedil;isi F\u0259rid\u0259 Muradxani&nbsp;noyabr\u0131n 23-d\u0259 h\u0259bs edilib.<\/strong><\/p>\n<p>Ucnoqta.az Azada \u0130ran tq-ya istinad\u0259n x\u0259b\u0259r verir ki, siyasi f\u0259al\u0131n qarda\u015f\u0131 Mahmud Muradxani bu bar\u0259d\u0259 tvit yazaraq bildirib ki, bac\u0131s\u0131 noyabr\u0131n 23-d\u0259 m\u0259hk\u0259m\u0259 q\u0259rar\u0131n\u0131 ona &ccedil;atd\u0131rmaq &uuml;&ccedil;&uuml;n prokurorlu\u011fa ged\u0259rk\u0259n tutularaq h\u0259bs\u0259 at\u0131l\u0131b.<\/p>\n<p>Qeyd ed\u0259k ki, v\u0259t\u0259nda\u015f c\u0259miyy\u0259ti f\u0259al\u0131 olan xan\u0131m Muradxani bu il yanvar\u0131n 13-d\u0259 Tehranda evin\u0259 qay\u0131dark\u0259n ETTELAAT Nazirliyi t\u0259r\u0259find\u0259n h\u0259bs edilmi\u015fdi v\u0259 may ay\u0131nda 10 milyard t&uuml;m\u0259n girov qar\u015f\u0131l\u0131\u011f\u0131nda v\u0259 istintaq m&uuml;dd\u0259ti ba\u015fa &ccedil;atanad\u0259k Tehran vilay\u0259tini t\u0259rk etm\u0259k m\u0259hdudiyy\u0259ti il\u0259 m&uuml;v\u0259qq\u0259ti azadl\u0131\u011fa burax\u0131lm\u0131\u015fd\u0131.<\/p>\n<p>F\u0259rid\u0259 Muradxani h\u0259bsind\u0259n bir ne&ccedil;\u0259 ay \u0259vv\u0259l m\u0259hbuslara d\u0259st\u0259k kampaniyas\u0131na start vermi\u015fdi.&nbsp;<\/p>\n<p>2018-ci ilin iyununda da o, S\u0259n\u0259nd\u0259c \u015f\u0259h\u0259rin\u0259 getdikd\u0259n v\u0259 \u0130slam Respublikas\u0131na qar\u015f\u0131 f\u0259aliyy\u0259t\u0259 g&ouml;r\u0259 edam edil\u0259n siyasi m\u0259hbus Ramin H&uuml;seyn P\u0259nahinin ail\u0259si il\u0259 g&ouml;r&uuml;\u015fd&uuml;kd\u0259n sonra h\u0259bs edilmi\u015fdi.<\/p>\n","protected":false},"excerpt":{"rendered":"<p>\u0130ran \u0130slam Respublikas\u0131n\u0131n r\u0259hb\u0259ri \u018fli Xameneyinin bac\u0131s\u0131 q\u0131z\u0131, h&uuml;quq m&uuml;dafi\u0259&ccedil;isi F\u0259rid\u0259 Muradxani&nbsp;noyabr\u0131n 23-d\u0259 h\u0259bs edilib. Ucnoqta.az Azada \u0130ran tq-ya istinad\u0259n x\u0259b\u0259r verir ki, siyasi f\u0259al\u0131n qarda\u015f\u0131 Mahmud Muradxani bu bar\u0259d\u0259&hellip;<\/p>\n","protected":false},"author":1,"featured_media":251278,"comment_status":"open","ping_status":"open","sticky":false,"template":"","format":"standard","meta":{"_lmt_disableupdate":"","_lmt_disable":"","footnotes":""},"categories":[],"tags":[],"class_list":["post-163417","post","type-post","status-publish","format-standard","has-post-thumbnail","hentry"],"_links":{"self":[{"href":"https:\/\/ucnoqta.az\/index.php?rest_route=\/wp\/v2\/posts\/163417","targetHints":{"allow":["GET"]}}],"collection":[{"href":"https:\/\/ucnoqta.az\/index.php?rest_route=\/wp\/v2\/posts"}],"about":[{"href":"https:\/\/ucnoqta.az\/index.php?rest_route=\/wp\/v2\/types\/post"}],"author":[{"embeddable":true,"href":"https:\/\/ucnoqta.az\/index.php?rest_route=\/wp\/v2\/users\/1"}],"replies":[{"embeddable":true,"href":"https:\/\/ucnoqta.az\/index.php?rest_route=%2Fwp%2Fv2%2Fcomments&post=163417"}],"version-history":[{"count":0,"href":"https:\/\/ucnoqta.az\/index.php?rest_route=\/wp\/v2\/posts\/163417\/revisions"}],"wp:featuredmedia":[{"embeddable":true,"href":"https:\/\/ucnoqta.az\/index.php?rest_route=\/wp\/v2\/media\/251278"}],"wp:attachment":[{"href":"https:\/\/ucnoqta.az\/index.php?rest_route=%2Fwp%2Fv2%2Fmedia&parent=163417"}],"wp:term":[{"taxonomy":"category","embeddable":true,"href":"https:\/\/ucnoqta.az\/index.php?rest_route=%2Fwp%2Fv2%2Fcategories&post=163417"},{"taxonomy":"post_tag","embeddable":true,"href":"https:\/\/ucnoqta.az\/index.php?rest_route=%2Fwp%2Fv2%2Ftags&post=163417"}],"curies":[{"name":"wp","href":"https:\/\/api.w.org\/{rel}","templated":true}]}}