{"id":163413,"date":"2022-11-24T11:34:54","date_gmt":"2022-11-24T07:34:54","guid":{"rendered":""},"modified":"-0001-11-30T00:00:00","modified_gmt":"-0001-11-29T20:00:00","slug":"","status":"publish","type":"post","link":"https:\/\/ucnoqta.az\/?p=163413","title":{"rendered":"&#8220;M\u00fcasir d\u00f6vrd\u0259 \u00e7ap medias\u0131 \u00e7\u0259tinlikl\u0259rl\u0259 \u00fczl\u0259\u015fib&#8221; &#8211;<font color=red><b> Kamran H\u0259s\u0259nov<\/b><\/font>"},"content":{"rendered":"<p><strong>&quot;Az\u0259rbaycanda &ccedil;ap medias\u0131n\u0131n &uuml;zl\u0259\u015fdiyi \u0259sas problem yay\u0131m v\u0259 reklam m\u0259s\u0259l\u0259si il\u0259 ba\u011fl\u0131d\u0131r&quot;.<\/strong><\/p>\n<p>Ucnoqta.az x\u0259b\u0259r verir ki, bunu Prezident Administrasiyas\u0131n\u0131n Qeyri-h&ouml;kum\u0259t t\u0259\u015fkilatlar\u0131 il\u0259 i\u015f v\u0259 kommunikasiya \u015f&ouml;b\u0259sinin k&uuml;tl\u0259vi informasiya vasit\u0259l\u0259ri il\u0259 i\u015f sektorunun m&uuml;diri Kamran H\u0259s\u0259nov &ldquo;E-k&ouml;\u015fk&rdquo; q\u0259zet v\u0259 jurnallar\u0131n r\u0259q\u0259msal yay\u0131m platformas\u0131n\u0131n t\u0259qdimat m\u0259rasimind\u0259 bildirib.<\/p>\n<p>Onun s&ouml;zl\u0259rin\u0259 g&ouml;r\u0259, b&uuml;t&uuml;n d&uuml;nyada yeni texnologiyalar\u0131n t\u0259tbiq edildiyi bir d&ouml;vrd\u0259 media sah\u0259sind\u0259 d\u0259 konseputal bax\u0131\u015f t\u0259l\u0259b olunur:<\/p>\n<p>&quot;M&uuml;asir d&ouml;vrd\u0259 b&uuml;t&uuml;n d&uuml;nyada &ccedil;ap medias\u0131 &ccedil;\u0259tinlikl\u0259rl\u0259 &uuml;zl\u0259\u015fib. &Ouml;lk\u0259mizd\u0259 d\u0259 bu bel\u0259dir. Az\u0259rbaycanda \u0259sas problem yay\u0131m v\u0259 reklam m\u0259s\u0259l\u0259si il\u0259 ba\u011fl\u0131d\u0131r. Ancaq h\u0259r zaman d&ouml;vl\u0259timiz median\u0131n yan\u0131nda olub. Hesab edir\u0259m ki, bel\u0259 d\u0259st\u0259yin g&ouml;st\u0259rilm\u0259si &ccedil;ox vacibdir&rdquo;.&nbsp;<\/p>\n","protected":false},"excerpt":{"rendered":"<p>&quot;Az\u0259rbaycanda &ccedil;ap medias\u0131n\u0131n &uuml;zl\u0259\u015fdiyi \u0259sas problem yay\u0131m v\u0259 reklam m\u0259s\u0259l\u0259si il\u0259 ba\u011fl\u0131d\u0131r&quot;. Ucnoqta.az x\u0259b\u0259r verir ki, bunu Prezident Administrasiyas\u0131n\u0131n Qeyri-h&ouml;kum\u0259t t\u0259\u015fkilatlar\u0131 il\u0259 i\u015f v\u0259 kommunikasiya \u015f&ouml;b\u0259sinin k&uuml;tl\u0259vi informasiya vasit\u0259l\u0259ri il\u0259&hellip;<\/p>\n","protected":false},"author":1,"featured_media":251278,"comment_status":"open","ping_status":"open","sticky":false,"template":"","format":"standard","meta":{"_lmt_disableupdate":"","_lmt_disable":"","footnotes":""},"categories":[96],"tags":[],"class_list":["post-163413","post","type-post","status-publish","format-standard","has-post-thumbnail","hentry","category-media-butun-xeberler"],"_links":{"self":[{"href":"https:\/\/ucnoqta.az\/index.php?rest_route=\/wp\/v2\/posts\/163413","targetHints":{"allow":["GET"]}}],"collection":[{"href":"https:\/\/ucnoqta.az\/index.php?rest_route=\/wp\/v2\/posts"}],"about":[{"href":"https:\/\/ucnoqta.az\/index.php?rest_route=\/wp\/v2\/types\/post"}],"author":[{"embeddable":true,"href":"https:\/\/ucnoqta.az\/index.php?rest_route=\/wp\/v2\/users\/1"}],"replies":[{"embeddable":true,"href":"https:\/\/ucnoqta.az\/index.php?rest_route=%2Fwp%2Fv2%2Fcomments&post=163413"}],"version-history":[{"count":0,"href":"https:\/\/ucnoqta.az\/index.php?rest_route=\/wp\/v2\/posts\/163413\/revisions"}],"wp:featuredmedia":[{"embeddable":true,"href":"https:\/\/ucnoqta.az\/index.php?rest_route=\/wp\/v2\/media\/251278"}],"wp:attachment":[{"href":"https:\/\/ucnoqta.az\/index.php?rest_route=%2Fwp%2Fv2%2Fmedia&parent=163413"}],"wp:term":[{"taxonomy":"category","embeddable":true,"href":"https:\/\/ucnoqta.az\/index.php?rest_route=%2Fwp%2Fv2%2Fcategories&post=163413"},{"taxonomy":"post_tag","embeddable":true,"href":"https:\/\/ucnoqta.az\/index.php?rest_route=%2Fwp%2Fv2%2Ftags&post=163413"}],"curies":[{"name":"wp","href":"https:\/\/api.w.org\/{rel}","templated":true}]}}