{"id":163406,"date":"2022-11-24T10:52:25","date_gmt":"2022-11-24T06:52:25","guid":{"rendered":""},"modified":"-0001-11-30T00:00:00","modified_gmt":"-0001-11-29T20:00:00","slug":"","status":"publish","type":"post","link":"https:\/\/ucnoqta.az\/?p=163406","title":{"rendered":"S\u00fclhm\u0259raml\u0131lar\u0131n m\u00fcv\u0259qq\u0259ti yerl\u0259\u015fdiyi \u0259raziy\u0259 h\u0259rbi texnikalar da\u015f\u0131n\u0131r &#8211; <font color=red><b>DTX<\/b><\/font>"},"content":{"rendered":"<p><strong>Az\u0259rbaycan Respublikas\u0131 T\u0259hl&uuml;k\u0259sizlik \u015euras\u0131 Katibinin Xidm\u0259tinin t\u0259\u015fkilat&ccedil;\u0131l\u0131\u011f\u0131 il\u0259 &ldquo;V\u0259t\u0259n m&uuml;harib\u0259sinin t\u0259cr&uuml;b\u0259l\u0259ri&rdquo; m&ouml;vzusunda konfrans ke&ccedil;irilib.<\/strong><\/p>\n<p>T\u0259hl&uuml;k\u0259sizlik \u015euras\u0131 Katibinin Xidm\u0259tind\u0259n&nbsp;APA-ya veril\u0259n x\u0259b\u0259r\u0259 g&ouml;r\u0259, D&ouml;vl\u0259t T\u0259hl&uuml;k\u0259sizliyi Xidm\u0259tinin (DTX) Heyd\u0259r \u018fliyev ad\u0131na Akademiyas\u0131n\u0131n &ldquo;\u015e&ouml;hr\u0259t&rdquo; muzeyind\u0259 Az\u0259rbaycan Respublikas\u0131n\u0131n T\u0259hl&uuml;k\u0259sizlik \u015euras\u0131 Katibinin Xidm\u0259tinin t\u0259\u015fkilat&ccedil;\u0131l\u0131\u011f\u0131 il\u0259 &ldquo;V\u0259t\u0259n m&uuml;harib\u0259sinin t\u0259cr&uuml;b\u0259l\u0259ri&rdquo; m&ouml;vzusunda konfrans &ouml;z i\u015fin\u0259 ba\u015flam\u0131\u015fd\u0131r.<\/p>\n<p>T\u0259dbird\u0259 Az\u0259rbaycan Respublikas\u0131n\u0131n T\u0259hl&uuml;k\u0259sizlik \u015euras\u0131n\u0131n katibi, general-polkovnik Ramil Usubov, Az\u0259rbaycan Respublikas\u0131n\u0131n m&uuml;dafi\u0259 naziri, general-polkovnik Zakir H\u0259s\u0259nov, DTX-nin r\u0259isinin birinci m&uuml;avini, general-leytenant Ceyhun \u015eadlinski, Az\u0259rbaycan Respublikas\u0131n\u0131n X&uuml;susi Rabit\u0259 v\u0259 \u0130nformasiya T\u0259hl&uuml;k\u0259sizliyi D&ouml;vl\u0259t Xidm\u0259tinin r\u0259isi, general-leytenant \u0130lqar Musayev, Az\u0259rbaycan Respublikas\u0131n\u0131n Strateji Obyektl\u0259rin M&uuml;hafiz\u0259si D&ouml;vl\u0259t Agentliyinin r\u0259isi, general-mayor \u0130lqar Abbasov, h&uuml;quq-m&uuml;hafiz\u0259 v\u0259 dig\u0259r d&ouml;vl\u0259t orqanlar\u0131n\u0131n r\u0259hb\u0259r \u0259m\u0259kda\u015flar\u0131, T&uuml;rkiy\u0259 Respublikas\u0131n\u0131n Silahl\u0131 Q&uuml;vv\u0259l\u0259rinin Ba\u015f Q\u0259rargah\u0131n\u0131n v\u0259 Milli T\u0259hl&uuml;k\u0259sizlik \u015euras\u0131 Ba\u015f Katibliyinin n&uuml;may\u0259nd\u0259l\u0259ri i\u015ftirak etmi\u015fl\u0259r. Konfrans\u0131n m\u0259qs\u0259di V\u0259t\u0259n m&uuml;harib\u0259sinin n\u0259tic\u0259l\u0259rinin t\u0259hlilinin v\u0259 m&uuml;harib\u0259d\u0259 qazan\u0131lm\u0131\u015f h\u0259rbi t\u0259cr&uuml;b\u0259nin aidiyy\u0259ti qurumlar aras\u0131nda m&uuml;badil\u0259sinin t\u0259min olunmas\u0131d\u0131r.<\/p>\n<p>\u018fvv\u0259lc\u0259 t\u0259dbir i\u015ftirak&ccedil;\u0131lar\u0131 &Uuml;mummilli Lider Heyd\u0259r \u018fliyevin &ldquo;\u015e&ouml;hr\u0259t&rdquo; muzeyinin qar\u015f\u0131s\u0131nda ucald\u0131lan abid\u0259sini ziyar\u0259t etmi\u015f, &ouml;n&uuml;n\u0259 g&uuml;l d\u0259st\u0259l\u0259ri d&uuml;z&uuml;bl\u0259r.<\/p>\n<p>Ulu &Ouml;nd\u0259rin v\u0259 &ouml;lk\u0259mizin suverenliyi v\u0259 \u0259razi b&uuml;t&ouml;vl&uuml;y&uuml; u\u011frunda h\u0259lak olmu\u015f V\u0259t\u0259n &ouml;vladlar\u0131n\u0131n \u0259ziz xatir\u0259si bir d\u0259qiq\u0259lik s&uuml;kutla yad edilib.<\/p>\n<p>&Ouml;nc\u0259 &ccedil;\u0131x\u0131\u015f ed\u0259n T\u0259hl&uuml;k\u0259sizlik \u015euras\u0131n\u0131n katibi, general-polkovnik Ramil Usubov t\u0259dbirin t\u0259\u015fkilind\u0259 g&ouml;st\u0259rdiyi d\u0259st\u0259y\u0259 g&ouml;r\u0259 DTX-nin r\u0259hb\u0259rliyin\u0259 minn\u0259tdarl\u0131\u011f\u0131n\u0131 ifad\u0259 etmi\u015f, bu m&ouml;vzuda konfrans\u0131n ke&ccedil;irilm\u0259sinin \u0259h\u0259miyy\u0259tind\u0259n dan\u0131\u015fm\u0131\u015fd\u0131r. O, M&uuml;z\u0259ff\u0259r Ali Ba\u015f Komandan c\u0259nab \u0130lham \u018fliyevin q\u0259tiyy\u0259tli r\u0259hb\u0259rliyi alt\u0131nda \u015fanl\u0131 q\u0259l\u0259b\u0259mizl\u0259 yekunla\u015fan 44 g&uuml;nl&uuml;k V\u0259t\u0259n m&uuml;harib\u0259sinin tariximizd\u0259 silinm\u0259z iz buraxd\u0131\u011f\u0131n\u0131, bu m&uuml;harib\u0259nin ordumuzun d&ouml;y&uuml;\u015f t\u0259cr&uuml;b\u0259sinin art\u0131r\u0131lmas\u0131nda \u0259v\u0259zsiz rol oynad\u0131\u011f\u0131n\u0131, h\u0259rbi \u0259m\u0259liyyatlar\u0131n planla\u015fd\u0131r\u0131lmas\u0131 v\u0259 apar\u0131lmas\u0131n\u0131n xarici &ouml;lk\u0259l\u0259rin h\u0259rbi m&uuml;\u0259ssis\u0259l\u0259rind\u0259 &ouml;yr\u0259nildiyini diqq\u0259t\u0259 &ccedil;atd\u0131rm\u0131\u015fd\u0131r. General-polkovnik Ramil Usubov m&uuml;harib\u0259nin n\u0259tic\u0259l\u0259rinin t\u0259hlilinin v\u0259 \u0259ld\u0259 olunan t\u0259cr&uuml;b\u0259nin milli t\u0259hl&uuml;k\u0259sizliyin etibarl\u0131 t\u0259minat\u0131, silahl\u0131 q&uuml;vv\u0259l\u0259rimizin m&uuml;dafi\u0259 qabiliyy\u0259tinin art\u0131r\u0131lmas\u0131nda &ouml;n\u0259mli amil oldu\u011funu bildirmi\u015fdir<\/p>\n<p>Daha sonra m&uuml;dafi\u0259 naziri, general-polkovnik Zakir H\u0259s\u0259nov &ccedil;\u0131x\u0131\u015f ed\u0259r\u0259k &ouml;lk\u0259 r\u0259hb\u0259rinin tap\u015f\u0131r\u0131\u011f\u0131 \u0259sas\u0131nda, V\u0259t\u0259n m&uuml;harib\u0259sind\u0259n sonra Az\u0259rbaycan Ordusunun h\u0259rbi potensial\u0131n\u0131n art\u0131r\u0131lmas\u0131 y&ouml;n&uuml;m&uuml;nd\u0259 h\u0259yata ke&ccedil;iril\u0259n islahatlar, yeni h\u0259rbi birlikl\u0259rin yarad\u0131lmas\u0131, qar\u015f\u0131ya qoyulmu\u015f v\u0259zif\u0259l\u0259rin operativ v\u0259 &ccedil;evik yerin\u0259 yetirilm\u0259si &uuml;&ccedil;&uuml;n silahl\u0131 q&uuml;vv\u0259l\u0259rimizin \u015f\u0259xsi hey\u0259tinin h\u0259rbi t\u0259hsil s\u0259viyy\u0259sinin y&uuml;ks\u0259ldilm\u0259si, m&uuml;asir h\u0259rbi texnika v\u0259 avadanl\u0131qlarla t\u0259chiz olunmas\u0131 bar\u0259d\u0259 m\u0259lumat vermi\u015fdir.<\/p>\n<p>DTX-nin r\u0259isinin birinci m&uuml;avini, general-leytenant Ceyhun \u015eadlinski &ccedil;\u0131x\u0131\u015f\u0131nda qeyd etmi\u015fdir ki, iki &ouml;lk\u0259 aras\u0131nda m&uuml;nasib\u0259tl\u0259rin normalla\u015fd\u0131r\u0131lmas\u0131 istiqam\u0259tind\u0259 g&ouml;r&uuml;l\u0259n i\u015fl\u0259r\u0259 Erm\u0259nistandak\u0131 revan\u015fist q&uuml;vv\u0259l\u0259rin h\u0259r v\u0259chl\u0259 mane&ccedil;ilik t&ouml;r\u0259tm\u0259y\u0259 &ccedil;al\u0131\u015fmas\u0131, bu &ouml;lk\u0259nin silahlanmaya v\u0259 ordu quruculu\u011funa &ouml;z imkanlar\u0131ndan art\u0131q maliyy\u0259 v\u0259saiti ay\u0131rmas\u0131, m&uuml;xt\u0259lif xarici d&ouml;vl\u0259tl\u0259rd\u0259n m&uuml;asir silahlar v\u0259 h\u0259rbi t\u0259yinatl\u0131 avadanl\u0131qlar alma\u011fa c\u0259hdl\u0259r g&ouml;st\u0259rm\u0259si, s&uuml;lh m&uuml;qavil\u0259sinin imzalanmas\u0131n\u0131 b&uuml;t&uuml;n m&uuml;mk&uuml;n vasit\u0259l\u0259rd\u0259n istifad\u0259 etm\u0259kl\u0259 yubatma\u011fa meyl etm\u0259si narahatl\u0131q do\u011furan m\u0259qamlard\u0131r. H\u0259m&ccedil;inin vur\u011fulanm\u0131\u015fd\u0131r ki, Rusiya s&uuml;lhm\u0259raml\u0131 kontingentinin m&uuml;v\u0259qq\u0259ti yerl\u0259\u015fdiyi Az\u0259rbaycan \u0259razisin\u0259 h\u0259rbi texnikalar\u0131n da\u015f\u0131nmas\u0131, orada m&uuml;xt\u0259lif t\u0259xribat xarakterli t\u0259dbirl\u0259rin ke&ccedil;irilm\u0259sin\u0259 \u015f\u0259rait yarad\u0131lmas\u0131 da x&uuml;susil\u0259 diqq\u0259t &ccedil;\u0259kir. \u0130ran x&uuml;susi xidm\u0259t orqanlar\u0131n\u0131n Az\u0259rbaycana qar\u015f\u0131 aktiv \u015f\u0259kild\u0259 h\u0259yata ke&ccedil;irdiyi k\u0259\u015ffiyyat-pozuculuq f\u0259aliyy\u0259tind\u0259n d\u0259 dan\u0131\u015fan natiq bu istiqam\u0259td\u0259 g&ouml;r&uuml;l\u0259n k\u0259s\u0259rli t\u0259dbirl\u0259rd\u0259n s&ouml;hb\u0259t a&ccedil;m\u0131\u015fd\u0131r.<\/p>\n<p>X&uuml;susi Rabit\u0259 v\u0259 \u0130nformasiya T\u0259hl&uuml;k\u0259sizliyi D&ouml;vl\u0259t Xidm\u0259tinin r\u0259isi, general-leytenant \u0130lqar Musayev bildirmi\u015fdir ki, h\u0259m V\u0259t\u0259n m&uuml;harib\u0259si zaman\u0131, h\u0259m d\u0259 m&uuml;harib\u0259d\u0259n sonrak\u0131 d&ouml;vrd\u0259 m\u0259krli q&uuml;vv\u0259l\u0259r t\u0259r\u0259find\u0259n respublikam\u0131z\u0131n informasiya t\u0259hl&uuml;k\u0259sizliyin\u0259 y&ouml;n\u0259l\u0259n t\u0259hdidl\u0259rin v\u0259 kiberh&uuml;cumlar\u0131n qar\u015f\u0131s\u0131n\u0131n al\u0131nmas\u0131, sava\u015f d&ouml;vr&uuml;nd\u0259 h\u0259rbi obyektl\u0259rimizin x&uuml;susi rabit\u0259 avadanl\u0131qlar\u0131 il\u0259 t\u0259minat\u0131, radiostansiyalar\u0131n i\u015finin s\u0259m\u0259r\u0259li t\u0259\u015fkili &uuml;&ccedil;&uuml;n dig\u0259r qurumlarla birg\u0259 laz\u0131mi t\u0259dbirl\u0259r g&ouml;r&uuml;lm&uuml;\u015fd&uuml;r.<\/p>\n<p>Konfrans &ouml;z i\u015fini noyabr\u0131n 25-d\u0259k h\u0259rbi t\u0259hl&uuml;k\u0259sizlik, s\u0259f\u0259rb\u0259rlik haz\u0131rl\u0131\u011f\u0131, strateji kommunikasiya, informasiya t\u0259hl&uuml;k\u0259sizliyi, kibert\u0259hl&uuml;k\u0259sizlik, m&uuml;lki m&uuml;dafi\u0259 v\u0259 dig\u0259r aidiyy\u0259ti m&ouml;vzular &uuml;zr\u0259 m&uuml;hazir\u0259l\u0259r v\u0259 panel m&uuml;zakir\u0259l\u0259rl\u0259 davam etdir\u0259c\u0259kdir.<\/p>\n","protected":false},"excerpt":{"rendered":"<p>Az\u0259rbaycan Respublikas\u0131 T\u0259hl&uuml;k\u0259sizlik \u015euras\u0131 Katibinin Xidm\u0259tinin t\u0259\u015fkilat&ccedil;\u0131l\u0131\u011f\u0131 il\u0259 &ldquo;V\u0259t\u0259n m&uuml;harib\u0259sinin t\u0259cr&uuml;b\u0259l\u0259ri&rdquo; m&ouml;vzusunda konfrans ke&ccedil;irilib. T\u0259hl&uuml;k\u0259sizlik \u015euras\u0131 Katibinin Xidm\u0259tind\u0259n&nbsp;APA-ya veril\u0259n x\u0259b\u0259r\u0259 g&ouml;r\u0259, D&ouml;vl\u0259t T\u0259hl&uuml;k\u0259sizliyi Xidm\u0259tinin (DTX) Heyd\u0259r \u018fliyev ad\u0131na Akademiyas\u0131n\u0131n &ldquo;\u015e&ouml;hr\u0259t&rdquo;&hellip;<\/p>\n","protected":false},"author":1,"featured_media":251278,"comment_status":"open","ping_status":"open","sticky":false,"template":"","format":"standard","meta":{"_lmt_disableupdate":"","_lmt_disable":"","footnotes":""},"categories":[],"tags":[],"class_list":["post-163406","post","type-post","status-publish","format-standard","has-post-thumbnail","hentry"],"_links":{"self":[{"href":"https:\/\/ucnoqta.az\/index.php?rest_route=\/wp\/v2\/posts\/163406","targetHints":{"allow":["GET"]}}],"collection":[{"href":"https:\/\/ucnoqta.az\/index.php?rest_route=\/wp\/v2\/posts"}],"about":[{"href":"https:\/\/ucnoqta.az\/index.php?rest_route=\/wp\/v2\/types\/post"}],"author":[{"embeddable":true,"href":"https:\/\/ucnoqta.az\/index.php?rest_route=\/wp\/v2\/users\/1"}],"replies":[{"embeddable":true,"href":"https:\/\/ucnoqta.az\/index.php?rest_route=%2Fwp%2Fv2%2Fcomments&post=163406"}],"version-history":[{"count":0,"href":"https:\/\/ucnoqta.az\/index.php?rest_route=\/wp\/v2\/posts\/163406\/revisions"}],"wp:featuredmedia":[{"embeddable":true,"href":"https:\/\/ucnoqta.az\/index.php?rest_route=\/wp\/v2\/media\/251278"}],"wp:attachment":[{"href":"https:\/\/ucnoqta.az\/index.php?rest_route=%2Fwp%2Fv2%2Fmedia&parent=163406"}],"wp:term":[{"taxonomy":"category","embeddable":true,"href":"https:\/\/ucnoqta.az\/index.php?rest_route=%2Fwp%2Fv2%2Fcategories&post=163406"},{"taxonomy":"post_tag","embeddable":true,"href":"https:\/\/ucnoqta.az\/index.php?rest_route=%2Fwp%2Fv2%2Ftags&post=163406"}],"curies":[{"name":"wp","href":"https:\/\/api.w.org\/{rel}","templated":true}]}}