{"id":163396,"date":"2022-11-24T09:57:00","date_gmt":"2022-11-24T05:57:00","guid":{"rendered":""},"modified":"-0001-11-30T00:00:00","modified_gmt":"-0001-11-29T20:00:00","slug":"","status":"publish","type":"post","link":"https:\/\/ucnoqta.az\/?p=163396","title":{"rendered":"Rayonlara s\u0259rni\u015fin da\u015f\u0131yan taksil\u0259r bir m\u0259rk\u0259z\u0259 toplanacaq &#8211; <font color=red><b>V\u0130DEO<\/b><\/font>"},"content":{"rendered":"<p><strong>Paytaxt\u0131n ayr\u0131-ayr\u0131 yerl\u0259rind\u0259n p\u0259rak\u0259nd\u0259 \u015f\u0259kild\u0259 rayonlara s\u0259rni\u015fin da\u015f\u0131yan minik avtomobill\u0259ri bir m\u0259rk\u0259z\u0259 toplanacaq. Dayanacaq &uuml;&ccedil;&uuml;n Bak\u0131 Beyn\u0259xalq Avtova\u011fzal Kompleksind\u0259 yer se&ccedil;ilib.<\/strong><\/p>\n<p>Ucnoqta.az-\u0131n&nbsp;Xezerxeber.az-a istinad\u0259n&nbsp;m\u0259lumat\u0131na g&ouml;r\u0259, Bak\u0131 Beyn\u0259xalq Avtova\u011fzal Kompleksinin m\u0259tbuat katibi Samir&nbsp; S\u0259f\u0259rov bildirib ki, 20 Yanvar dair\u0259si, &quot;\u015eamaxinka&quot; adlanan \u0259razi, 3-c&uuml; mikrorayon dair\u0259si v\u0259 avtova\u011fzal\u0131n \u0259traf\u0131nda f\u0259aliyy\u0259t g&ouml;st\u0259r\u0259n taksi minik avtomobill\u0259rinin vahid m\u0259rk\u0259z\u0259 c\u0259lb edilm\u0259si n\u0259z\u0259rd\u0259 tutulub.<\/p>\n<p>Dayanacaq istifad\u0259y\u0259 verildikd\u0259n sonra avtomobill\u0259rin sazl\u0131\u011f\u0131n\u0131n yoxlan\u0131lmas\u0131 v\u0259 s&uuml;r&uuml;c&uuml;l\u0259rin tibbi m&uuml;ayin\u0259d\u0259n ke&ccedil;m\u0259si d\u0259 planla\u015fd\u0131r\u0131l\u0131r.<\/p>\n<p>S&uuml;r&uuml;c&uuml;l\u0259r is\u0259 iddia edirl\u0259r ki, haz\u0131rda avtova\u011fzal \u0259razisind\u0259 dayanacaq sah\u0259si az oldu\u011funa g&ouml;r\u0259 onlar avtomobill\u0259rini saxlamaqda &ccedil;\u0259tinlik &ccedil;\u0259kirl\u0259r.<\/p>\n<p>Qeyd ed\u0259k ki, dayanaca\u011f\u0131n g\u0259l\u0259n ay\u0131n \u0259vv\u0259lind\u0259 s&uuml;r&uuml;c&uuml;l\u0259rin ixtiyar\u0131na verilm\u0259si n\u0259z\u0259rd\u0259 tutulur.<\/p>\n<p>&nbsp;<\/p>\n<p><iframe allow=\"accelerometer; autoplay; clipboard-write; encrypted-media; gyroscope; picture-in-picture\" allowfullscreen=\"\" frameborder=\"0\" height=\"315\" src=\"https:\/\/www.youtube.com\/embed\/O6SA9UP6nrA\" title=\"YouTube video player\" width=\"560\"><\/iframe><\/p>\n","protected":false},"excerpt":{"rendered":"<p>Paytaxt\u0131n ayr\u0131-ayr\u0131 yerl\u0259rind\u0259n p\u0259rak\u0259nd\u0259 \u015f\u0259kild\u0259 rayonlara s\u0259rni\u015fin da\u015f\u0131yan minik avtomobill\u0259ri bir m\u0259rk\u0259z\u0259 toplanacaq. Dayanacaq &uuml;&ccedil;&uuml;n Bak\u0131 Beyn\u0259xalq Avtova\u011fzal Kompleksind\u0259 yer se&ccedil;ilib. Ucnoqta.az-\u0131n&nbsp;Xezerxeber.az-a istinad\u0259n&nbsp;m\u0259lumat\u0131na g&ouml;r\u0259, Bak\u0131 Beyn\u0259xalq Avtova\u011fzal Kompleksinin m\u0259tbuat katibi&hellip;<\/p>\n","protected":false},"author":1,"featured_media":251278,"comment_status":"open","ping_status":"open","sticky":false,"template":"","format":"standard","meta":{"_lmt_disableupdate":"","_lmt_disable":"","footnotes":""},"categories":[101],"tags":[],"class_list":["post-163396","post","type-post","status-publish","format-standard","has-post-thumbnail","hentry","category-cemiyyet"],"_links":{"self":[{"href":"https:\/\/ucnoqta.az\/index.php?rest_route=\/wp\/v2\/posts\/163396","targetHints":{"allow":["GET"]}}],"collection":[{"href":"https:\/\/ucnoqta.az\/index.php?rest_route=\/wp\/v2\/posts"}],"about":[{"href":"https:\/\/ucnoqta.az\/index.php?rest_route=\/wp\/v2\/types\/post"}],"author":[{"embeddable":true,"href":"https:\/\/ucnoqta.az\/index.php?rest_route=\/wp\/v2\/users\/1"}],"replies":[{"embeddable":true,"href":"https:\/\/ucnoqta.az\/index.php?rest_route=%2Fwp%2Fv2%2Fcomments&post=163396"}],"version-history":[{"count":0,"href":"https:\/\/ucnoqta.az\/index.php?rest_route=\/wp\/v2\/posts\/163396\/revisions"}],"wp:featuredmedia":[{"embeddable":true,"href":"https:\/\/ucnoqta.az\/index.php?rest_route=\/wp\/v2\/media\/251278"}],"wp:attachment":[{"href":"https:\/\/ucnoqta.az\/index.php?rest_route=%2Fwp%2Fv2%2Fmedia&parent=163396"}],"wp:term":[{"taxonomy":"category","embeddable":true,"href":"https:\/\/ucnoqta.az\/index.php?rest_route=%2Fwp%2Fv2%2Fcategories&post=163396"},{"taxonomy":"post_tag","embeddable":true,"href":"https:\/\/ucnoqta.az\/index.php?rest_route=%2Fwp%2Fv2%2Ftags&post=163396"}],"curies":[{"name":"wp","href":"https:\/\/api.w.org\/{rel}","templated":true}]}}