{"id":163395,"date":"2022-11-24T09:50:55","date_gmt":"2022-11-24T05:50:55","guid":{"rendered":""},"modified":"-0001-11-30T00:00:00","modified_gmt":"-0001-11-29T20:00:00","slug":"","status":"publish","type":"post","link":"https:\/\/ucnoqta.az\/?p=163395","title":{"rendered":"\u015eahruddind\u0259n futbol\u00e7ularla ba\u011fl\u0131 qalmaqall\u0131 payla\u015f\u0131m: <font color=red><b>C\u0259za olacaqm\u0131?<\/b><\/font>"},"content":{"rendered":"<p><strong>Az\u0259rbaycan millisinin v\u0259 &ldquo;Qaraba\u011f&rdquo;\u0131n qap\u0131&ccedil;\u0131s\u0131 \u015eahruddin M\u0259h\u0259mm\u0259d\u0259liyev \u015f\u0259xsi &quot;\u0130nstagram&quot; s\u0259hif\u0259sind\u0259 Almaniya y\u0131\u011fmas\u0131 il\u0259 ba\u011fl\u0131 qalmaqal yarada bil\u0259c\u0259k payla\u015f\u0131m edib.<\/strong><\/p>\n<p>O, Bundestimin bu g&uuml;n D&Ccedil;-2022-d\u0259 Yaponiyaya qar\u015f\u0131 mat&ccedil;dan (1:2) &ouml;nc\u0259 &ccedil;\u0259kdirdiyi \u015f\u0259kli 11 r\u0259q\u0259mi v\u0259 xoruz emojisi il\u0259 payla\u015f\u0131b. Bu is\u0259 h\u0259min futbol&ccedil;ulara xitab\u0259n &ldquo;11 xoruz&rdquo; dem\u0259kdir.<\/p>\n<p>Maqomed\u0259liyev c\u0259zaland\u0131r\u0131lacaqm\u0131? Maraql\u0131d\u0131r, &ldquo;Qaraba\u011f&rdquo; r\u0259hb\u0259rliyi, x&uuml;sus\u0259n d\u0259 ba\u015f m\u0259\u015fq&ccedil;i Qurban Qurbanov bu h\u0259r\u0259k\u0259t\u0259 nec\u0259 reaksiya ver\u0259c\u0259k? Yaxud AFFA Az\u0259rbaycan millisinin son vaxtlar Moldova v\u0259 \u015eimali Makedoniyaya qar\u015f\u0131 oynayan qap\u0131&ccedil;\u0131s\u0131n\u0131n \u015f\u0259rhini&nbsp; nec\u0259 qiym\u0259tl\u0259ndir\u0259c\u0259k?<\/p>\n<p>Yada salmaq yerin\u0259 d&uuml;\u015f\u0259rdi ki, m\u0259hz \u015eaxrudin Maqomed\u0259liyevin &Ccedil;exiyan\u0131n &ldquo;Viktoriya&rdquo;s\u0131 v\u0259 Fransan\u0131n &ldquo;Nant&rdquo; klublar\u0131 il\u0259 oyunlarda etdiyi \u0259n kobud s\u0259hvl\u0259rd\u0259n sonra &ldquo;Qaraba\u011f&rdquo; \u0259vv\u0259lc\u0259 &Ccedil;empionlar Liqas\u0131n\u0131n qrup m\u0259rh\u0259l\u0259sin\u0259 d&uuml;\u015f\u0259 bilm\u0259yib. Bununla da Avropa Liqas\u0131n\u0131n\u0131 t\u0259rk edib. \/\/\/oxu24.com<\/p>\n<p>&nbsp;<\/p>\n","protected":false},"excerpt":{"rendered":"<p>Az\u0259rbaycan millisinin v\u0259 &ldquo;Qaraba\u011f&rdquo;\u0131n qap\u0131&ccedil;\u0131s\u0131 \u015eahruddin M\u0259h\u0259mm\u0259d\u0259liyev \u015f\u0259xsi &quot;\u0130nstagram&quot; s\u0259hif\u0259sind\u0259 Almaniya y\u0131\u011fmas\u0131 il\u0259 ba\u011fl\u0131 qalmaqal yarada bil\u0259c\u0259k payla\u015f\u0131m edib. O, Bundestimin bu g&uuml;n D&Ccedil;-2022-d\u0259 Yaponiyaya qar\u015f\u0131 mat&ccedil;dan (1:2) &ouml;nc\u0259 &ccedil;\u0259kdirdiyi&hellip;<\/p>\n","protected":false},"author":1,"featured_media":251278,"comment_status":"open","ping_status":"open","sticky":false,"template":"","format":"standard","meta":{"_lmt_disableupdate":"","_lmt_disable":"","footnotes":""},"categories":[90],"tags":[],"class_list":["post-163395","post","type-post","status-publish","format-standard","has-post-thumbnail","hentry","category-idman-butun-xeberler"],"_links":{"self":[{"href":"https:\/\/ucnoqta.az\/index.php?rest_route=\/wp\/v2\/posts\/163395","targetHints":{"allow":["GET"]}}],"collection":[{"href":"https:\/\/ucnoqta.az\/index.php?rest_route=\/wp\/v2\/posts"}],"about":[{"href":"https:\/\/ucnoqta.az\/index.php?rest_route=\/wp\/v2\/types\/post"}],"author":[{"embeddable":true,"href":"https:\/\/ucnoqta.az\/index.php?rest_route=\/wp\/v2\/users\/1"}],"replies":[{"embeddable":true,"href":"https:\/\/ucnoqta.az\/index.php?rest_route=%2Fwp%2Fv2%2Fcomments&post=163395"}],"version-history":[{"count":0,"href":"https:\/\/ucnoqta.az\/index.php?rest_route=\/wp\/v2\/posts\/163395\/revisions"}],"wp:featuredmedia":[{"embeddable":true,"href":"https:\/\/ucnoqta.az\/index.php?rest_route=\/wp\/v2\/media\/251278"}],"wp:attachment":[{"href":"https:\/\/ucnoqta.az\/index.php?rest_route=%2Fwp%2Fv2%2Fmedia&parent=163395"}],"wp:term":[{"taxonomy":"category","embeddable":true,"href":"https:\/\/ucnoqta.az\/index.php?rest_route=%2Fwp%2Fv2%2Fcategories&post=163395"},{"taxonomy":"post_tag","embeddable":true,"href":"https:\/\/ucnoqta.az\/index.php?rest_route=%2Fwp%2Fv2%2Ftags&post=163395"}],"curies":[{"name":"wp","href":"https:\/\/api.w.org\/{rel}","templated":true}]}}