{"id":163394,"date":"2022-11-24T10:01:04","date_gmt":"2022-11-24T06:01:04","guid":{"rendered":""},"modified":"-0001-11-30T00:00:00","modified_gmt":"-0001-11-29T20:00:00","slug":"","status":"publish","type":"post","link":"https:\/\/ucnoqta.az\/?p=163394","title":{"rendered":"Bak\u0131da ata 2 ya\u015fl\u0131 o\u011flunu b\u0131\u00e7aqlad\u0131<font color=red><b> (Yenil\u0259nib)<\/b><\/font>"},"content":{"rendered":"<p><strong>Bak\u0131da qay\u0131nanas\u0131na v\u0259 2 ya\u015fl\u0131 o\u011fluna x\u0259sar\u0259t yetir\u0259n \u015f\u0259xs tutulub.<\/strong><\/p>\n<p>Daxili \u0130\u015fl\u0259r Nazirliyinin m\u0259tbuat xidm\u0259tind\u0259n Ucnoqta.az-a&nbsp;veril\u0259n m\u0259lumata g&ouml;r\u0259, noyabr\u0131n 23-d\u0259 saat 20 rad\u0259l\u0259rind\u0259 Y.M&uuml;rs\u0259lov k&uuml;&ccedil;\u0259sind\u0259 evl\u0259rin birind\u0259 Yevlax rayon sakini 1990-c\u0131 il t\u0259v\u0259ll&uuml;dl&uuml; Saqi K\u0259rimov 1976-c\u0131 il t\u0259v\u0259ll&uuml;dl&uuml; qay\u0131nanas\u0131na y&uuml;ng&uuml;l v\u0259 2020-ci il t\u0259v\u0259ll&uuml;dl&uuml; o\u011fluna is\u0259 daxil\u0259 n&uuml;fuz ed\u0259n, sonra &ouml;z&uuml;n&uuml;n bo\u011faz nahiy\u0259sin\u0259 b\u0131&ccedil;aqla x\u0259sar\u0259t yetirib.<\/p>\n<p>Polis \u0259m\u0259kda\u015flar\u0131n\u0131n ke&ccedil;irdiyi t\u0259dbirl\u0259rl\u0259 S.K\u0259rimova x\u0259st\u0259xanada ilkin tibbi yard\u0131m g&ouml;st\u0259rildikd\u0259n sonra saxlan\u0131l\u0131b.<\/p>\n<p>Faktla \u0259laq\u0259dar CM-nin 126-c\u0131 madd\u0259si il\u0259 cinay\u0259t i\u015fi ba\u015flan\u0131b, istintaq h\u0259r\u0259k\u0259tl\u0259ri apar\u0131l\u0131r.<\/p>\n<p>\n<strong>09:43<\/strong><\/p>\n<p><strong>S\u0259bail rayonunda ata 2 ya\u015fl\u0131 o\u011flunu b\u0131&ccedil;aqlay\u0131b. <\/strong><\/p>\n<p>Bu bar\u0259d\u0259 Ucnoqta.az-a D\u0130N M\u0259tbuat xidm\u0259tind\u0259n bildirilib. Polis \u0259m\u0259kda\u015flar\u0131n\u0131n ke&ccedil;irdiyi t\u0259dbirl\u0259rl\u0259 1990-c\u0131 il t\u0259v\u0259ll&uuml;dl&uuml; ata saxlan\u0131laraq m\u0259suliyy\u0259t\u0259 c\u0259lb edilib.<\/p>\n<p>Faktla \u0259laq\u0259dar CM-nin 126-c\u0131 madd\u0259si il\u0259 cinay\u0259t i\u015fi ba\u015flan\u0131b. \u0130stintaq gedir.<\/p>\n","protected":false},"excerpt":{"rendered":"<p>Bak\u0131da qay\u0131nanas\u0131na v\u0259 2 ya\u015fl\u0131 o\u011fluna x\u0259sar\u0259t yetir\u0259n \u015f\u0259xs tutulub. Daxili \u0130\u015fl\u0259r Nazirliyinin m\u0259tbuat xidm\u0259tind\u0259n Ucnoqta.az-a&nbsp;veril\u0259n m\u0259lumata g&ouml;r\u0259, noyabr\u0131n 23-d\u0259 saat 20 rad\u0259l\u0259rind\u0259 Y.M&uuml;rs\u0259lov k&uuml;&ccedil;\u0259sind\u0259 evl\u0259rin birind\u0259 Yevlax rayon sakini&hellip;<\/p>\n","protected":false},"author":1,"featured_media":251278,"comment_status":"open","ping_status":"open","sticky":false,"template":"","format":"standard","meta":{"_lmt_disableupdate":"","_lmt_disable":"","footnotes":""},"categories":[91],"tags":[],"class_list":["post-163394","post","type-post","status-publish","format-standard","has-post-thumbnail","hentry","category-olkeici"],"_links":{"self":[{"href":"https:\/\/ucnoqta.az\/index.php?rest_route=\/wp\/v2\/posts\/163394","targetHints":{"allow":["GET"]}}],"collection":[{"href":"https:\/\/ucnoqta.az\/index.php?rest_route=\/wp\/v2\/posts"}],"about":[{"href":"https:\/\/ucnoqta.az\/index.php?rest_route=\/wp\/v2\/types\/post"}],"author":[{"embeddable":true,"href":"https:\/\/ucnoqta.az\/index.php?rest_route=\/wp\/v2\/users\/1"}],"replies":[{"embeddable":true,"href":"https:\/\/ucnoqta.az\/index.php?rest_route=%2Fwp%2Fv2%2Fcomments&post=163394"}],"version-history":[{"count":0,"href":"https:\/\/ucnoqta.az\/index.php?rest_route=\/wp\/v2\/posts\/163394\/revisions"}],"wp:featuredmedia":[{"embeddable":true,"href":"https:\/\/ucnoqta.az\/index.php?rest_route=\/wp\/v2\/media\/251278"}],"wp:attachment":[{"href":"https:\/\/ucnoqta.az\/index.php?rest_route=%2Fwp%2Fv2%2Fmedia&parent=163394"}],"wp:term":[{"taxonomy":"category","embeddable":true,"href":"https:\/\/ucnoqta.az\/index.php?rest_route=%2Fwp%2Fv2%2Fcategories&post=163394"},{"taxonomy":"post_tag","embeddable":true,"href":"https:\/\/ucnoqta.az\/index.php?rest_route=%2Fwp%2Fv2%2Ftags&post=163394"}],"curies":[{"name":"wp","href":"https:\/\/api.w.org\/{rel}","templated":true}]}}