{"id":161815,"date":"2022-11-03T15:26:31","date_gmt":"2022-11-03T11:26:31","guid":{"rendered":""},"modified":"-0001-11-30T00:00:00","modified_gmt":"-0001-11-29T20:00:00","slug":"","status":"publish","type":"post","link":"https:\/\/ucnoqta.az\/?p=161815","title":{"rendered":"\u0130lham \u018fliyev Arif S\u0259m\u0259dova y\u00fcks\u0259k v\u0259zif\u0259 verdi"},"content":{"rendered":"<p><strong>Prezident&nbsp;\u0130lham \u018fliyev&nbsp;Arif Vasif o\u011flu S\u0259m\u0259dovun Az\u0259rbaycan Respublikas\u0131 Prezidentinin Protokol xidm\u0259ti r\u0259isinin m&uuml;avini v\u0259zif\u0259sind\u0259n azad edilm\u0259si haqq\u0131nda&nbsp;s\u0259r\u0259ncam&nbsp;imzalay\u0131b.&nbsp;<\/strong><\/p>\n<p>Ucnoqta.az x\u0259b\u0259r verir ki, D&ouml;vl\u0259t ba\u015f&ccedil;\u0131s\u0131n\u0131n dig\u0259r&nbsp;s\u0259r\u0259ncam\u0131&nbsp;il\u0259, Arif Vasif o\u011flu S\u0259m\u0259dov Az\u0259rbaycan Respublikas\u0131 Prezidentinin Protokol xidm\u0259tinin r\u0259isi t\u0259yin edilib.<\/p>\n<p>Qeyd ed\u0259k ki, oktyabr\u0131n 17-d\u0259 \u0130lham \u018fliyevin s\u0259r\u0259ncam\u0131 il\u0259 El&ccedil;in T\u0259l\u0259t o\u011flu Ba\u011f\u0131rov Az\u0259rbaycan Respublikas\u0131 Prezidentinin Protokol xidm\u0259tinin r\u0259isi v\u0259zif\u0259sind\u0259n&nbsp;azad edilib.&nbsp;<\/p>\n<p>D&ouml;vl\u0259t ba\u015f&ccedil;\u0131s\u0131 E.T.Ba\u011f\u0131rovun Az\u0259rbaycan Respublikas\u0131n\u0131n Birl\u0259\u015fmi\u015f \u018fr\u0259b \u018fmirlikl\u0259rind\u0259 f&ouml;vq\u0259lad\u0259 v\u0259 s\u0259lahiyy\u0259tli s\u0259firi t\u0259yin edilm\u0259si il\u0259 ba\u011fl\u0131 s\u0259r\u0259ncam imzalay\u0131b.<\/p>\n","protected":false},"excerpt":{"rendered":"<p>Prezident&nbsp;\u0130lham \u018fliyev&nbsp;Arif Vasif o\u011flu S\u0259m\u0259dovun Az\u0259rbaycan Respublikas\u0131 Prezidentinin Protokol xidm\u0259ti r\u0259isinin m&uuml;avini v\u0259zif\u0259sind\u0259n azad edilm\u0259si haqq\u0131nda&nbsp;s\u0259r\u0259ncam&nbsp;imzalay\u0131b.&nbsp; Ucnoqta.az x\u0259b\u0259r verir ki, D&ouml;vl\u0259t ba\u015f&ccedil;\u0131s\u0131n\u0131n dig\u0259r&nbsp;s\u0259r\u0259ncam\u0131&nbsp;il\u0259, Arif Vasif o\u011flu S\u0259m\u0259dov Az\u0259rbaycan Respublikas\u0131 Prezidentinin&hellip;<\/p>\n","protected":false},"author":1,"featured_media":251278,"comment_status":"open","ping_status":"open","sticky":false,"template":"","format":"standard","meta":{"_lmt_disableupdate":"","_lmt_disable":"","footnotes":""},"categories":[],"tags":[],"class_list":["post-161815","post","type-post","status-publish","format-standard","has-post-thumbnail","hentry"],"_links":{"self":[{"href":"https:\/\/ucnoqta.az\/index.php?rest_route=\/wp\/v2\/posts\/161815","targetHints":{"allow":["GET"]}}],"collection":[{"href":"https:\/\/ucnoqta.az\/index.php?rest_route=\/wp\/v2\/posts"}],"about":[{"href":"https:\/\/ucnoqta.az\/index.php?rest_route=\/wp\/v2\/types\/post"}],"author":[{"embeddable":true,"href":"https:\/\/ucnoqta.az\/index.php?rest_route=\/wp\/v2\/users\/1"}],"replies":[{"embeddable":true,"href":"https:\/\/ucnoqta.az\/index.php?rest_route=%2Fwp%2Fv2%2Fcomments&post=161815"}],"version-history":[{"count":0,"href":"https:\/\/ucnoqta.az\/index.php?rest_route=\/wp\/v2\/posts\/161815\/revisions"}],"wp:featuredmedia":[{"embeddable":true,"href":"https:\/\/ucnoqta.az\/index.php?rest_route=\/wp\/v2\/media\/251278"}],"wp:attachment":[{"href":"https:\/\/ucnoqta.az\/index.php?rest_route=%2Fwp%2Fv2%2Fmedia&parent=161815"}],"wp:term":[{"taxonomy":"category","embeddable":true,"href":"https:\/\/ucnoqta.az\/index.php?rest_route=%2Fwp%2Fv2%2Fcategories&post=161815"},{"taxonomy":"post_tag","embeddable":true,"href":"https:\/\/ucnoqta.az\/index.php?rest_route=%2Fwp%2Fv2%2Ftags&post=161815"}],"curies":[{"name":"wp","href":"https:\/\/api.w.org\/{rel}","templated":true}]}}