{"id":161810,"date":"2022-11-03T14:27:47","date_gmt":"2022-11-03T10:27:47","guid":{"rendered":""},"modified":"-0001-11-30T00:00:00","modified_gmt":"-0001-11-29T20:00:00","slug":"","status":"publish","type":"post","link":"https:\/\/ucnoqta.az\/?p=161810","title":{"rendered":"Bir s\u0131ra \u00f6lk\u0259l\u0259rd\u0259 yanaca\u011f\u0131n qiym\u0259ti s\u00fcr\u0259tl\u0259 art\u0131b, <font color=red><b>Az\u0259rbaycanda is\u0259 &#8230;<\/b><\/font>"},"content":{"rendered":"<p><strong>&quot;Bir s\u0131ra &ouml;lk\u0259l\u0259rd\u0259 yanaca\u011f\u0131n qiym\u0259ti s&uuml;r\u0259tl\u0259 art\u0131b, Az\u0259rbaycanda is\u0259 sabit qal\u0131b&quot;.<\/strong><\/p>\n<p>Ucnoqta.az x\u0259b\u0259r verir ki, bunu Milli M\u0259clisin \u0130qtisadi siyas\u0259t, s\u0259naye v\u0259 sahibkarl\u0131q komit\u0259sinin bu g&uuml;n ke&ccedil;iril\u0259n iclas\u0131nda &ldquo;Az\u0259rbaycan Respublikas\u0131n\u0131n 2023-c&uuml; il d&ouml;vl\u0259t b&uuml;dc\u0259si haqq\u0131nda&rdquo; qanun layih\u0259sinin m&uuml;zakir\u0259si zaman\u0131 maliyy\u0259 naziri Samir \u015e\u0259rifov deyib.<\/p>\n<p>Nazir bildirib ki, bu da Tarif (Qiym\u0259t) \u015euras\u0131n\u0131n siyas\u0259ti il\u0259 ba\u011fl\u0131d\u0131r: &ldquo;\u0130nflyasiyaya t\u0259sir ed\u0259n amill\u0259rin b\u0259zil\u0259ri d&ouml;vl\u0259t t\u0259r\u0259find\u0259n t\u0259nziml\u0259nir. M\u0259s\u0259l\u0259n, ba\u015fqa &ouml;lk\u0259l\u0259rd\u0259 yanaca\u011f\u0131n qiym\u0259ti il\u0259 ba\u011fl\u0131 inflyasiya t\u0259zyiqi daha da k\u0259skinl\u0259\u015fib. Az\u0259rbaycanda is\u0259 d&ouml;vl\u0259t t\u0259r\u0259find\u0259n apar\u0131lan siyas\u0259t n\u0259tic\u0259sind\u0259 qiym\u0259t sabit saxlan\u0131l\u0131r ki, bu da t\u0259sirli amill\u0259rd\u0259ndir&rdquo;.\/\/\/apa<\/p>\n","protected":false},"excerpt":{"rendered":"<p>&quot;Bir s\u0131ra &ouml;lk\u0259l\u0259rd\u0259 yanaca\u011f\u0131n qiym\u0259ti s&uuml;r\u0259tl\u0259 art\u0131b, Az\u0259rbaycanda is\u0259 sabit qal\u0131b&quot;. Ucnoqta.az x\u0259b\u0259r verir ki, bunu Milli M\u0259clisin \u0130qtisadi siyas\u0259t, s\u0259naye v\u0259 sahibkarl\u0131q komit\u0259sinin bu g&uuml;n ke&ccedil;iril\u0259n iclas\u0131nda &ldquo;Az\u0259rbaycan Respublikas\u0131n\u0131n&hellip;<\/p>\n","protected":false},"author":1,"featured_media":251278,"comment_status":"open","ping_status":"open","sticky":false,"template":"","format":"standard","meta":{"_lmt_disableupdate":"","_lmt_disable":"","footnotes":""},"categories":[101],"tags":[],"class_list":["post-161810","post","type-post","status-publish","format-standard","has-post-thumbnail","hentry","category-cemiyyet"],"_links":{"self":[{"href":"https:\/\/ucnoqta.az\/index.php?rest_route=\/wp\/v2\/posts\/161810","targetHints":{"allow":["GET"]}}],"collection":[{"href":"https:\/\/ucnoqta.az\/index.php?rest_route=\/wp\/v2\/posts"}],"about":[{"href":"https:\/\/ucnoqta.az\/index.php?rest_route=\/wp\/v2\/types\/post"}],"author":[{"embeddable":true,"href":"https:\/\/ucnoqta.az\/index.php?rest_route=\/wp\/v2\/users\/1"}],"replies":[{"embeddable":true,"href":"https:\/\/ucnoqta.az\/index.php?rest_route=%2Fwp%2Fv2%2Fcomments&post=161810"}],"version-history":[{"count":0,"href":"https:\/\/ucnoqta.az\/index.php?rest_route=\/wp\/v2\/posts\/161810\/revisions"}],"wp:featuredmedia":[{"embeddable":true,"href":"https:\/\/ucnoqta.az\/index.php?rest_route=\/wp\/v2\/media\/251278"}],"wp:attachment":[{"href":"https:\/\/ucnoqta.az\/index.php?rest_route=%2Fwp%2Fv2%2Fmedia&parent=161810"}],"wp:term":[{"taxonomy":"category","embeddable":true,"href":"https:\/\/ucnoqta.az\/index.php?rest_route=%2Fwp%2Fv2%2Fcategories&post=161810"},{"taxonomy":"post_tag","embeddable":true,"href":"https:\/\/ucnoqta.az\/index.php?rest_route=%2Fwp%2Fv2%2Ftags&post=161810"}],"curies":[{"name":"wp","href":"https:\/\/api.w.org\/{rel}","templated":true}]}}