{"id":161806,"date":"2022-11-03T13:59:56","date_gmt":"2022-11-03T09:59:56","guid":{"rendered":""},"modified":"-0001-11-30T00:00:00","modified_gmt":"-0001-11-29T20:00:00","slug":"","status":"publish","type":"post","link":"https:\/\/ucnoqta.az\/?p=161806","title":{"rendered":"H\u0259rb\u00e7il\u0259rimiz NATO-nun &#8220;D\u00f6y\u00fc\u015f\u0259 haz\u0131rl\u0131q&#8221; proqram\u0131n\u0131 tamamlay\u0131b"},"content":{"rendered":"<p><strong>Bel&ccedil;ika Krall\u0131\u011f\u0131n\u0131n Mons \u015f\u0259h\u0259rind\u0259 NATO-nun \u018fm\u0259liyyat \u0130mkanlar\u0131 Konsepsiyas\u0131 (\u018f\u0130K) proqram\u0131 &ccedil;\u0259r&ccedil;iv\u0259sind\u0259 illik konfrans ke&ccedil;irilib.<\/strong><\/p>\n<p>M&uuml;dafi\u0259 Nazirliyind\u0259n&nbsp;Ucnoqta.az-a veril\u0259n m\u0259lumata g&ouml;r\u0259, NATO-nun m&uuml;xt\u0259lif q\u0259rargahlar\u0131ndan olan n&uuml;may\u0259nd\u0259l\u0259rin, el\u0259c\u0259 d\u0259 Az\u0259rbaycan Ordusunun h\u0259rbi qulluq&ccedil;ular\u0131n\u0131n i\u015ftirak\u0131 il\u0259 ke&ccedil;iril\u0259n konfransda &ouml;lk\u0259mizin \u018f\u0130K proqram\u0131ndan geni\u015f istifad\u0259 etdiyi v\u0259 t\u0259r\u0259fda\u015f d&ouml;vl\u0259tl\u0259r aras\u0131nda qabaqc\u0131l t\u0259cr&uuml;b\u0259y\u0259 malik oldu\u011fu x&uuml;susi vur\u011fulan\u0131b.<\/p>\n<p>Qeyd edilib ki, H\u0259rbi D\u0259niz Q&uuml;vv\u0259l\u0259rinin (HDQ) Ortaq Q&uuml;vv\u0259l\u0259r Birliyin\u0259 b\u0259yan edilmi\u015f &quot;D\u0259nizd\u0259 Qada\u011fa \u018fm\u0259liyyatlar\u0131 &uuml;zr\u0259 G&ouml;y\u0259rt\u0259 Axtar\u0131\u015f Qrupu&quot; NATO-nun \u018f\u0130K proqram\u0131 &ccedil;\u0259r&ccedil;iv\u0259sind\u0259 T&uuml;rkiy\u0259d\u0259 ke&ccedil;iril\u0259n &ldquo;D\u0259nizd\u0259 Qada\u011fa \u018fm\u0259liyyatlar\u0131&rdquo; &uuml;zr\u0259 &quot;2-ci s\u0259viyy\u0259li &ouml;z&uuml;n&uuml;qiym\u0259tl\u0259ndirm\u0259si t\u0259limi&quot;nd\u0259 (NEL-2) m&uuml;v\u0259ff\u0259qiyy\u0259tl\u0259 i\u015ftirak ed\u0259r\u0259k &quot;D&ouml;y&uuml;\u015f\u0259 haz\u0131r&quot; b&ouml;lm\u0259 kimi qiym\u0259tl\u0259ndirilib.<\/p>\n<p>U\u011furlu i\u015ftirak\u0131na g&ouml;r\u0259 h\u0259rbi qulluq&ccedil;ular\u0131m\u0131za Alyans\u0131n s\u0259lahiyy\u0259tli n&uuml;may\u0259nd\u0259si t\u0259r\u0259find\u0259n &quot;D&ouml;y&uuml;\u015f\u0259 haz\u0131r&quot; sertifikat\u0131 t\u0259qdim edilib.<\/p>\n","protected":false},"excerpt":{"rendered":"<p>Bel&ccedil;ika Krall\u0131\u011f\u0131n\u0131n Mons \u015f\u0259h\u0259rind\u0259 NATO-nun \u018fm\u0259liyyat \u0130mkanlar\u0131 Konsepsiyas\u0131 (\u018f\u0130K) proqram\u0131 &ccedil;\u0259r&ccedil;iv\u0259sind\u0259 illik konfrans ke&ccedil;irilib. M&uuml;dafi\u0259 Nazirliyind\u0259n&nbsp;Ucnoqta.az-a veril\u0259n m\u0259lumata g&ouml;r\u0259, NATO-nun m&uuml;xt\u0259lif q\u0259rargahlar\u0131ndan olan n&uuml;may\u0259nd\u0259l\u0259rin, el\u0259c\u0259 d\u0259 Az\u0259rbaycan Ordusunun h\u0259rbi qulluq&ccedil;ular\u0131n\u0131n&hellip;<\/p>\n","protected":false},"author":1,"featured_media":251278,"comment_status":"open","ping_status":"open","sticky":false,"template":"","format":"standard","meta":{"_lmt_disableupdate":"","_lmt_disable":"","footnotes":""},"categories":[],"tags":[],"class_list":["post-161806","post","type-post","status-publish","format-standard","has-post-thumbnail","hentry"],"_links":{"self":[{"href":"https:\/\/ucnoqta.az\/index.php?rest_route=\/wp\/v2\/posts\/161806","targetHints":{"allow":["GET"]}}],"collection":[{"href":"https:\/\/ucnoqta.az\/index.php?rest_route=\/wp\/v2\/posts"}],"about":[{"href":"https:\/\/ucnoqta.az\/index.php?rest_route=\/wp\/v2\/types\/post"}],"author":[{"embeddable":true,"href":"https:\/\/ucnoqta.az\/index.php?rest_route=\/wp\/v2\/users\/1"}],"replies":[{"embeddable":true,"href":"https:\/\/ucnoqta.az\/index.php?rest_route=%2Fwp%2Fv2%2Fcomments&post=161806"}],"version-history":[{"count":0,"href":"https:\/\/ucnoqta.az\/index.php?rest_route=\/wp\/v2\/posts\/161806\/revisions"}],"wp:featuredmedia":[{"embeddable":true,"href":"https:\/\/ucnoqta.az\/index.php?rest_route=\/wp\/v2\/media\/251278"}],"wp:attachment":[{"href":"https:\/\/ucnoqta.az\/index.php?rest_route=%2Fwp%2Fv2%2Fmedia&parent=161806"}],"wp:term":[{"taxonomy":"category","embeddable":true,"href":"https:\/\/ucnoqta.az\/index.php?rest_route=%2Fwp%2Fv2%2Fcategories&post=161806"},{"taxonomy":"post_tag","embeddable":true,"href":"https:\/\/ucnoqta.az\/index.php?rest_route=%2Fwp%2Fv2%2Ftags&post=161806"}],"curies":[{"name":"wp","href":"https:\/\/api.w.org\/{rel}","templated":true}]}}