{"id":161805,"date":"2022-11-03T13:48:25","date_gmt":"2022-11-03T09:48:25","guid":{"rendered":""},"modified":"-0001-11-30T00:00:00","modified_gmt":"-0001-11-29T20:00:00","slug":"","status":"publish","type":"post","link":"https:\/\/ucnoqta.az\/?p=161805","title":{"rendered":"F\u00f6vq\u0259lad\u0259 v\u0259ziyy\u0259tin t\u0259tbiq edildiyi \u0259razid\u0259 x\u00fcsusi idar\u0259etm\u0259 orqan\u0131 yarad\u0131lacaq"},"content":{"rendered":"<p><strong>F&ouml;vq\u0259lad\u0259 v\u0259ziyy\u0259tin t\u0259tbiq edildiyi \u0259razid\u0259 yarad\u0131lan m\u0259rk\u0259zi idar\u0259etm\u0259 orqan\u0131&nbsp;f&ouml;vq\u0259lad\u0259 v\u0259ziyy\u0259tin t\u0259tbiq edilm\u0259sin\u0259 s\u0259b\u0259b olmu\u015f \u015f\u0259raitin aradan qald\u0131r\u0131lmas\u0131 il\u0259 ba\u011fl\u0131 i\u015fl\u0259ri \u0259laq\u0259l\u0259ndirm\u0259kd\u0259n &ouml;tr&uuml;, habel\u0259 f&ouml;vq\u0259lad\u0259 v\u0259ziyy\u0259tin t\u0259tbiq edildiyi \u0259razinin m&uuml;v\u0259qq\u0259ti x&uuml;susi idar\u0259etm\u0259 orqan\u0131 &ouml;z funksiyalar\u0131n\u0131 laz\u0131m\u0131nca yerin\u0259 yetir\u0259 bilm\u0259diyi halda Az\u0259rbaycan Respublikas\u0131n\u0131n Prezidenti t\u0259r\u0259find\u0259n f&ouml;vq\u0259lad\u0259 v\u0259ziyy\u0259tin t\u0259tbiq edildiyi \u0259razid\u0259 yarad\u0131lan x&uuml;susi idar\u0259etm\u0259 orqan\u0131d\u0131r.<\/strong><\/p>\n<p>Ucnoqta.az x\u0259b\u0259r verir ki, bu, Prezident \u0130lham \u018fliyevin bu g&uuml;n imzalad\u0131\u011f\u0131 f\u0259rmanla t\u0259sdiql\u0259n\u0259n &ldquo;F&ouml;vq\u0259lad\u0259 v\u0259ziyy\u0259tin t\u0259tbiq edildiyi \u0259razid\u0259 yarad\u0131lan m\u0259rk\u0259zi idar\u0259etm\u0259 orqan\u0131 haqq\u0131nda \u018fsasnam\u0259&rdquo;d\u0259 \u0259ksini tap\u0131b.<\/p>\n<p>M\u0259rk\u0259zi idar\u0259etm\u0259 orqan\u0131n\u0131n yarad\u0131lmas\u0131 il\u0259 f&ouml;vq\u0259lad\u0259 v\u0259ziyy\u0259tin t\u0259tbiq edildiyi \u0259razid\u0259 f\u0259aliyy\u0259t g&ouml;st\u0259r\u0259n m&uuml;v\u0259qq\u0259ti x&uuml;susi idar\u0259etm\u0259 orqan\u0131 &ouml;z f\u0259aliyy\u0259tini dayand\u0131r\u0131r. H\u0259m&ccedil;inin yerli icra hakimiyy\u0259ti orqanlar\u0131n\u0131n v\u0259 yerli &ouml;z&uuml;n&uuml;idar\u0259 orqanlar\u0131n\u0131n s\u0259lahiyy\u0259tl\u0259rinin h\u0259yata ke&ccedil;irilm\u0259si d\u0259 dayand\u0131r\u0131l\u0131r v\u0259 onlar\u0131n funksiyalar\u0131 m\u0259rk\u0259zi idar\u0259etm\u0259 orqan\u0131 t\u0259r\u0259find\u0259n h\u0259yata ke&ccedil;irilir. M\u0259rk\u0259zi idar\u0259etm\u0259 orqan\u0131 f&ouml;vq\u0259lad\u0259 v\u0259ziyy\u0259tin t\u0259tbiq edildiyi \u0259razid\u0259, bu m&uuml;mk&uuml;n olmad\u0131qda is\u0259 yax\u0131n \u0259razid\u0259 yerl\u0259\u015fir. M\u0259rk\u0259zi idar\u0259etm\u0259 orqan\u0131n\u0131n f\u0259aliyy\u0259tinin maliyy\u0259l\u0259\u015fdirilm\u0259si Az\u0259rbaycan Respublikas\u0131 d&ouml;vl\u0259t b&uuml;dc\u0259sinin v\u0259saiti hesab\u0131na h\u0259yata ke&ccedil;irilir.<\/p>\n<p>M\u0259rk\u0259zi idar\u0259etm\u0259 orqan\u0131n\u0131n f\u0259aliyy\u0259t istiqam\u0259tl\u0259ri a\u015fa\u011f\u0131dak\u0131lard\u0131r:<\/p>\n<p>&#8211; f&ouml;vq\u0259lad\u0259 v\u0259ziyy\u0259tin t\u0259tbiq edilm\u0259sin\u0259 s\u0259b\u0259b olmu\u015f \u015f\u0259raitin aradan qald\u0131r\u0131lmas\u0131 il\u0259 ba\u011fl\u0131 i\u015fl\u0259rin h\u0259yata ke&ccedil;irilm\u0259sin\u0259 n\u0259zar\u0259t etm\u0259k v\u0259 bu i\u015fl\u0259ri \u0259laq\u0259l\u0259ndirm\u0259k;<\/p>\n<p>&#8211; f\u0259aliyy\u0259ti dayand\u0131r\u0131lm\u0131\u015f yerli icra hakimiyy\u0259ti orqanlar\u0131n\u0131n v\u0259 yerli &ouml;z&uuml;n&uuml;idar\u0259 orqanlar\u0131n\u0131n funksiyalar\u0131n\u0131 h\u0259yata ke&ccedil;irm\u0259k;<\/p>\n<p>&#8211; f&ouml;vq\u0259lad\u0259 v\u0259ziyy\u0259tin t\u0259tbiq edildiyi \u0259razinin komendantl\u0131\u011f\u0131n\u0131n f\u0259aliyy\u0259tini t\u0259\u015fkil etm\u0259k;<\/p>\n<p>&#8211; Az\u0259rbaycan Respublikas\u0131 Prezidentinin m&uuml;\u0259yy\u0259n etdiyi dig\u0259r istiqam\u0259tl\u0259rd\u0259 f\u0259aliyy\u0259t g&ouml;st\u0259rm\u0259k.<\/p>\n<p>M\u0259rk\u0259zi idar\u0259etm\u0259 orqan\u0131 a\u015fa\u011f\u0131dak\u0131 v\u0259zif\u0259l\u0259ri yerin\u0259 yetirir:<\/p>\n<p>&#8211; f&ouml;vq\u0259lad\u0259 v\u0259ziyy\u0259tin t\u0259tbiq edilm\u0259sin\u0259 s\u0259b\u0259b olmu\u015f hallar\u0131n aradan qald\u0131r\u0131lmas\u0131 &uuml;&ccedil;&uuml;n t\u0259dbirl\u0259r g&ouml;rm\u0259k;<\/p>\n<p>&#8211; f&ouml;vq\u0259lad\u0259 v\u0259ziyy\u0259tin t\u0259tbiqi zaman\u0131 h\u0259yata ke&ccedil;iril\u0259n t\u0259dbirl\u0259rin v\u0259 m&uuml;v\u0259qq\u0259ti m\u0259hdudiyy\u0259tl\u0259rin icras\u0131na n\u0259zar\u0259t etm\u0259k;<\/p>\n<p>&#8211; f\u0259aliyy\u0259ti dayand\u0131r\u0131lm\u0131\u015f yerli icra hakimiyy\u0259ti orqanlar\u0131n\u0131n v\u0259 yerli &ouml;z&uuml;n&uuml;idar\u0259 orqanlar\u0131n\u0131n v\u0259zif\u0259l\u0259rini yerin\u0259 yetirm\u0259k;<\/p>\n<p>&#8211; f&ouml;vq\u0259lad\u0259 v\u0259ziyy\u0259tin t\u0259tbiq edildiyi \u0259razinin komendantl\u0131\u011f\u0131n\u0131n i\u015fin\u0259 r\u0259hb\u0259rlik etm\u0259k, o c&uuml;ml\u0259d\u0259n onun s\u0259lahiyy\u0259tl\u0259rinin h\u0259yata ke&ccedil;irilm\u0259sin\u0259 n\u0259zar\u0259t etm\u0259k;<\/p>\n<p>&#8211; f&ouml;vq\u0259lad\u0259 v\u0259ziyy\u0259tin t\u0259tbiq edilm\u0259sin\u0259 s\u0259b\u0259b olmu\u015f \u015f\u0259raitin aradan qald\u0131r\u0131lmas\u0131 i\u015fl\u0259rin\u0259 c\u0259lb olunmu\u015f d&ouml;vl\u0259t orqanlar\u0131n\u0131n (qurumlar\u0131n\u0131n), h\u0259m&ccedil;inin h&uuml;quqi v\u0259 fiziki \u015f\u0259xsl\u0259rin f\u0259aliyy\u0259tinin \u0259laq\u0259l\u0259ndirilm\u0259sini h\u0259yata ke&ccedil;irm\u0259k;<\/p>\n<p>&#8211; f&ouml;vq\u0259lad\u0259 v\u0259ziyy\u0259tin t\u0259tbiq edildiyi \u0259razid\u0259 d&ouml;vl\u0259t m&uuml;hafiz\u0259si alt\u0131nda olan obyektl\u0259rin v\u0259 h\u0259yat \u0259h\u0259miyy\u0259tli infrastrukturun m&uuml;hafiz\u0259sinin g&uuml;cl\u0259ndirilm\u0259si &uuml;&ccedil;&uuml;n z\u0259ruri t\u0259dbirl\u0259ri planla\u015fd\u0131rmaq v\u0259 h\u0259yata ke&ccedil;irm\u0259k;<\/p>\n<p>&#8211; Az\u0259rbaycan Respublikas\u0131n\u0131n Prezidenti t\u0259r\u0259find\u0259n m&uuml;vafiq s\u0259lahiyy\u0259tl\u0259r verildiyi halda, f&ouml;vq\u0259lad\u0259 v\u0259ziyy\u0259tin q&uuml;vv\u0259d\u0259 oldu\u011fu m&uuml;dd\u0259td\u0259 f&ouml;vq\u0259lad\u0259 v\u0259ziyy\u0259tin t\u0259tbiq edildiyi \u0259razid\u0259 yerl\u0259\u015f\u0259n h\u0259yat t\u0259minat\u0131 obyektl\u0259rin\u0259, sosial sah\u0259y\u0259 v\u0259 m\u0259nzil fondu obyektl\u0259rinin b\u0259rpas\u0131na y&ouml;n\u0259ldil\u0259n b&uuml;dc\u0259 ay\u0131rmalar\u0131na m&uuml;\u0259yy\u0259n olunmu\u015f qaydada s\u0259r\u0259ncam verm\u0259k;<\/p>\n<p>&#8211; Qanunla v\u0259 Az\u0259rbaycan Respublikas\u0131 Prezidentinin aktlar\u0131 il\u0259 m&uuml;\u0259yy\u0259n edilmi\u015f dig\u0259r v\u0259zif\u0259l\u0259ri yerin\u0259 yetirm\u0259k.<\/p>\n<p>M\u0259rk\u0259zi idar\u0259etm\u0259 orqan\u0131 f&ouml;vq\u0259lad\u0259 v\u0259ziyy\u0259tin t\u0259tbiq edilm\u0259 s\u0259b\u0259bi n\u0259z\u0259r\u0259 al\u0131nmaqla aidiyy\u0259ti d&ouml;vl\u0259t orqanlar\u0131n\u0131n (qurumlar\u0131n\u0131n) v\u0259 yerli &ouml;z&uuml;n&uuml;idar\u0259 orqanlar\u0131n\u0131n n&uuml;may\u0259nd\u0259l\u0259rind\u0259n ibar\u0259t t\u0259rkibd\u0259 yarad\u0131l\u0131r. M\u0259rk\u0259zi idar\u0259etm\u0259 orqan\u0131n\u0131n r\u0259hb\u0259ri Az\u0259rbaycan Respublikas\u0131n\u0131n Prezidenti t\u0259r\u0259find\u0259n v\u0259zif\u0259y\u0259 t\u0259yin v\u0259 v\u0259zif\u0259d\u0259n azad olunur. M\u0259rk\u0259zi idar\u0259etm\u0259 orqan\u0131n\u0131n r\u0259hb\u0259ri ona h\u0259val\u0259 edilmi\u015f v\u0259zif\u0259l\u0259rin yerin\u0259 yetirilm\u0259si v\u0259 h&uuml;quqlar\u0131n h\u0259yata ke&ccedil;irilm\u0259si &uuml;&ccedil;&uuml;n \u015f\u0259xs\u0259n m\u0259suliyy\u0259t da\u015f\u0131y\u0131r. F&ouml;vq\u0259lad\u0259 v\u0259ziyy\u0259tin t\u0259tbiq edildiyi \u0259razinin komendantl\u0131\u011f\u0131 m\u0259rk\u0259zi idar\u0259etm\u0259 orqan\u0131n\u0131n struktur t\u0259rkibinin bir hiss\u0259si olur v\u0259 h\u0259min \u0259razinin komendant\u0131 v\u0259zif\u0259sin\u0259 g&ouml;r\u0259 m\u0259rk\u0259zi idar\u0259etm\u0259 orqan\u0131 r\u0259hb\u0259rinin birinci m&uuml;avini say\u0131l\u0131r. Dig\u0259r m&uuml;avinl\u0259r Az\u0259rbaycan Respublikas\u0131n\u0131n Prezidenti il\u0259 raz\u0131la\u015fd\u0131r\u0131lmaqla m\u0259rk\u0259zi idar\u0259etm\u0259 orqan\u0131n\u0131n r\u0259hb\u0259ri t\u0259r\u0259find\u0259n v\u0259zif\u0259y\u0259 t\u0259yin v\u0259 v\u0259zif\u0259d\u0259n azad edilirl\u0259r.<\/p>\n<p>M\u0259rk\u0259zi idar\u0259etm\u0259 orqan\u0131n\u0131n strukturu v\u0259 bu orqan\u0131n f\u0259aliyy\u0259tin\u0259 c\u0259lb olunan \u015f\u0259xsl\u0259rin say h\u0259ddi f&ouml;vq\u0259lad\u0259 v\u0259ziyy\u0259tin t\u0259tbiq edilm\u0259 s\u0259b\u0259bi v\u0259 f&ouml;vq\u0259lad\u0259 v\u0259ziyy\u0259tin t\u0259tbiq edildiyi \u0259razid\u0259 f\u0259aliyy\u0259ti dayand\u0131r\u0131lm\u0131\u015f yerli icra hakimiyy\u0259ti orqanlar\u0131n\u0131n v\u0259 yerli &ouml;z&uuml;n&uuml;idar\u0259 orqanlar\u0131n\u0131n s\u0259lahiyy\u0259tl\u0259ri n\u0259z\u0259r\u0259 al\u0131nmaqla, m&uuml;\u0259yy\u0259n edilir. M\u0259rk\u0259zi idar\u0259etm\u0259 orqan\u0131n\u0131n f\u0259aliyy\u0259tin\u0259 c\u0259lb olunan \u015f\u0259xsin \u0259sas i\u015f yeri v\u0259 orta \u0259m\u0259k haqq\u0131 saxlan\u0131l\u0131r. M\u0259rk\u0259zi idar\u0259etm\u0259 orqan\u0131 Az\u0259rbaycan Respublikas\u0131 Prezidentinin f&ouml;vq\u0259lad\u0259 v\u0259ziyy\u0259t rejimi &ccedil;\u0259r&ccedil;iv\u0259sind\u0259 m&uuml;\u0259yy\u0259n etdiyi m&uuml;dd\u0259td\u0259 f\u0259aliyy\u0259t g&ouml;st\u0259rir. M\u0259rk\u0259zi idar\u0259etm\u0259 orqan\u0131 l\u0259\u011fv edildikd\u0259n sonra onun f\u0259aliyy\u0259ti \u0259rzind\u0259 haz\u0131rlanm\u0131\u015f, \u0259ld\u0259 olunmu\u015f s\u0259n\u0259dl\u0259r v\u0259 m\u0259lumatlar m\u0259rk\u0259zi idar\u0259etm\u0259 orqan\u0131 r\u0259hb\u0259rinin t\u0259msil etdiyi d&ouml;vl\u0259t orqan\u0131nda saxlan\u0131l\u0131r.<\/p>\n<p>M\u0259rk\u0259zi idar\u0259etm\u0259 orqan\u0131 Az\u0259rbaycan Respublikas\u0131 Prezidentinin f&ouml;vq\u0259lad\u0259 v\u0259ziyy\u0259t rejimi &ccedil;\u0259r&ccedil;iv\u0259sind\u0259 m&uuml;\u0259yy\u0259n etdiyi m&uuml;dd\u0259td\u0259 f\u0259aliyy\u0259t g&ouml;st\u0259rir. M\u0259rk\u0259zi idar\u0259etm\u0259 orqan\u0131 l\u0259\u011fv edildikd\u0259n sonra onun f\u0259aliyy\u0259ti \u0259rzind\u0259 haz\u0131rlanm\u0131\u015f, \u0259ld\u0259 olunmu\u015f s\u0259n\u0259dl\u0259r v\u0259 m\u0259lumatlar m\u0259rk\u0259zi idar\u0259etm\u0259 orqan\u0131 r\u0259hb\u0259rinin t\u0259msil etdiyi d&ouml;vl\u0259t orqan\u0131nda saxlan\u0131l\u0131r.<\/p>\n","protected":false},"excerpt":{"rendered":"<p>F&ouml;vq\u0259lad\u0259 v\u0259ziyy\u0259tin t\u0259tbiq edildiyi \u0259razid\u0259 yarad\u0131lan m\u0259rk\u0259zi idar\u0259etm\u0259 orqan\u0131&nbsp;f&ouml;vq\u0259lad\u0259 v\u0259ziyy\u0259tin t\u0259tbiq edilm\u0259sin\u0259 s\u0259b\u0259b olmu\u015f \u015f\u0259raitin aradan qald\u0131r\u0131lmas\u0131 il\u0259 ba\u011fl\u0131 i\u015fl\u0259ri \u0259laq\u0259l\u0259ndirm\u0259kd\u0259n &ouml;tr&uuml;, habel\u0259 f&ouml;vq\u0259lad\u0259 v\u0259ziyy\u0259tin t\u0259tbiq edildiyi \u0259razinin m&uuml;v\u0259qq\u0259ti x&uuml;susi&hellip;<\/p>\n","protected":false},"author":1,"featured_media":251278,"comment_status":"open","ping_status":"open","sticky":false,"template":"","format":"standard","meta":{"_lmt_disableupdate":"","_lmt_disable":"","footnotes":""},"categories":[86],"tags":[],"class_list":["post-161805","post","type-post","status-publish","format-standard","has-post-thumbnail","hentry","category-siyaset"],"_links":{"self":[{"href":"https:\/\/ucnoqta.az\/index.php?rest_route=\/wp\/v2\/posts\/161805","targetHints":{"allow":["GET"]}}],"collection":[{"href":"https:\/\/ucnoqta.az\/index.php?rest_route=\/wp\/v2\/posts"}],"about":[{"href":"https:\/\/ucnoqta.az\/index.php?rest_route=\/wp\/v2\/types\/post"}],"author":[{"embeddable":true,"href":"https:\/\/ucnoqta.az\/index.php?rest_route=\/wp\/v2\/users\/1"}],"replies":[{"embeddable":true,"href":"https:\/\/ucnoqta.az\/index.php?rest_route=%2Fwp%2Fv2%2Fcomments&post=161805"}],"version-history":[{"count":0,"href":"https:\/\/ucnoqta.az\/index.php?rest_route=\/wp\/v2\/posts\/161805\/revisions"}],"wp:featuredmedia":[{"embeddable":true,"href":"https:\/\/ucnoqta.az\/index.php?rest_route=\/wp\/v2\/media\/251278"}],"wp:attachment":[{"href":"https:\/\/ucnoqta.az\/index.php?rest_route=%2Fwp%2Fv2%2Fmedia&parent=161805"}],"wp:term":[{"taxonomy":"category","embeddable":true,"href":"https:\/\/ucnoqta.az\/index.php?rest_route=%2Fwp%2Fv2%2Fcategories&post=161805"},{"taxonomy":"post_tag","embeddable":true,"href":"https:\/\/ucnoqta.az\/index.php?rest_route=%2Fwp%2Fv2%2Ftags&post=161805"}],"curies":[{"name":"wp","href":"https:\/\/api.w.org\/{rel}","templated":true}]}}