{"id":161803,"date":"2022-11-03T13:09:53","date_gmt":"2022-11-03T09:09:53","guid":{"rendered":""},"modified":"-0001-11-30T00:00:00","modified_gmt":"-0001-11-29T20:00:00","slug":"","status":"publish","type":"post","link":"https:\/\/ucnoqta.az\/?p=161803","title":{"rendered":"A\u011fdamda d\u00f6rd minadan ibar\u0259t t\u0259l\u0259-mina a\u015fkarlan\u0131b &#8211; <font color=red><b>FOTO<\/b><\/font>"},"content":{"rendered":"<p><strong>A\u011fdamda d&ouml;rd minadan ibar\u0259t t\u0259l\u0259-mina&nbsp;a\u015fkarlan\u0131b.<\/strong><\/p>\n<p>Bu bar\u0259d\u0259&nbsp;Ucnoqta.az-a Az\u0259rbaycan Minat\u0259mizl\u0259m\u0259 Agentliyinin (ANAMA) M\u0259tbuat Xidm\u0259tind\u0259n bildirilib.<\/p>\n<p>Qeyd olunub ki, Erm\u0259nistan\u0131n qura\u015fd\u0131rd\u0131\u011f\u0131 mina sah\u0259l\u0259rinin miqyas\u0131, k&uuml;tl\u0259viliyi, el\u0259c\u0259 d\u0259 y&uuml;ks\u0259k v\u0259 &ouml;l&uuml;mc&uuml;l partlay\u0131\u015f\u0131n ba\u015f verm\u0259si m\u0259qs\u0259dil\u0259 basd\u0131rd\u0131\u011f\u0131 t\u0259l\u0259-minalar\u0131 m&uuml;lki \u0259haliy\u0259 qar\u015f\u0131 y&ouml;n\u0259l\u0259n terrorun t\u0259zah&uuml;r&uuml;d&uuml;r. 2022-ci 2 noyabr tarixind\u0259 C\u0259bray\u0131l rayonunun Mehdili k\u0259ndind\u0259 ba\u015f ver\u0259n hadis\u0259 zaman\u0131 1972-ci il t\u0259v\u0259ll&uuml;dl&uuml; \u018fhm\u0259dov \u0130lqar Heyb\u0259t o\u011flu da n&ouml;vb\u0259ti mina partlay\u0131\u015f\u0131n\u0131n qurban\u0131 olub.<\/p>\n<p>ANAMA t\u0259r\u0259find\u0259n apar\u0131lan t\u0259mizl\u0259m\u0259 \u0259m\u0259liyyatlar\u0131 zaman\u0131 m&uuml;t\u0259madi olaraq t\u0259l\u0259 minalar\u0131, &ouml;l&uuml;m ehtimal\u0131n\u0131 art\u0131ran mina-s&uuml;rprizl\u0259r\u0259 rast g\u0259linir.<\/p>\n<p>Bel\u0259 ki, A\u011fdam rayonunun Orta Q\u0259rv\u0259nd k\u0259ndi \u0259razisind\u0259 apar\u0131lan t\u0259mizl\u0259m\u0259 \u0259m\u0259liyyatlar\u0131 zaman\u0131 m&uuml;lki t\u0259yinatl\u0131 \u0259razil\u0259rin \u0259traf\u0131nda bir \u0259d\u0259d tank \u0259leyhin\u0259 &ldquo;TM-62P3&rdquo; minas\u0131n\u0131n &uuml;z\u0259rin\u0259 bir \u0259d\u0259d piyada \u0259leyhin\u0259 &ldquo;PMN-2&rdquo; minas\u0131n\u0131n, el\u0259c\u0259 d\u0259 &uuml;&ccedil; \u0259d\u0259d &uuml;st-&uuml;st\u0259 yerl\u0259\u015fdiril\u0259n tank \u0259leyhin\u0259 &ldquo;TM-62P3&rdquo; minas\u0131n\u0131n &uuml;z\u0259rin\u0259 bir \u0259d\u0259d piyada \u0259leyhin\u0259 &ldquo;PMN-2&rdquo; minas\u0131n\u0131n yerl\u0259\u015fdirilm\u0259si faktlar\u0131 a\u015fkar edilib.<\/p>\n<p>Qeyd ed\u0259k ki, t\u0259rkibind\u0259 yeddi kiloqram&nbsp;partlay\u0131c\u0131 madd\u0259 olan tank \u0259leyhin\u0259 mina texnikan\u0131n s\u0131radan &ccedil;\u0131xar\u0131lmas\u0131 &uuml;&ccedil;&uuml;n n\u0259z\u0259rd\u0259 tutulub. A\u015fkar olunan tank v\u0259 piyada \u0259leyhin\u0259 minalardan ibar\u0259t &uuml;st-&uuml;st\u0259 qoyulan t\u0259l\u0259-minalar\u0131n&nbsp;partlay\u0131\u015f\u0131 n\u0259tic\u0259sind\u0259 n\u0259inki insan\u0131n sa\u011f qalma ehtimal\u0131, h\u0259tta texnikan\u0131n h\u0259r hans\u0131 bir hiss\u0259sinin yararl\u0131 halda qalmas\u0131 s\u0131f\u0131ra b\u0259rab\u0259rdir.<\/p>\n<p>&ldquo;ANAMA v\u0259t\u0259nda\u015flara bir daha m&uuml;raci\u0259t ed\u0259r\u0259k bildirir ki, t\u0259hl&uuml;k\u0259sizliyin\u0259 \u0259min olmad\u0131qlar\u0131 \u0259razil\u0259r\u0259 daxil olmas\u0131nlar, yaln\u0131z t\u0259yin olunan mar\u015frutlardan istifad\u0259 etsinl\u0259r. Rast g\u0259ldikl\u0259ri nam\u0259lum \u0259\u015fyalara toxunmaq, z\u0259rb\u0259 yetirm\u0259k v\u0259 ya m&uuml;daxil\u0259 etm\u0259k q\u0259ti qada\u011fand\u0131r!&rdquo;&nbsp;&#8211; m\u0259lumatda qeyd olunub.<\/p>\n","protected":false},"excerpt":{"rendered":"<p>A\u011fdamda d&ouml;rd minadan ibar\u0259t t\u0259l\u0259-mina&nbsp;a\u015fkarlan\u0131b. Bu bar\u0259d\u0259&nbsp;Ucnoqta.az-a Az\u0259rbaycan Minat\u0259mizl\u0259m\u0259 Agentliyinin (ANAMA) M\u0259tbuat Xidm\u0259tind\u0259n bildirilib. Qeyd olunub ki, Erm\u0259nistan\u0131n qura\u015fd\u0131rd\u0131\u011f\u0131 mina sah\u0259l\u0259rinin miqyas\u0131, k&uuml;tl\u0259viliyi, el\u0259c\u0259 d\u0259 y&uuml;ks\u0259k v\u0259 &ouml;l&uuml;mc&uuml;l partlay\u0131\u015f\u0131n ba\u015f&hellip;<\/p>\n","protected":false},"author":1,"featured_media":251278,"comment_status":"open","ping_status":"open","sticky":false,"template":"","format":"standard","meta":{"_lmt_disableupdate":"","_lmt_disable":"","footnotes":""},"categories":[],"tags":[],"class_list":["post-161803","post","type-post","status-publish","format-standard","has-post-thumbnail","hentry"],"_links":{"self":[{"href":"https:\/\/ucnoqta.az\/index.php?rest_route=\/wp\/v2\/posts\/161803","targetHints":{"allow":["GET"]}}],"collection":[{"href":"https:\/\/ucnoqta.az\/index.php?rest_route=\/wp\/v2\/posts"}],"about":[{"href":"https:\/\/ucnoqta.az\/index.php?rest_route=\/wp\/v2\/types\/post"}],"author":[{"embeddable":true,"href":"https:\/\/ucnoqta.az\/index.php?rest_route=\/wp\/v2\/users\/1"}],"replies":[{"embeddable":true,"href":"https:\/\/ucnoqta.az\/index.php?rest_route=%2Fwp%2Fv2%2Fcomments&post=161803"}],"version-history":[{"count":0,"href":"https:\/\/ucnoqta.az\/index.php?rest_route=\/wp\/v2\/posts\/161803\/revisions"}],"wp:featuredmedia":[{"embeddable":true,"href":"https:\/\/ucnoqta.az\/index.php?rest_route=\/wp\/v2\/media\/251278"}],"wp:attachment":[{"href":"https:\/\/ucnoqta.az\/index.php?rest_route=%2Fwp%2Fv2%2Fmedia&parent=161803"}],"wp:term":[{"taxonomy":"category","embeddable":true,"href":"https:\/\/ucnoqta.az\/index.php?rest_route=%2Fwp%2Fv2%2Fcategories&post=161803"},{"taxonomy":"post_tag","embeddable":true,"href":"https:\/\/ucnoqta.az\/index.php?rest_route=%2Fwp%2Fv2%2Ftags&post=161803"}],"curies":[{"name":"wp","href":"https:\/\/api.w.org\/{rel}","templated":true}]}}