{"id":161796,"date":"2022-11-03T11:50:52","date_gmt":"2022-11-03T07:50:52","guid":{"rendered":""},"modified":"-0001-11-30T00:00:00","modified_gmt":"-0001-11-29T20:00:00","slug":"","status":"publish","type":"post","link":"https:\/\/ucnoqta.az\/?p=161796","title":{"rendered":"G\u0259l\u0259n il m\u00fcavin\u0259tl\u0259r, pensiyalar <font color=red><b>ARTIRILACAQ<\/b><\/font>"},"content":{"rendered":"<p><strong>Milli M\u0259clisin \u0130qtisadi siyas\u0259t, s\u0259naye v\u0259 sahibkarl\u0131q komit\u0259sinin iclas\u0131nda maliyy\u0259 naziri Samir \u015e\u0259rifov 2023-c&uuml; ilin d&ouml;vl\u0259t b&uuml;dc\u0259si layih\u0259si haqq\u0131nda m\u0259lumat verib.&nbsp;<\/strong><\/p>\n<p>Ucnoqta.az x\u0259b\u0259r verir ki, nazir bildirib ki, layih\u0259d\u0259 2023-c&uuml; il &uuml;&ccedil;&uuml;n d&ouml;vl\u0259t b&uuml;dc\u0259sinin g\u0259lirl\u0259ri 30,7 milyard manat proqnozla\u015fd\u0131r\u0131l\u0131r. Bu da &ouml;lk\u0259 tarixinin \u0259n y&uuml;ks\u0259k g&ouml;st\u0259ricisi olmaqla, 2022-ci ill\u0259 m&uuml;qayis\u0259d\u0259 5,2 faiz, 2021-ci ill\u0259 m&uuml;qayis\u0259d\u0259 is\u0259 16,4 faiz &ccedil;oxdur.<\/p>\n<p>2023-c&uuml; ild\u0259 d&ouml;vl\u0259t b&uuml;dc\u0259sinin x\u0259rcl\u0259ri 33,3 milyard manat proqnozla\u015fd\u0131r\u0131l\u0131r ki, bu da 2022-ci ill\u0259 m&uuml;qayis\u0259d\u0259 1 milyard manat, 2021-ci ill\u0259 m&uuml;qayis\u0259d\u0259 is\u0259 5,9 milyard manat &ccedil;oxdur. 2023-c&uuml; ilin d&ouml;vl\u0259t b&uuml;dc\u0259sinin g\u0259lirl\u0259ri kimi x\u0259rcl\u0259ri d\u0259 &ouml;lk\u0259 tarixinin \u0259n y&uuml;ks\u0259k g&ouml;st\u0259ricisidir.<\/p>\n<p>Nazir qeyd edib ki, i\u015f\u011faldan azad edilmi\u015f \u0259razil\u0259rin b\u0259rpas\u0131 v\u0259 b&ouml;y&uuml;k qay\u0131d\u0131\u015f plan\u0131n\u0131n t\u0259min etdirilm\u0259si 2023-c&uuml; ilin d&ouml;vl\u0259t b&uuml;dc\u0259sinin layih\u0259sind\u0259 \u0259sas istiqam\u0259tl\u0259rd\u0259ndir.<\/p>\n<p>&ldquo;Bu istiqam\u0259td\u0259 d&ouml;vl\u0259t b&uuml;dc\u0259sind\u0259n v\u0259sait ayr\u0131lmas\u0131nda ilb\u0259il art\u0131m m&uuml;\u015fahid\u0259 olunur. 2023-c&uuml; ild\u0259 i\u015f\u011faldan azad edilmi\u015f \u0259razil\u0259rin b\u0259rpas\u0131 &uuml;&ccedil;&uuml;n 3 milyard manat v\u0259sait n\u0259z\u0259rd\u0259 tutulur. Bu da 2022-ci ill\u0259 m&uuml;qayis\u0259d\u0259 12,4 faiz, 2021-ci ill\u0259 m&uuml;qayis\u0259d\u0259 is\u0259 37,7 faiz &ccedil;oxdur. Bundan ba\u015fqa, &ouml;lk\u0259nin m&uuml;dafi\u0259 qabiliyy\u0259tinin g&uuml;cl\u0259ndirilm\u0259si v\u0259 milli t\u0259hl&uuml;k\u0259sizliyinin t\u0259min edilm\u0259si d&ouml;vl\u0259t b&uuml;dc\u0259sinin \u0259sas prioritet x\u0259rci olaraq qalmaqdad\u0131r. 2023-c&uuml; ilin d&ouml;vl\u0259t b&uuml;dc\u0259sind\u0259 bu m\u0259qs\u0259dl\u0259 5,3 milyard v\u0259sait n\u0259z\u0259rd\u0259 tutulub ki, bu da 2021-ci ill\u0259 m&uuml;qayis\u0259d\u0259 17,1 faiz &ccedil;oxdur&rdquo;, &#8211; dey\u0259 o \u0259lav\u0259 edib.<\/p>\n<p>Bildir\u0259k ki, \u0259vv\u0259lki ill\u0259rd\u0259 oldu\u011fu kimi, 2023-c&uuml; ilin d&ouml;vl\u0259t b&uuml;dc\u0259si d\u0259 sosialy&ouml;n&uuml;ml&uuml; olaraq proqnozla\u015fd\u0131r\u0131l\u0131b. 2023-c&uuml; ild\u0259 bu m\u0259qs\u0259dl\u0259 15,2 milyard manat v\u0259sait n\u0259z\u0259rd\u0259 tutulur ki, bu da 2022-ci ill\u0259 m&uuml;qayis\u0259d\u0259 1,3 milyard manat v\u0259 ya 9,3 faiz &ccedil;oxdur.<\/p>\n<p>N&ouml;vb\u0259ti ild\u0259 ehtiyac meyar\u0131n\u0131n h\u0259ddi 2022-ci ill\u0259 m&uuml;qayis\u0259d\u0259 23 faiz artaraq 246 manat n\u0259z\u0259rd\u0259 tutulur. Bununla da 2023-c&uuml; ild\u0259 &ouml;lk\u0259 &uuml;zr\u0259 ya\u015fay\u0131\u015f minimumu v\u0259 ehtiyac meyar\u0131n\u0131n h\u0259dl\u0259ri b\u0259rab\u0259rl\u0259\u015fmi\u015f olacaq.<\/p>\n<p>Nazirin s&ouml;zl\u0259rin\u0259 g&ouml;r\u0259, 2023-c&uuml; ild\u0259 m&uuml;avin\u0259tl\u0259rin, pensiyalar\u0131n art\u0131r\u0131lmas\u0131 &uuml;&ccedil;&uuml;n 2 milyard 598 milyon manat n\u0259z\u0259rd\u0259 tutulur.<\/p>\n<p>N&ouml;vb\u0259ti ild\u0259 ehtiyac meyar\u0131n\u0131n h\u0259ddi 2022-ci ill\u0259 m&uuml;qayis\u0259d\u0259 23 faiz artaraq 246 manat n\u0259z\u0259rd\u0259 tutulur. Bununla da 2023-c&uuml; ild\u0259 &ouml;lk\u0259 &uuml;zr\u0259 ya\u015fay\u0131\u015f minimumu v\u0259 ehtiyac meyar\u0131n\u0131n h\u0259dl\u0259ri b\u0259rab\u0259rl\u0259\u015fmi\u015f olacaq. \/\/\/oxu.az<\/p>\n","protected":false},"excerpt":{"rendered":"<p>Milli M\u0259clisin \u0130qtisadi siyas\u0259t, s\u0259naye v\u0259 sahibkarl\u0131q komit\u0259sinin iclas\u0131nda maliyy\u0259 naziri Samir \u015e\u0259rifov 2023-c&uuml; ilin d&ouml;vl\u0259t b&uuml;dc\u0259si layih\u0259si haqq\u0131nda m\u0259lumat verib.&nbsp; Ucnoqta.az x\u0259b\u0259r verir ki, nazir bildirib ki, layih\u0259d\u0259 2023-c&uuml;&hellip;<\/p>\n","protected":false},"author":1,"featured_media":251278,"comment_status":"open","ping_status":"open","sticky":false,"template":"","format":"standard","meta":{"_lmt_disableupdate":"","_lmt_disable":"","footnotes":""},"categories":[101],"tags":[],"class_list":["post-161796","post","type-post","status-publish","format-standard","has-post-thumbnail","hentry","category-cemiyyet"],"_links":{"self":[{"href":"https:\/\/ucnoqta.az\/index.php?rest_route=\/wp\/v2\/posts\/161796","targetHints":{"allow":["GET"]}}],"collection":[{"href":"https:\/\/ucnoqta.az\/index.php?rest_route=\/wp\/v2\/posts"}],"about":[{"href":"https:\/\/ucnoqta.az\/index.php?rest_route=\/wp\/v2\/types\/post"}],"author":[{"embeddable":true,"href":"https:\/\/ucnoqta.az\/index.php?rest_route=\/wp\/v2\/users\/1"}],"replies":[{"embeddable":true,"href":"https:\/\/ucnoqta.az\/index.php?rest_route=%2Fwp%2Fv2%2Fcomments&post=161796"}],"version-history":[{"count":0,"href":"https:\/\/ucnoqta.az\/index.php?rest_route=\/wp\/v2\/posts\/161796\/revisions"}],"wp:featuredmedia":[{"embeddable":true,"href":"https:\/\/ucnoqta.az\/index.php?rest_route=\/wp\/v2\/media\/251278"}],"wp:attachment":[{"href":"https:\/\/ucnoqta.az\/index.php?rest_route=%2Fwp%2Fv2%2Fmedia&parent=161796"}],"wp:term":[{"taxonomy":"category","embeddable":true,"href":"https:\/\/ucnoqta.az\/index.php?rest_route=%2Fwp%2Fv2%2Fcategories&post=161796"},{"taxonomy":"post_tag","embeddable":true,"href":"https:\/\/ucnoqta.az\/index.php?rest_route=%2Fwp%2Fv2%2Ftags&post=161796"}],"curies":[{"name":"wp","href":"https:\/\/api.w.org\/{rel}","templated":true}]}}