{"id":161787,"date":"2022-11-03T10:24:01","date_gmt":"2022-11-03T06:24:01","guid":{"rendered":""},"modified":"-0001-11-30T00:00:00","modified_gmt":"-0001-11-29T20:00:00","slug":"","status":"publish","type":"post","link":"https:\/\/ucnoqta.az\/?p=161787","title":{"rendered":"Prezident \u0130lham \u018fliyev iki \u0259d\u0259d &#8220;TOGG&#8221; ist\u0259di &#8211; <font color=red><b>\u018frdo\u011fan<\/b><\/font>"},"content":{"rendered":"<p><strong>Az\u0259rbaycan Prezidenti \u0130lham \u018fliyevl\u0259 telefon dan\u0131\u015f\u0131\u011f\u0131m\u0131z ba\u015f tutdu. Prezident \u0130lham \u018fliyev iki \u0259d\u0259d &quot;TOGG&quot; ist\u0259di.<\/strong><\/p>\n<p>Ucnoqta.az x\u0259b\u0259r verir ki, bu bar\u0259d\u0259 T&uuml;rkiy\u0259 Prezidenti R\u0259c\u0259b Tayyib \u018frdo\u011fan &quot;A Haber&quot;\u0259 m&uuml;sahib\u0259sind\u0259 bildirib.<\/p>\n<p>T&uuml;rkiy\u0259 liderinin s&ouml;zl\u0259rin\u0259 g&ouml;r\u0259, Prezident \u0130lham \u018fliyev avtomobill\u0259rd\u0259n birini xidm\u0259ti ma\u015f\u0131n kimi istifad\u0259 ed\u0259c\u0259yini bildirib v\u0259 h\u0259l\u0259lik r\u0259ng se&ccedil;imi etm\u0259yib.<\/p>\n<p>Qeyd ed\u0259k ki, &ouml;t\u0259n g&uuml;n Az\u0259rbaycan v\u0259 T&uuml;rkiy\u0259 prezidentl\u0259rinin telefon dan\u0131\u015f\u0131\u011f\u0131 olub. Prezident \u0130lham \u018fliyev T&uuml;rkiy\u0259nin mobillik sah\u0259sind\u0259 xidm\u0259t g&ouml;st\u0259r\u0259n qlobal texnologiya markas\u0131 &ldquo;Togg&rdquo;un k&uuml;tl\u0259vi istehsala ba\u015flan\u0131lmas\u0131 m&uuml;nasib\u0259til\u0259 t\u0259brikl\u0259rini &ccedil;atd\u0131r\u0131b.<\/p>\n<p>Az\u0259rbaycan Prezidenti bunu T&uuml;rkiy\u0259 s\u0259nayesinin yeni u\u011furu kimi d\u0259y\u0259rl\u0259ndirib.\/\/\/Apa<\/p>\n","protected":false},"excerpt":{"rendered":"<p>Az\u0259rbaycan Prezidenti \u0130lham \u018fliyevl\u0259 telefon dan\u0131\u015f\u0131\u011f\u0131m\u0131z ba\u015f tutdu. Prezident \u0130lham \u018fliyev iki \u0259d\u0259d &quot;TOGG&quot; ist\u0259di. Ucnoqta.az x\u0259b\u0259r verir ki, bu bar\u0259d\u0259 T&uuml;rkiy\u0259 Prezidenti R\u0259c\u0259b Tayyib \u018frdo\u011fan &quot;A Haber&quot;\u0259 m&uuml;sahib\u0259sind\u0259 bildirib.&hellip;<\/p>\n","protected":false},"author":1,"featured_media":251278,"comment_status":"open","ping_status":"open","sticky":false,"template":"","format":"standard","meta":{"_lmt_disableupdate":"","_lmt_disable":"","footnotes":""},"categories":[],"tags":[],"class_list":["post-161787","post","type-post","status-publish","format-standard","has-post-thumbnail","hentry"],"_links":{"self":[{"href":"https:\/\/ucnoqta.az\/index.php?rest_route=\/wp\/v2\/posts\/161787","targetHints":{"allow":["GET"]}}],"collection":[{"href":"https:\/\/ucnoqta.az\/index.php?rest_route=\/wp\/v2\/posts"}],"about":[{"href":"https:\/\/ucnoqta.az\/index.php?rest_route=\/wp\/v2\/types\/post"}],"author":[{"embeddable":true,"href":"https:\/\/ucnoqta.az\/index.php?rest_route=\/wp\/v2\/users\/1"}],"replies":[{"embeddable":true,"href":"https:\/\/ucnoqta.az\/index.php?rest_route=%2Fwp%2Fv2%2Fcomments&post=161787"}],"version-history":[{"count":0,"href":"https:\/\/ucnoqta.az\/index.php?rest_route=\/wp\/v2\/posts\/161787\/revisions"}],"wp:featuredmedia":[{"embeddable":true,"href":"https:\/\/ucnoqta.az\/index.php?rest_route=\/wp\/v2\/media\/251278"}],"wp:attachment":[{"href":"https:\/\/ucnoqta.az\/index.php?rest_route=%2Fwp%2Fv2%2Fmedia&parent=161787"}],"wp:term":[{"taxonomy":"category","embeddable":true,"href":"https:\/\/ucnoqta.az\/index.php?rest_route=%2Fwp%2Fv2%2Fcategories&post=161787"},{"taxonomy":"post_tag","embeddable":true,"href":"https:\/\/ucnoqta.az\/index.php?rest_route=%2Fwp%2Fv2%2Ftags&post=161787"}],"curies":[{"name":"wp","href":"https:\/\/api.w.org\/{rel}","templated":true}]}}